{"id":579084,"date":"2025-12-05T04:33:19","date_gmt":"2025-12-05T04:33:19","guid":{"rendered":"https:\/\/www.europesays.com\/fr\/579084\/"},"modified":"2025-12-05T04:33:19","modified_gmt":"2025-12-05T04:33:19","slug":"joe-jonas-stade-francais-vers-lusap-un-echange-immediat-avec-alivereti-duguivalu-est-en-discussions","status":"publish","type":"post","link":"https:\/\/www.europesays.com\/fr\/579084\/","title":{"rendered":"Joe Jonas (Stade Fran\u00e7ais) vers l\u2019USAP ? Un \u00e9change imm\u00e9diat avec Alivereti Duguivalu est en discussions"},"content":{"rendered":"<p style=\"text-align: justify;\"><strong>TRANSFERTS RUGBY \u2013 Selon le Midi Olympique, l\u2019arri\u00e8re Joe Jonas (Stade Fran\u00e7ais) pourrait partir vers l\u2019USAP, en \u00e9change d\u2019Alivereti Duguivalu, qui s\u2019est d\u2019ores et d\u00e9j\u00e0 engag\u00e9 en vue des prochaines saisons.<\/strong><\/p>\n<p style=\"text-align: justify;\">Une nouvelle recrue pour l\u2019<strong>USAP<\/strong> ? Les Catalans, dans l\u2019urgence en Top 14 et derniers avec un point inscrit en onze matchs, continuent de s\u2019activer sur le march\u00e9 des transferts. Une volont\u00e9 de se renforcer qui perdure. Selon les informations de nos confr\u00e8res du Midi Olympique, dans leur \u00e9dition de ce jeudi, l\u2019USAP lorgne sur <strong>Joe Jonas<\/strong> (Stade Fran\u00e7ais).<\/p>\n<p style=\"text-align: justify;\">Un \u00e9change avec l\u2019ailier\/centre <strong>Alivereti Duguivalu<\/strong> est dans les tuyaux, toujours selon le Midol, dans le cadre d\u2019un transfert imm\u00e9diat entre les deux clubs. Ce dernier a disput\u00e9 sept des onze matchs de son \u00e9quipe, dont cinq comme titulaire. Il n\u2019a toujours pas marqu\u00e9 le moindre essai depuis le d\u00e9but de la saison, confirmant sa forme moins \u00e9clatante que lors de l\u2019exercice pr\u00e9c\u00e9dent.<\/p>\n<p>Joe Jonas en perte de vitesse<\/p>\n<p style=\"text-align: justify;\">Un \u00e9change avec l\u2019arri\u00e8re parisien pourrait relancer les deux joueurs. L\u2019arri\u00e8re sud-africain n\u2019a en effet disput\u00e9 que cinq matchs depuis le d\u00e9but de la saison, dont seulement trois comme titulaire, devanc\u00e9 par l\u2019international <strong>L\u00e9o Barr\u00e9<\/strong>. Arriv\u00e9 en 2024 dans la Capitale, en provenance de Biarritz, le joueur de 24 ans \u00e9tait pourtant un \u00e9l\u00e9ment important du Stade Fran\u00e7ais la saison pass\u00e9e.<\/p>\n<p style=\"text-align: justify;\">Une saison gal\u00e8re, lors de laquelle le <strong>Stade Fran\u00e7ais<\/strong> avait arrach\u00e9 son maintien lors de la derni\u00e8re journ\u00e9e. Mais une saison o\u00f9 il avait tout de m\u00eame \u00e9t\u00e9 titulaire \u00e0 dix reprises en quinze matchs de Top 14.<\/p>\n<p>\u00c0 lire aussi<br \/>\n<a href=\"https:\/\/dicodusport.fr\/blog\/tf1-en-passe-de-recuperer-des-matchs-du-tournoi-des-6-nations-2026\/\" class=\"vlp-link\" title=\"TF1 en passe de r\u00e9cup\u00e9rer des matchs du Tournoi des 6 Nations 2026 ?\" target=\"_blank\" rel=\"noopener\"><img loading=\"lazy\" decoding=\"async\" style=\"max-width: 792px;\" width=\"792\" height=\"445\" class=\"attachment-800x445 size-800x445 perfmatters-lazy\" alt=\"TF1 en passe de r\u00e9cup\u00e9rer des matchs du Tournoi des 6 Nations 2026\" src=\"https:\/\/www.europesays.com\/fr\/wp-content\/uploads\/2025\/12\/TF1-en-passe-de-recuperer-des-matchs-du-Tournoi-des-6-Nations-2026-.png\"  data-\/><\/p>\n<p>TF1 en passe de r\u00e9cup\u00e9rer des matchs du Tournoi des 6 Nations 2026 ?<\/p>\n<p>France T\u00e9l\u00e9visions va mettre en vente des matchs du Tournoi, dont certains des Bleus. TF1 \u00e0 l\u2019aff\u00fbt ?<\/p>\n<p>Lire l&rsquo;article<\/p>\n<p>dicodusport.fr<\/p>\n","protected":false},"excerpt":{"rendered":"TRANSFERTS RUGBY \u2013 Selon le Midi Olympique, l\u2019arri\u00e8re Joe Jonas (Stade Fran\u00e7ais) pourrait partir vers l\u2019USAP, en \u00e9change&hellip;\n","protected":false},"author":2,"featured_media":579085,"comment_status":"","ping_status":"","sticky":false,"template":"","format":"standard","meta":{"footnotes":""},"categories":[1416],"tags":[2113,1011,27,479,1468,60,2558,478,477,14988],"class_list":{"0":"post-579084","1":"post","2":"type-post","3":"status-publish","4":"format-standard","5":"has-post-thumbnail","7":"category-rugby","8":"tag-breve","9":"tag-fr","10":"tag-france","11":"tag-rugby","12":"tag-rugby-football","13":"tag-sports","14":"tag-stade-francais","15":"tag-top-14","16":"tag-transferts-rugby","17":"tag-usap"},"share_on_mastodon":{"url":"https:\/\/pubeurope.com\/@fr\/115665096751933320","error":""},"_links":{"self":[{"href":"https:\/\/www.europesays.com\/fr\/wp-json\/wp\/v2\/posts\/579084","targetHints":{"allow":["GET"]}}],"collection":[{"href":"https:\/\/www.europesays.com\/fr\/wp-json\/wp\/v2\/posts"}],"about":[{"href":"https:\/\/www.europesays.com\/fr\/wp-json\/wp\/v2\/types\/post"}],"author":[{"embeddable":true,"href":"https:\/\/www.europesays.com\/fr\/wp-json\/wp\/v2\/users\/2"}],"replies":[{"embeddable":true,"href":"https:\/\/www.europesays.com\/fr\/wp-json\/wp\/v2\/comments?post=579084"}],"version-history":[{"count":0,"href":"https:\/\/www.europesays.com\/fr\/wp-json\/wp\/v2\/posts\/579084\/revisions"}],"wp:featuredmedia":[{"embeddable":true,"href":"https:\/\/www.europesays.com\/fr\/wp-json\/wp\/v2\/media\/579085"}],"wp:attachment":[{"href":"https:\/\/www.europesays.com\/fr\/wp-json\/wp\/v2\/media?parent=579084"}],"wp:term":[{"taxonomy":"category","embeddable":true,"href":"https:\/\/www.europesays.com\/fr\/wp-json\/wp\/v2\/categories?post=579084"},{"taxonomy":"post_tag","embeddable":true,"href":"https:\/\/www.europesays.com\/fr\/wp-json\/wp\/v2\/tags?post=579084"}],"curies":[{"name":"wp","href":"https:\/\/api.w.org\/{rel}","templated":true}]}}