{"id":579089,"date":"2025-12-05T04:39:19","date_gmt":"2025-12-05T04:39:19","guid":{"rendered":"https:\/\/www.europesays.com\/fr\/579089\/"},"modified":"2025-12-05T04:39:19","modified_gmt":"2025-12-05T04:39:19","slug":"premieres-complications-pour-deux-dossiers-prioritaires-de-lhiver","status":"publish","type":"post","link":"https:\/\/www.europesays.com\/fr\/579089\/","title":{"rendered":"Premi\u00e8res complications pour deux dossiers prioritaires de l&rsquo;hiver"},"content":{"rendered":"<p>                                            Publi\u00e9 le 04\/12\/2025 \u00e0 21h31<br \/>\n                                                                                3 minutes de lecture\n                                                                    <\/p>\n<p>F\u00e9ru de sport et plus particuli\u00e8rement de ballon rond depuis ma plus tendre enfance.<\/p>\n<p>                                            Lire la suite<\/p>\n<p>Le mercato hivernal s\u00a0\u00bbannonce particuli\u00e8rement mouvement\u00e9 pour le <strong>Stade Rennais<\/strong>, qui se trouve au c\u0153ur de deux dossiers majeurs susceptibles de red\u00e9finir son secteur offensif. D&rsquo;un c\u00f4t\u00e9, <strong>Ludovic Blas<\/strong> fait l&rsquo;objet de convoitises marseillaises avec une offre potentielle de <strong>15 millions d&rsquo;euros<\/strong>, tandis que de l&rsquo;autre, son \u00e9ventuel rempla\u00e7ant <strong>Ilan Kebbal<\/strong> attire les regards de nombreux clubs europ\u00e9ens et du Golfe. Cette situation complexe illustre parfaitement les enjeux du march\u00e9 des transferts moderne, o\u00f9 les clubs doivent jongler entre opportunit\u00e9s de vente et n\u00e9cessit\u00e9 de recrutement. L&rsquo;ancien crack du FC Nantes, \u00e2g\u00e9 de <strong>27 ans<\/strong>, repr\u00e9sente un atout offensif non n\u00e9gligeable pour Rennes, mais sa valeur marchande pourrait pousser les dirigeants bretons \u00e0 \u00e9tudier s\u00e9rieusement les propositions. Parall\u00e8lement, l&rsquo;identification d&rsquo;un successeur potentiel en la personne de Kebbal t\u00e9moigne de la planification strat\u00e9gique du club rennais pour anticiper les mouvements du mercato.<\/p>\n<p>                                <img decoding=\"async\" src=\"https:\/\/www.europesays.com\/fr\/wp-content\/uploads\/2025\/04\/1744123449_543_logo.png\" alt=\"Logo\"\/><\/p>\n<p>100\u20ac offerts sur ton 1er pari !<\/p>\n<p>                            <a href=\"https:\/\/www.score.fr\/redirection\/1\/\" class=\"headband-button\" target=\"_blank\" rel=\"noopener\">J&rsquo;en profite<\/a><\/p>\n<p>                                                                <img loading=\"lazy\" decoding=\"async\" src=\"https:\/\/www.europesays.com\/fr\/wp-content\/uploads\/2025\/12\/mercato-rennes-premieres-complications-pour-deux-dossiers-prioritaires-de-l-hiver.jpg\" alt=\"Illustration : &quot;Mercato Rennes : Premi\u00e8res complications pour deux dossiers prioritaires de l'hiver&quot;\" class=\"figure-img img-fluid\" width=\"780\" height=\"478\"\/><\/p>\n<p>                                    \u00a9 Site officiel du Stade Rennais                                <\/p>\n<p>La hi\u00e9rarchie marseillaise bouleverse les plans pour Blas<\/p>\n<p>Malgr\u00e9 l&rsquo;int\u00e9r\u00eat manifeste de l&rsquo;Olympique de Marseille pour <strong>Ludovic Blas<\/strong>, le joueur rennais ne figure pas en t\u00eate des priorit\u00e9s phoc\u00e9ennes selon les derni\u00e8res informations. <strong>Medhi Benatia<\/strong>, responsable du recrutement marseillais, privil\u00e9gie en r\u00e9alit\u00e9 le profil d&rsquo;<strong>Isma\u00ebl Saibari<\/strong>, le talentueux milieu offensif marocain du PSV Eindhoven. Ce dernier, \u00e2g\u00e9 de <strong>24 ans<\/strong>, affiche des statistiques impressionnantes avec <strong>10 buts<\/strong> toutes comp\u00e9titions confondues cette saison, dont <strong>8 en championnat n\u00e9erlandais<\/strong> et <strong>2 en Ligue des champions<\/strong>. Cette pr\u00e9f\u00e9rence marseillaise pour Saibari s&rsquo;explique par son profil plus jeune et sa polyvalence offensive, capable d&rsquo;\u00e9voluer dans plusieurs positions. Ekrem Konur confirme cette tendance en r\u00e9v\u00e9lant que \u00ab\u00a0le talent du PSV Saibari sera tr\u00e8s courtis\u00e9 en janvier\u00a0\u00bb, ajoutant que des clubs prestigieux comme <strong>Milan, Benfica, Aston Villa, Fulham, Brighton et Leeds<\/strong> surveillent \u00e9galement le joueur. Cette concurrence internationale pour Saibari pourrait finalement rediriger l&rsquo;attention marseillaise vers Blas, cr\u00e9ant une situation d&rsquo;attente b\u00e9n\u00e9fique au Stade Rennais.<\/p>\n<p>Kebbal, la p\u00e9pite convoit\u00e9e du Paris FC<\/p>\n<p>Pendant que l&rsquo;avenir de Blas reste incertain, le <strong>Stade Rennais<\/strong> a d\u00e9j\u00e0 identifi\u00e9 son potentiel successeur en la personne d&rsquo;<strong>Ilan Kebbal<\/strong>, actuellement sous les couleurs du Paris FC. Ce <strong>Marseillais de c\u0153ur<\/strong> de <strong>27 ans<\/strong> r\u00e9alise une saison remarquable qui attire l&rsquo;attention de nombreux clubs europ\u00e9ens et internationaux. Sa polyvalence offensive et ses performances constantes en font un profil particuli\u00e8rement recherch\u00e9 sur le march\u00e9 des transferts. Les dirigeants rennais envisagent de le recruter d\u00e8s le <strong>mercato hivernal<\/strong> ou au plus tard lors de <strong>l&rsquo;\u00e9t\u00e9 prochain<\/strong>, anticipant ainsi un \u00e9ventuel d\u00e9part de Blas. Cette strat\u00e9gie t\u00e9moigne de la vision \u00e0 long terme du club breton, qui cherche \u00e0 maintenir un niveau de qualit\u00e9 constant dans son secteur offensif. L&rsquo;int\u00e9r\u00eat pour Kebbal s&rsquo;inscrit dans une logique de continuit\u00e9 sportive, le joueur pr\u00e9sentant des caract\u00e9ristiques similaires \u00e0 celles de Blas tout en apportant sa propre identit\u00e9 de jeu. Sa connaissance du football fran\u00e7ais et son exp\u00e9rience constituent des atouts suppl\u00e9mentaires pour une int\u00e9gration r\u00e9ussie \u00e0 Rennes.<\/p>\n<p>Une concurrence internationale pour Kebbal<\/p>\n<p>L&rsquo;attrait pour <strong>Ilan Kebbal<\/strong> d\u00e9passe largement les fronti\u00e8res fran\u00e7aises, cr\u00e9ant une v\u00e9ritable bataille pour sa signature. Selon Africafoot, le joueur aurait re\u00e7u des propositions des <strong>championnats espagnol et allemand<\/strong>, bien qu&rsquo;aucune n&rsquo;ait encore \u00e9t\u00e9 formalis\u00e9e officiellement. Cette situation g\u00e9n\u00e8re une course contre la montre pour les clubs int\u00e9ress\u00e9s, qui s&rsquo;informent activement sur sa <strong>situation contractuelle au Paris FC<\/strong> et sur le montant n\u00e9cessaire pour un transfert d\u00e9finitif. Des clubs prestigieux comme le <strong>FC S\u00e9ville<\/strong> et l&rsquo;<strong>Ajax<\/strong> figurent parmi les pr\u00e9tendants, t\u00e9moignant de la reconnaissance internationale du talent de Kebbal. Plus surprenant encore, des <strong>clubs du Golfe<\/strong> surveillent \u00e9galement le joueur, ouvrant la perspective d&rsquo;offres financi\u00e8rement tr\u00e8s attractives qui pourraient compliquer les plans rennais. Cette concurrence multidirectionnelle place le Stade Rennais dans une position d\u00e9licate, devant potentiellement acc\u00e9l\u00e9rer ses d\u00e9marches pour devancer ses concurrents europ\u00e9ens et moyen-orientaux.<\/p>\n<p dir=\"ltr\" style=\"line-height:1.38;margin-top:12pt;margin-bottom:12pt;\">Ce samedi 6 d\u00e9cembre, une rencontre de prestige attend le Stade Rennais au Parc des Princes face au PSG. \u00c0 cette occasion, profitez de 100\u20ac offerts pour votre premi\u00e8re inscription sur Parions Sport en Ligne. <a href=\"https:\/\/www.score.fr\/redirection\/1\/\" style=\"text-decoration-line: none;\" target=\"_blank\" rel=\"noopener\">Les Rouge et Noir ne perdent pas \u00e0 Paris ? Pariez sur une victoire ou un match nul du Stade Rennais face au PSG vous rapporte jusqu\u2019\u00e0 330\u20ac !<\/a><\/p>\n<p dir=\"ltr\" style=\"line-height:1.38;margin-top:12pt;margin-bottom:12pt;\">Pour en profiter, c\u2019est tr\u00e8s simple :<\/p>\n<p dir=\"ltr\" style=\"line-height:1.38;margin-top:12pt;margin-bottom:12pt;\">&#8211; Cr\u00e9ez votre compte joueur en seulement 2 \u00e9tapes <a href=\"https:\/\/www.score.fr\/redirection\/1\/\" style=\"text-decoration-line: none;\" target=\"_blank\" rel=\"noopener\">ici<\/a><\/p>\n<p dir=\"ltr\" style=\"line-height:1.38;margin-top:12pt;margin-bottom:12pt;\">&#8211; R\u00e9alisez votre 1er d\u00e9p\u00f4t puis placez votre 1er pari (Minimum 5\u20ac)<\/p>\n<p dir=\"ltr\" style=\"line-height:1.38;margin-top:12pt;margin-bottom:12pt;\">&#8211; Une fois votre 1er d\u00e9p\u00f4t et votre 1er pari r\u00e9alis\u00e9s, l\u2019int\u00e9gralit\u00e9 du montant de ce 1er pari sera cr\u00e9dit\u00e9e sur votre compte joueur dans la limite de 100\u20ac maximum et sous la forme de cr\u00e9dits de jeu non retirables. Le cr\u00e9dit s\u2019effectuera alors en une seule \u00e9tape et sous 3 jours<\/p>\n<p dir=\"ltr\" style=\"line-height:1.38;margin-top:12pt;margin-bottom:12pt;\">Jouer comporte des risques : endettement, d\u00e9pendance\u2026 Appelez le 09 74 75 13 13 (appel non surtax\u00e9)<\/p>\n","protected":false},"excerpt":{"rendered":"Publi\u00e9 le 04\/12\/2025 \u00e0 21h31 3 minutes de lecture F\u00e9ru de sport et plus particuli\u00e8rement de ballon rond&hellip;\n","protected":false},"author":2,"featured_media":579090,"comment_status":"","ping_status":"","sticky":false,"template":"","format":"standard","meta":{"footnotes":""},"categories":[1410],"tags":[63,1011,27,60],"class_list":{"0":"post-579089","1":"post","2":"type-post","3":"status-publish","4":"format-standard","5":"has-post-thumbnail","7":"category-football","8":"tag-football","9":"tag-fr","10":"tag-france","11":"tag-sports"},"share_on_mastodon":{"url":"https:\/\/pubeurope.com\/@fr\/115665120350478968","error":""},"_links":{"self":[{"href":"https:\/\/www.europesays.com\/fr\/wp-json\/wp\/v2\/posts\/579089","targetHints":{"allow":["GET"]}}],"collection":[{"href":"https:\/\/www.europesays.com\/fr\/wp-json\/wp\/v2\/posts"}],"about":[{"href":"https:\/\/www.europesays.com\/fr\/wp-json\/wp\/v2\/types\/post"}],"author":[{"embeddable":true,"href":"https:\/\/www.europesays.com\/fr\/wp-json\/wp\/v2\/users\/2"}],"replies":[{"embeddable":true,"href":"https:\/\/www.europesays.com\/fr\/wp-json\/wp\/v2\/comments?post=579089"}],"version-history":[{"count":0,"href":"https:\/\/www.europesays.com\/fr\/wp-json\/wp\/v2\/posts\/579089\/revisions"}],"wp:featuredmedia":[{"embeddable":true,"href":"https:\/\/www.europesays.com\/fr\/wp-json\/wp\/v2\/media\/579090"}],"wp:attachment":[{"href":"https:\/\/www.europesays.com\/fr\/wp-json\/wp\/v2\/media?parent=579089"}],"wp:term":[{"taxonomy":"category","embeddable":true,"href":"https:\/\/www.europesays.com\/fr\/wp-json\/wp\/v2\/categories?post=579089"},{"taxonomy":"post_tag","embeddable":true,"href":"https:\/\/www.europesays.com\/fr\/wp-json\/wp\/v2\/tags?post=579089"}],"curies":[{"name":"wp","href":"https:\/\/api.w.org\/{rel}","templated":true}]}}