{"id":579091,"date":"2025-12-05T04:40:10","date_gmt":"2025-12-05T04:40:10","guid":{"rendered":"https:\/\/www.europesays.com\/fr\/579091\/"},"modified":"2025-12-05T04:40:10","modified_gmt":"2025-12-05T04:40:10","slug":"sigourney-weaver-confuse-face-a-anne-elisabeth-lemoine-dans-c-a-vous","status":"publish","type":"post","link":"https:\/\/www.europesays.com\/fr\/579091\/","title":{"rendered":"Sigourney Weaver confuse face \u00e0 Anne-\u00c9lisabeth Lemoine dans \u00abC \u00e0 vous\u00bb"},"content":{"rendered":"<p>    Sigourney Weaver et Oona Chaplin dans \u00abC \u00e0 vous\u00bb.<br \/>\n                Capture \u00e9cran.<\/p>\n<p>\n    L\u2019actrice am\u00e9ricaine, \u00e0 l\u2019affiche de la saga Avatar, pensait enregistrer une \u00e9mission pour les f\u00eates de No\u00ebl sur France 5.<\/p>\n<p class=\"fig-paragraph\">\u00abGeorge Clooney et Adam Sandler vous\u00a0<a href=\"http:\/\/tvmag.lefigaro.fr\/programme-tv\/actu-tele\/c-est-grace-a-ca-que-j-ai-survecu-a-la-pandemie-l-etonnante-confidence-de-george-clooney-sur-dix-pour-cent-20251203\" target=\"_blank\" data-fig-type=\"Article\" rel=\"noopener\" data-gtm-custom-categorie=\"navigation\" data-gtm-custom-action=\"crossclick\" data-gtm-custom-label=\"Contextuel\" data-gtm-event=\"customEventSPE\" data-fig-domain=\"TVMAG\">ont chauff\u00e9 la place<\/a> \u00bb, pr\u00e9cise\u00a0<a href=\"http:\/\/tvmag.lefigaro.fr\/programme-tv\/actu-tele\/mais-ce-n-est-pas-possible-la-grosse-bourde-d-anne-elisabeth-lemoine-face-a-vanessa-paradis-20251105\" target=\"_blank\" data-fig-type=\"Article\" rel=\"noopener\" data-gtm-custom-categorie=\"navigation\" data-gtm-custom-action=\"crossclick\" data-gtm-custom-label=\"Contextuel\" data-gtm-event=\"customEventSPE\" data-fig-domain=\"TVMAG\"><strong>Anne-\u00c9lisabeth Lemoine<\/strong><\/a> \u00a0ce jeudi 4 d\u00e9cembre tandis qu\u2019elle accueille chaleureusement ses deux prestigieuses invit\u00e9es du jour.\u00a0<a href=\"http:\/\/tvmag.lefigaro.fr\/programme-tv\/actu-tele\/sigourney-weaver-l-extraterrestre-du-cinema-sur-arte-20240605\" target=\"_blank\" data-fig-type=\"Article\" rel=\"noopener\" data-gtm-custom-categorie=\"navigation\" data-gtm-custom-action=\"crossclick\" data-gtm-custom-label=\"Contextuel\" data-gtm-event=\"customEventSPE\" data-fig-domain=\"TVMAG\"><strong>Sigourney Weaver<\/strong><\/a> \u00a0et Oona Chaplin assurent ce soir dans \u00abC \u00e0 vous\u00bb la promotion du film Avatar\u00a0: de feu et de cendres, attendu dans les salles obscures le 17 d\u00e9cembre prochain. L\u2019international s\u2019invite cette semaine dans le talk-show de France 5.<\/p>\n<p class=\"fig-paragraph\">Les deux actrices appr\u00e9cient de s\u2019exprimer en fran\u00e7ais face \u00e0 Anne-\u00c9lisabeth Lemoine pour \u00e9voquer le troisi\u00e8me volet de la saga aux allures de fable \u00e9cologique de James Cameron. \u00abVous parlez un fran\u00e7ais extraordinaire, je suis bluff\u00e9e, il y a un concours d\u2019excellence entre vous deux\u00bb, reconna\u00eet la pr\u00e9sentatrice qui pr\u00e9cise cependant\u00a0: \u00abVous pouvez parler en anglais parce qu\u2019on a deux traductrices qui sont au ch\u00f4mage technique\u00bb.<\/p>\n<p>                                                                <a class=\"fig-a11y-skip\" href=\"#fig-a11y-skip-main-inarticle\" data-module=\"a11y-skip\" data-context=\"was @visible\"><br \/>\n    Passer la publicit\u00e9<br \/>\n<\/a>            <\/p>\n<p>                                                                \u00abOn ne peut rien couper\u00bb<\/p>\n<p class=\"fig-paragraph\">L\u2019interview se poursuit donc en anglais. L\u2019occasion pour les actrices de d\u00e9velopper l\u2019analyse de leurs personnages \u00e0 la peau bleue, mais aussi de commenter leur carri\u00e8re. Alien, Working Girl, Gorilles dans la brume, pour l\u2019une. Game of Thrones et sa prestigieuse dynastie de cin\u00e9astes, elle est la petite-fille de Charlie Chaplin, pour l\u2019autre. Le plateau de \u00abC \u00e0 vous\u00bb est sous le charme. Puis vient la conclusion qui ach\u00e8vera le direct avec humour, juste avant la pastille humoristique, \u00abL\u2019ABC\u00bb de Bertrand Chameroy.<\/p>\n<p class=\"fig-paragraph\">\u00abC\u2019\u00e9tait un grand plaisir\u00bb, assure Sigourney Weaver avant de souhaiter sans crier gare \u00abun joyeux No\u00ebl\u00bb. Silence sur le plateau. \u00abOn est en direct l\u00e0\u00bb, lui rappelle Anne-\u00c9lisabeth Lemoine. L\u2019actrice confuse pensait qu\u2019elle enregistrait son interview en amont pour une diffusion pendant les f\u00eates de fin d\u2019ann\u00e9e. \u00abOn ne peut rien couper\u00bb, taquine Anne-\u00c9lisabeth Lemoine qui conclut en lui souhaitant \u00e0 son tour un \u00abMerry Christmas to you\u00bb, \u00abjoyeux No\u00ebl\u00bb en anglais. Les Fran\u00e7ais parlent anglais, les anglophones savourent la langue de Moli\u00e8re, la boucle est boucl\u00e9e.<\/p>\n","protected":false},"excerpt":{"rendered":"Sigourney Weaver et Oona Chaplin dans \u00abC \u00e0 vous\u00bb. Capture \u00e9cran. L\u2019actrice am\u00e9ricaine, \u00e0 l\u2019affiche de la saga&hellip;\n","protected":false},"author":2,"featured_media":579092,"comment_status":"","ping_status":"","sticky":false,"template":"","format":"standard","meta":{"footnotes":""},"categories":[1359],"tags":[5631,58,59,1011,27,973,54397],"class_list":{"0":"post-579091","1":"post","2":"type-post","3":"status-publish","4":"format-standard","5":"has-post-thumbnail","7":"category-people","8":"tag-anne-elisabeth-lemoine","9":"tag-divertissement","10":"tag-entertainment","11":"tag-fr","12":"tag-france","13":"tag-people","14":"tag-sigourney-weaver"},"share_on_mastodon":{"url":"https:\/\/pubeurope.com\/@fr\/115665123702376621","error":""},"_links":{"self":[{"href":"https:\/\/www.europesays.com\/fr\/wp-json\/wp\/v2\/posts\/579091","targetHints":{"allow":["GET"]}}],"collection":[{"href":"https:\/\/www.europesays.com\/fr\/wp-json\/wp\/v2\/posts"}],"about":[{"href":"https:\/\/www.europesays.com\/fr\/wp-json\/wp\/v2\/types\/post"}],"author":[{"embeddable":true,"href":"https:\/\/www.europesays.com\/fr\/wp-json\/wp\/v2\/users\/2"}],"replies":[{"embeddable":true,"href":"https:\/\/www.europesays.com\/fr\/wp-json\/wp\/v2\/comments?post=579091"}],"version-history":[{"count":0,"href":"https:\/\/www.europesays.com\/fr\/wp-json\/wp\/v2\/posts\/579091\/revisions"}],"wp:featuredmedia":[{"embeddable":true,"href":"https:\/\/www.europesays.com\/fr\/wp-json\/wp\/v2\/media\/579092"}],"wp:attachment":[{"href":"https:\/\/www.europesays.com\/fr\/wp-json\/wp\/v2\/media?parent=579091"}],"wp:term":[{"taxonomy":"category","embeddable":true,"href":"https:\/\/www.europesays.com\/fr\/wp-json\/wp\/v2\/categories?post=579091"},{"taxonomy":"post_tag","embeddable":true,"href":"https:\/\/www.europesays.com\/fr\/wp-json\/wp\/v2\/tags?post=579091"}],"curies":[{"name":"wp","href":"https:\/\/api.w.org\/{rel}","templated":true}]}}