{"id":579097,"date":"2025-12-05T04:44:18","date_gmt":"2025-12-05T04:44:18","guid":{"rendered":"https:\/\/www.europesays.com\/fr\/579097\/"},"modified":"2025-12-05T04:44:18","modified_gmt":"2025-12-05T04:44:18","slug":"une-soiree-100-rap-va-bientot-se-tenir-a-cherbourg","status":"publish","type":"post","link":"https:\/\/www.europesays.com\/fr\/579097\/","title":{"rendered":"Une soir\u00e9e 100 % rap va bient\u00f4t se tenir \u00e0 Cherbourg"},"content":{"rendered":"<p>                    Par<br \/>\n        <strong><br \/>\n            <a href=\"https:\/\/actu.fr\/auteur\/redaction-pressemanche\" title=\"Consulter tous les articles de R\u00e9daction La Presse de la Manche\" target=\"_blank\" rel=\"noopener\">R\u00e9daction La Presse de la Manche<\/a><br \/>\n                    <\/strong><\/p>\n<p>        Publi\u00e9 le<\/p>\n<p>            4 d\u00e9c. 2025 \u00e0 14h10        <\/p>\n<p>Rendez-vous ce vendredi 5 d\u00e9cembre 2025 pour <b>la derni\u00e8re<\/b> de Terminal Ouest \u00e0 L\u2019Autre Bar, \u00e0<a href=\"https:\/\/actu.fr\/normandie\/cherbourg-en-cotentin_50129\" target=\"_blank\" rel=\"noopener\"> Cherbourg<\/a> <a href=\"https:\/\/actu.fr\/normandie\/manche_50\" target=\"_blank\" rel=\"noopener\">(Manche<\/a>). Une soir\u00e9e \u00e0 l\u2019ADN <b>100 % rap<\/b> pour cl\u00f4turer l\u2019ann\u00e9e en beaut\u00e9.<\/p>\n<p class=\" wall-content\">Ce sera la <b>19e \u00e9dition<\/b> de cet \u00e9v\u00e9nement d\u00e9sormais bien ancr\u00e9 dans le paysage hip-hop de la ville.<b> <\/b><\/p>\n<p>De 20 h 30 \u00e0 23 h 30 <\/p>\n<p class=\" wall-content\"><b>Le concept est simple, de 20 h 30 \u00e0 23 h 30 :<\/b> des concerts suivis d\u2019un open mic, pour permettre \u00e0 tous de s\u2019exprimer et offrir un coin de sc\u00e8ne pour que les d\u00e9butants puissent se lancer.<\/p>\n<p class=\" wall-content\"><b>Au programme des concerts :<\/b> Kroko, Dwain, METR, DVNO, des jeunes talents qui vont mettre le feu au bar de L\u2019Autre Lieu.<\/p>\n<p class=\" wall-content\">Venez prendre le micro ou simplement faire la d\u00e9couverte de jeunes talents locaux, cette derni\u00e8re Terminal Session promet d\u2019\u00eatre d\u2019anthologie.<\/p>\n<p class=\" wall-content\"><b>De notre correspondante Karen PENVERN<\/b><\/p>\n<p>Terminal Session #19 \u00e0 L\u2019Autre Lieu, au sein de l\u2019Espace Ren\u00e9-Le Bas, 61 rue de l\u2019Abbaye \u00e0 Cherbourg, ce vendredi 5 d\u00e9cembre de 20 h 30 \u00e0 23 h 30. Entr\u00e9e libre.<\/p>\n<p class=\" wall-content\">Personnalisez votre actualit\u00e9 en ajoutant vos villes et m\u00e9dias en favori avec <a href=\"https:\/\/moncompte.actu.fr\" title=\"D\u00e9couvez Mon Actu\" rel=\"nofollow noopener\" data-trk=\"{&quot;cta&quot;:{&quot;action&quot;:&quot;https:\\\/\\\/moncompte.actu.fr&quot;,&quot;category&quot;:&quot;mon compte&quot;,&quot;from&quot;:&quot;article footer&quot;,&quot;name&quot;:&quot;Mon actu&quot;,&quot;type&quot;:&quot;cta&quot;}}\" target=\"_blank\">Mon Actu<\/a>.<\/p>\n","protected":false},"excerpt":{"rendered":"Par R\u00e9daction La Presse de la Manche Publi\u00e9 le 4 d\u00e9c. 2025 \u00e0 14h10 Rendez-vous ce vendredi 5&hellip;\n","protected":false},"author":2,"featured_media":579098,"comment_status":"","ping_status":"","sticky":false,"template":"","format":"standard","meta":{"footnotes":""},"categories":[1355],"tags":[1697,58,59,1011,27,1652,1361,873,44968],"class_list":{"0":"post-579097","1":"post","2":"type-post","3":"status-publish","4":"format-standard","5":"has-post-thumbnail","7":"category-musique","8":"tag-concert","9":"tag-divertissement","10":"tag-entertainment","11":"tag-fr","12":"tag-france","13":"tag-loisirs-culture","14":"tag-music","15":"tag-musique","16":"tag-sortir-a-cherbourg"},"share_on_mastodon":{"url":"https:\/\/pubeurope.com\/@fr\/115665139540417595","error":""},"_links":{"self":[{"href":"https:\/\/www.europesays.com\/fr\/wp-json\/wp\/v2\/posts\/579097","targetHints":{"allow":["GET"]}}],"collection":[{"href":"https:\/\/www.europesays.com\/fr\/wp-json\/wp\/v2\/posts"}],"about":[{"href":"https:\/\/www.europesays.com\/fr\/wp-json\/wp\/v2\/types\/post"}],"author":[{"embeddable":true,"href":"https:\/\/www.europesays.com\/fr\/wp-json\/wp\/v2\/users\/2"}],"replies":[{"embeddable":true,"href":"https:\/\/www.europesays.com\/fr\/wp-json\/wp\/v2\/comments?post=579097"}],"version-history":[{"count":0,"href":"https:\/\/www.europesays.com\/fr\/wp-json\/wp\/v2\/posts\/579097\/revisions"}],"wp:featuredmedia":[{"embeddable":true,"href":"https:\/\/www.europesays.com\/fr\/wp-json\/wp\/v2\/media\/579098"}],"wp:attachment":[{"href":"https:\/\/www.europesays.com\/fr\/wp-json\/wp\/v2\/media?parent=579097"}],"wp:term":[{"taxonomy":"category","embeddable":true,"href":"https:\/\/www.europesays.com\/fr\/wp-json\/wp\/v2\/categories?post=579097"},{"taxonomy":"post_tag","embeddable":true,"href":"https:\/\/www.europesays.com\/fr\/wp-json\/wp\/v2\/tags?post=579097"}],"curies":[{"name":"wp","href":"https:\/\/api.w.org\/{rel}","templated":true}]}}