{"id":579103,"date":"2025-12-05T04:47:24","date_gmt":"2025-12-05T04:47:24","guid":{"rendered":"https:\/\/www.europesays.com\/fr\/579103\/"},"modified":"2025-12-05T04:47:24","modified_gmt":"2025-12-05T04:47:24","slug":"desire-doue-candidat-pour-faire-pleurer-rennes","status":"publish","type":"post","link":"https:\/\/www.europesays.com\/fr\/579103\/","title":{"rendered":"D\u00e9sir\u00e9 Dou\u00e9 candidat pour faire pleurer Rennes"},"content":{"rendered":"<p><b>De retour apr\u00e8s une nouvelle longue absence, D\u00e9sir\u00e9 Dou\u00e9 veut imm\u00e9diatement rejouer, d\u00e8s ce week-end face \u00e0 son club formateur. Pas s\u00fbr que Luis Enrique et le PSG soient d&rsquo;accord. <\/b><\/p>\n<p>Luis Enrique l\u2019a promis, il en avait fini de prendre les risques avec les joueurs du <a href=\"https:\/\/www.foot01.com\/paris\" target=\"_self\" rel=\"noopener\">PSG<\/a> de retour de blessure. Le fait qu\u2019Ousmane Demb\u00e9l\u00e9 se soit d\u00e9j\u00e0 bless\u00e9 trois fois en premi\u00e8re partie de saison, ou que D\u00e9sir\u00e9 Dou\u00e9 ait \u00e9t\u00e9 touch\u00e9 \u00e0 deux reprises, a calm\u00e9 l\u2019entra\u00eeneur parisien. Le mois dernier, il a promis d\u2019\u00eatre plus patient avec ce type de retour, et d\u2019attendre au moins plusieurs s\u00e9ances compl\u00e8tes avant d\u2019appeler un joueur dans le groupe pour le match suivant.Dans ces conditions, D\u00e9sir\u00e9 Dou\u00e9, qui vient tout juste de reprendre les s\u00e9ances apr\u00e8s sa blessure \u00e0 la cuisse droite, fin octobre \u00e0 Lorient, est dans la case des incertains pour le match de samedi contre <a href=\"https:\/\/www.foot01.com\/rennes\" title=\"Rennes\" target=\"_blank\" rel=\"noopener\">Rennes<\/a>, son ancienne \u00e9quipe. N\u00e9anmoins, \u00e0 l\u2019issue de l\u2019entrainement de ce jeudi, l\u2019international fran\u00e7ais n\u2019a pas cach\u00e9 son envie d\u2019en d\u00e9coudre tr\u00e8s rapidement, sans mettre trop de pression sur Luis Enrique non plus.<img decoding=\"async\" width=\"500\" height=\"280\" loading=\"lazy\" src=\"https:\/\/www.europesays.com\/fr\/wp-content\/uploads\/2025\/12\/iconsport-278902-0027-6931c39173b8e.jpg@webp.webp\" class=\"w-auto h-auto\" alt=\"ICONSPORT_278902_0027\"\/><\/p>\n<p>D\u00e9sir\u00e9 Dou\u00e9 ce jeudi lors du Media Day du PSG<\/p>\n<p>\u00ab \u00c7a va de mieux en mieux, je me sens bien, je n\u2019ai plus de douleurs donc c\u2019est top, s\u2019est r\u00e9joui Dou\u00e9 lors d\u2019un point presse organis\u00e9 \u00e0 l\u2019issue de la s\u00e9ance. Est-ce que je suis pr\u00eat \u00e0 jouer contre Rennes samedi ? On verra si le coach me met sur le terrain, si ce n\u2019est pas le cas, je l\u2019accepterai sans soucis. Mais je me tiens pr\u00eat\u00a0\u00bb, a livr\u00e9 le Golden Boy 2025 apr\u00e8s la s\u00e9ance, dans des propos repris par Le Parisien.\u00a0<\/p>\n<p>Selon le journal francilien, la prudence est pour le moment de mise pour un joueur d\u00e9j\u00e0 bless\u00e9 plusieurs semaines en septembre, et qui a donc rechut\u00e9 fin octobre. Son retour est plut\u00f4t pr\u00e9vu pour le match contre Bilbao, la semaine prochaine en Ligue des Champions, s\u2019il enchaine les s\u00e9ances sans soucis. De quoi faire souffler le Stade Rennais pour ce week-end.<\/p>\n<p><img decoding=\"async\" src=\"https:\/\/www.europesays.com\/fr\/wp-content\/uploads\/2025\/12\/37590938.png\" alt=\"D. Doue\" class=\"w-16 h-16 object-cover rounded-full\"\/><\/p>\n<p>D. Doue<\/p>\n<p><img decoding=\"async\" src=\"https:\/\/www.europesays.com\/fr\/wp-content\/uploads\/2025\/09\/fr.png\" alt=\"France\" class=\"w-6 h-4 object-cover\"\/>France \u2022 \u00c2ge  \u2022 Attaquant<\/p>\n","protected":false},"excerpt":{"rendered":"De retour apr\u00e8s une nouvelle longue absence, D\u00e9sir\u00e9 Dou\u00e9 veut imm\u00e9diatement rejouer, d\u00e8s ce week-end face \u00e0 son&hellip;\n","protected":false},"author":2,"featured_media":579104,"comment_status":"","ping_status":"","sticky":false,"template":"","format":"standard","meta":{"footnotes":""},"categories":[9],"tags":[8936,1011,27,66,93,584,60],"class_list":{"0":"post-579103","1":"post","2":"type-post","3":"status-publish","4":"format-standard","5":"has-post-thumbnail","7":"category-sports","8":"tag-breaking-news","9":"tag-fr","10":"tag-france","11":"tag-ligue-1","12":"tag-psg","13":"tag-rennes","14":"tag-sports"},"share_on_mastodon":{"url":"https:\/\/pubeurope.com\/@fr\/115665152331746354","error":""},"_links":{"self":[{"href":"https:\/\/www.europesays.com\/fr\/wp-json\/wp\/v2\/posts\/579103","targetHints":{"allow":["GET"]}}],"collection":[{"href":"https:\/\/www.europesays.com\/fr\/wp-json\/wp\/v2\/posts"}],"about":[{"href":"https:\/\/www.europesays.com\/fr\/wp-json\/wp\/v2\/types\/post"}],"author":[{"embeddable":true,"href":"https:\/\/www.europesays.com\/fr\/wp-json\/wp\/v2\/users\/2"}],"replies":[{"embeddable":true,"href":"https:\/\/www.europesays.com\/fr\/wp-json\/wp\/v2\/comments?post=579103"}],"version-history":[{"count":0,"href":"https:\/\/www.europesays.com\/fr\/wp-json\/wp\/v2\/posts\/579103\/revisions"}],"wp:featuredmedia":[{"embeddable":true,"href":"https:\/\/www.europesays.com\/fr\/wp-json\/wp\/v2\/media\/579104"}],"wp:attachment":[{"href":"https:\/\/www.europesays.com\/fr\/wp-json\/wp\/v2\/media?parent=579103"}],"wp:term":[{"taxonomy":"category","embeddable":true,"href":"https:\/\/www.europesays.com\/fr\/wp-json\/wp\/v2\/categories?post=579103"},{"taxonomy":"post_tag","embeddable":true,"href":"https:\/\/www.europesays.com\/fr\/wp-json\/wp\/v2\/tags?post=579103"}],"curies":[{"name":"wp","href":"https:\/\/api.w.org\/{rel}","templated":true}]}}