{"id":579105,"date":"2025-12-05T04:48:14","date_gmt":"2025-12-05T04:48:14","guid":{"rendered":"https:\/\/www.europesays.com\/fr\/579105\/"},"modified":"2025-12-05T04:48:14","modified_gmt":"2025-12-05T04:48:14","slug":"israel-autorise-a-participer-a-leurovision-2026-plusieurs-pays-annoncent-aussitot-leur-boycott-actualites","status":"publish","type":"post","link":"https:\/\/www.europesays.com\/fr\/579105\/","title":{"rendered":"Isra\u00ebl autoris\u00e9 \u00e0 participer \u00e0 l&rsquo;Eurovision 2026, plusieurs pays annoncent aussit\u00f4t leur boycott : Actualit\u00e9s"},"content":{"rendered":"<p class=\"lead \">Isra\u00ebl pourra participer \u00e0 la prochaine \u00e9dition de l&rsquo;Eurovision \u00e0 Vienne en mai, \u00ab\u00a0une large majorit\u00e9\u00a0\u00bb des membres de l&rsquo;Union Europ\u00e9enne de Radio-T\u00e9l\u00e9vision (UER) ayant estim\u00e9 qu&rsquo;il n&rsquo;\u00e9tait pas n\u00e9cessaire de voter sur la question, d\u00e9clenchant instantan\u00e9ment des annonces de boycott de plusieurs pays.<\/p>\n<p class=\"lead \">Les diffuseurs de l&rsquo;Espagne, des Pays-Bas, de l&rsquo;Irlande et de la Slov\u00e9nie ont imm\u00e9diatement annonc\u00e9 qu&rsquo;ils ne participeront pas \u00e0 l&rsquo;\u00e9dition 2026, sur fond de critiques de la guerre \u00e0 Gaza et de controverse autour du soutien public massif aux candidats isra\u00e9liens lors des pr\u00e9c\u00e9dentes \u00e9ditions.<\/p>\n<p class=\"lead \">D&rsquo;autres boycotts pourraient \u00eatre annonc\u00e9s, comme celui du diffuseur islandais RUV, qui pr\u00e9voit une d\u00e9cision \u00ab\u00a0mercredi\u00a0\u00bb. <\/p>\n<p class=\"lead \">Les diffuseurs ont peu de jours pour se d\u00e9cider, la liste finale des participants devant \u00eatre annonc\u00e9e \u00ab\u00a0avant No\u00ebl\u00a0\u00bb, selon l&rsquo;UER.<\/p>\n<p class=\"lead \">Lors de l&rsquo;assembl\u00e9e g\u00e9n\u00e9rale jeudi \u00e0 Gen\u00e8ve, \u00ab\u00a0une large majorit\u00e9\u00a0\u00bb des diffuseurs ont \u00ab\u00a0convenu de ne pas organiser un vote sur la participation\u00a0\u00bb d&rsquo;Isra\u00ebl, mais ils ont approuv\u00e9 des modifications du r\u00e8glement du c\u00e9l\u00e8bre t\u00e9l\u00e9-crochet pour \u00ab\u00a0renforcer la confiance, la transparence et la neutralit\u00e9 de l&rsquo;\u00e9v\u00e9nement\u00a0\u00bb, a indiqu\u00e9 l&rsquo;organisation.<\/p>\n<p class=\"lead \">&#8211; Gaza &#8211;<\/p>\n<p class=\"lead \">\u00ab\u00a0La situation \u00e0 Gaza, malgr\u00e9 le cessez-le-feu et l&rsquo;approbation du processus de paix, ainsi que l&rsquo;utilisation du concours \u00e0 des fins politiques par Isra\u00ebl, rendent de plus en plus difficile le maintien de l&rsquo;Eurovision en tant qu&rsquo;\u00e9v\u00e9nement culturel neutre\u00a0\u00bb, a r\u00e9agi le secr\u00e9taire g\u00e9n\u00e9ral de la cha\u00eene de t\u00e9l\u00e9vision publique espagnole RTVE, Alfonso Morales.<\/p>\n<p class=\"lead \">A Dublin, le groupe audiovisuel public irlandais RTE a d\u00e9nonc\u00e9 les \u00ab\u00a0pertes humaines effroyables \u00e0 Gaza\u00a0\u00bb, tandis que le diffuseur n\u00e9erlandais Avrotros a \u00e9voqu\u00e9 une \u00ab\u00a0incompatibilit\u00e9\u00a0\u00bb de ses valeurs avec la participation d&rsquo;Isra\u00ebl.<\/p>\n<p class=\"lead \">Isra\u00ebl, par la voix de son pr\u00e9sident Isaac Herzog, a salu\u00e9 l&rsquo;annonce de l&rsquo;UER, estimant que son pays \u00ab\u00a0m\u00e9rit(ait) d&rsquo;\u00eatre repr\u00e9sent\u00e9 sur toutes les sc\u00e8nes du monde\u00a0\u00bb.<\/p>\n<p class=\"lead \">\u00ab\u00a0Isra\u00ebl fait partie de l&rsquo;Eurovision tout comme l&rsquo;Allemagne fait partie de l&rsquo;Europe\u00a0\u00bb, a \u00e9galement affirm\u00e9 le ministre allemand de la Culture, Wolfram Weimer, au journal Bild. <\/p>\n<p class=\"lead \">Le diffuseur allemand SWR et sa maison-m\u00e8re, le groupe audiovisuel public ARD, ont salu\u00e9 sans surprise l&rsquo;annonce, tout comme le directeur g\u00e9n\u00e9ral du groupe audiovisuel public autrichien ORF, Roland Weissmann, h\u00f4te du prochain concours, regrettant toutefois le boycott de certaines cha\u00eenes.<\/p>\n<p class=\"lead \">&#8211; Oppositions g\u00e9opolitiques &#8211;<\/p>\n<p class=\"lead \">Cette ann\u00e9e, la chanteuse isra\u00e9lienne Yuval Raphael, survivante de l&rsquo;attaque du 7 octobre 2023, \u00e9tait arriv\u00e9e deuxi\u00e8me au concours, port\u00e9e par le vote du public dans le monde, puisqu&rsquo;il est interdit de voter pour son pays.<\/p>\n<p class=\"lead \">En 2024 aussi, les jurys nationaux avaient largement snob\u00e9 Isra\u00ebl. Mais le vote du public avait fait bondir la candidate isra\u00e9lienne, Eden Golan, \u00e0 la cinqui\u00e8me place.<\/p>\n<p class=\"lead \">Isra\u00ebl a \u00e9t\u00e9 accus\u00e9 d&rsquo;ing\u00e9rences et d&rsquo;instrumentalisation politique du concours. Sous pression des appels au boycott, l&rsquo;UER avait annonc\u00e9 le 21 novembre une modification des r\u00e8gles du t\u00e9l\u00e9-crochet et un renforcement des efforts pour \u00ab\u00a0d\u00e9tecter et pr\u00e9venir toute activit\u00e9 de vote frauduleuse ou coordonn\u00e9e\u00a0\u00bb.<\/p>\n<p class=\"lead \">Les nouvelles mesures, approuv\u00e9es jeudi, \u00ab\u00a0d\u00e9couragent vivement toute campagne promotionnelle disproportionn\u00e9e (&#8230;), en particulier si celle-ci est lanc\u00e9e ou appuy\u00e9e par des tiers, notamment un gouvernement ou une agence gouvernementale\u00a0\u00bb.<\/p>\n<p class=\"lead \">Le concours pr\u00e9voit que tous les habitants des dizaines de pays participants au concours peuvent voter, par t\u00e9l\u00e9phone, SMS ou en ligne. Dans chaque pays, un jury de professionnels vote \u00e9galement. Ces deux votes ont le m\u00eame poids. Mais avec les nouvelles r\u00e8gles, le nombre maximal de voix par mode de paiement \u00ab\u00a0passera de 20 \u00e0 10\u00a0\u00bb.<\/p>\n<p class=\"lead \">L&rsquo;approbation des nouvelles mesures par les diffuseurs \u00ab\u00a0d\u00e9montre l&rsquo;engagement commun de nos membres \u00e0 prot\u00e9ger la transparence et la confiance dans le Concours Eurovision de la Chanson, le plus grand \u00e9v\u00e9nement musical live au monde\u00a0\u00bb, a comment\u00e9 la pr\u00e9sidente de l&rsquo;UER et de France T\u00e9l\u00e9visions, Delphine Ernotte Cunci.<\/p>\n<p class=\"lead \">De leur c\u00f4t\u00e9, les diffuseurs finlandais, danois, su\u00e9dois et norv\u00e9gien ont aussi apport\u00e9 leur soutien \u00e0 ces mesures. <\/p>\n<p class=\"lead \">L&rsquo;Eurovision est r\u00e9guli\u00e8rement le th\u00e9\u00e2tre d&rsquo;oppositions g\u00e9opolitiques. La Russie avait \u00e9t\u00e9 exclue \u00e0 la suite de l&rsquo;invasion de l&rsquo;Ukraine en 2022. Le B\u00e9larus l&rsquo;avait \u00e9t\u00e9 un an plus t\u00f4t apr\u00e8s la r\u00e9\u00e9lection contest\u00e9e du pr\u00e9sident Alexandre Loukachenko.<\/p>\n<p class=\"small font-weight-bold text-gray3 \"> publi\u00e9 le 4 d\u00e9cembre \u00e0 22h15, AFP<\/p>\n<p>                             Partager<\/p>\n","protected":false},"excerpt":{"rendered":"Isra\u00ebl pourra participer \u00e0 la prochaine \u00e9dition de l&rsquo;Eurovision \u00e0 Vienne en mai, \u00ab\u00a0une large majorit\u00e9\u00a0\u00bb des membres&hellip;\n","protected":false},"author":2,"featured_media":579106,"comment_status":"","ping_status":"","sticky":false,"template":"","format":"standard","meta":{"footnotes":""},"categories":[8],"tags":[13989,2120,312,58,59,2399,1011,27,3819,9555,873,7621,4279,3067,9556],"class_list":{"0":"post-579105","1":"post","2":"type-post","3":"status-publish","4":"format-standard","5":"has-post-thumbnail","7":"category-divertissement","8":"tag-autriche","9":"tag-conflit","10":"tag-diplomatie","11":"tag-divertissement","12":"tag-entertainment","13":"tag-eurovision","14":"tag-fr","15":"tag-france","16":"tag-isral","17":"tag-mdias","18":"tag-musique","19":"tag-palestiniens","20":"tag-rcompense","21":"tag-suisse","22":"tag-tlvision"},"share_on_mastodon":{"url":"https:\/\/pubeurope.com\/@fr\/115665155332829635","error":""},"_links":{"self":[{"href":"https:\/\/www.europesays.com\/fr\/wp-json\/wp\/v2\/posts\/579105","targetHints":{"allow":["GET"]}}],"collection":[{"href":"https:\/\/www.europesays.com\/fr\/wp-json\/wp\/v2\/posts"}],"about":[{"href":"https:\/\/www.europesays.com\/fr\/wp-json\/wp\/v2\/types\/post"}],"author":[{"embeddable":true,"href":"https:\/\/www.europesays.com\/fr\/wp-json\/wp\/v2\/users\/2"}],"replies":[{"embeddable":true,"href":"https:\/\/www.europesays.com\/fr\/wp-json\/wp\/v2\/comments?post=579105"}],"version-history":[{"count":0,"href":"https:\/\/www.europesays.com\/fr\/wp-json\/wp\/v2\/posts\/579105\/revisions"}],"wp:featuredmedia":[{"embeddable":true,"href":"https:\/\/www.europesays.com\/fr\/wp-json\/wp\/v2\/media\/579106"}],"wp:attachment":[{"href":"https:\/\/www.europesays.com\/fr\/wp-json\/wp\/v2\/media?parent=579105"}],"wp:term":[{"taxonomy":"category","embeddable":true,"href":"https:\/\/www.europesays.com\/fr\/wp-json\/wp\/v2\/categories?post=579105"},{"taxonomy":"post_tag","embeddable":true,"href":"https:\/\/www.europesays.com\/fr\/wp-json\/wp\/v2\/tags?post=579105"}],"curies":[{"name":"wp","href":"https:\/\/api.w.org\/{rel}","templated":true}]}}