{"id":579107,"date":"2025-12-05T04:49:22","date_gmt":"2025-12-05T04:49:22","guid":{"rendered":"https:\/\/www.europesays.com\/fr\/579107\/"},"modified":"2025-12-05T04:49:22","modified_gmt":"2025-12-05T04:49:22","slug":"ce-que-les-scientifiques-redoutent-vraiment-pour-2026-et-ce-nest-pas-le-climat","status":"publish","type":"post","link":"https:\/\/www.europesays.com\/fr\/579107\/","title":{"rendered":"Ce que les scientifiques redoutent vraiment pour 2026 (et ce n\u2019est pas le climat)"},"content":{"rendered":"<p class=\"whitespace-normal break-words\"><strong>Pendant que les d\u00e9bats publics tournent autour du <a href=\"https:\/\/sciencepost.fr\/et-si-cette-amibe-mangeuse-de-cerveau-profitait-du-rechauffement-climatique\/\" target=\"_blank\" rel=\"noopener\">r\u00e9chauffement climatique<\/a>, trois menaces silencieuses se profilent \u00e0 l\u2019horizon \u2014 chacune capable de d\u00e9stabiliser nos soci\u00e9t\u00e9s de fa\u00e7on irr\u00e9versible. Ces dangers ne concernent pas les glaciers ou les oc\u00e9ans, mais notre sant\u00e9, nos cognitions et l\u2019infrastructure invisible sur laquelle repose toute notre civilisation. Et contrairement au changement climatique, les scientifiques avertissent que nous avons peut-\u00eatre seulement quelques ann\u00e9es pour agir.<\/strong><\/p>\n<p>Les antibiotiques ne suffisent plus : l\u2019\u00e2ge pr\u00e9-antibiotique approche<\/p>\n<p class=\"whitespace-normal break-words\">Le premier danger a une r\u00e9sonance d\u2019urgence imm\u00e9diate. Selon une analyse publi\u00e9e en septembre 2024 dans <a href=\"https:\/\/www.thelancet.com\/journals\/lancet\/article\/PIIS0140-6736(24)01867-1\/fulltext\" target=\"_blank\" rel=\"noopener\">The Lancet<\/a> par le Global Research on Antimicrobial Resistance (GRAM) Project, plus de 39 millions de personnes pourraient mourir d\u2019infections r\u00e9sistantes aux antibiotiques entre 2025 et 2050. Ce n\u2019est pas une projection lointaine \u2014 c\u2019est une menace qui s\u2019accentue maintenant.<\/p>\n<p class=\"whitespace-normal break-words\">Les chiffres r\u00e9v\u00e8lent une tendance terrifiante : les d\u00e9c\u00e8s attribuables \u00e0 la r\u00e9sistance aux antibiotiques devraient augmenter d\u2019environ 70 % d\u2019ici 2050 par rapport \u00e0 2022, et les personnes \u00e2g\u00e9es de plus de 70 ans seront les plus touch\u00e9es, avec une augmentation de 80 % des d\u00e9c\u00e8s entre 1990 et 2021. Pire encore, selon les mod\u00e9lisations du GRAM, les meilleures interventions \u2014 am\u00e9lioration de la qualit\u00e9 des soins de sant\u00e9 et acc\u00e8s accru aux antibiotiques \u2014 pourraient \u00e9viter 92 millions de d\u00e9c\u00e8s d\u2019ici 2050, ce qui montre \u00e0 quel point nous sommes proches de la limite de contr\u00f4le.<\/p>\n<p class=\"whitespace-normal break-words\">La raison profonde ? Depuis la pand\u00e9mie, l\u2019usage massif et souvent injustifi\u00e9 d\u2019antibiotiques a acc\u00e9l\u00e9r\u00e9 l\u2019\u00e9volution de bact\u00e9ries multir\u00e9sistantes. Dans certaines r\u00e9gions du globe, des infections banales \u2014 otites, pneumonies, plaies superficielles \u2014 deviennent d\u00e9j\u00e0 quasi incurables. Le probl\u00e8me n\u2019est pas seulement m\u00e9dical : il menace directement la chirurgie moderne, la chimioth\u00e9rapie et m\u00eame les accouchements, tous d\u00e9pendants d\u2019antibiotiques efficaces.<\/p>\n<p><img loading=\"lazy\" data-lazyloaded=\"1\" decoding=\"async\" class=\"aligncenter wp-image-158203 size-full\" src=\"https:\/\/www.europesays.com\/fr\/wp-content\/uploads\/2025\/12\/sos-106826_1920.jpg\" alt=\"antibiotiques 2026\" width=\"1920\" height=\"1351\"  data-\/>Cr\u00e9dit : geralt\/pixabay<\/p>\n<p>L\u2019IA cr\u00e9e une d\u00e9pendance cognitive dont nous ne comprenons pas les cons\u00e9quences<\/p>\n<p class=\"whitespace-normal break-words\">Un second danger, moins tangible mais d\u00e9j\u00e0 observable, est la transformation silencieuse de nos capacit\u00e9s mentales. Une r\u00e9cente \u00e9tude de Michael Gerlich a <a href=\"https:\/\/www.mdpi.com\/2075-4698\/15\/1\/6\" target=\"_blank\" rel=\"noopener\">d\u00e9montr\u00e9<\/a> que l\u2019augmentation de la d\u00e9pendance aux outils d\u2019intelligence artificielle est li\u00e9e \u00e0 l\u2019affaiblissement des capacit\u00e9s de raisonnement critique, avec un impact particuli\u00e8rement marqu\u00e9 chez les jeunes (17-25 ans) qui affichent une plus forte d\u00e9pendance aux outils d\u2019IA et des scores plus faibles en pens\u00e9e critique.<\/p>\n<p class=\"whitespace-normal break-words\">Ce ph\u00e9nom\u00e8ne porte un nom : le \u00ab\u00a0cognitive offloading\u00a0\u00bb \u2014 quand nous d\u00e9l\u00e9guons nos t\u00e2ches mentales \u00e0 des machines, nous commen\u00e7ons \u00e0 perdre la capacit\u00e9 \u00e0 les faire nous-m\u00eames. Une \u00e9tude du MIT Media Lab a r\u00e9v\u00e9l\u00e9 que les participants qui utilisaient exclusivement ChatGPT pour \u00e9crire des essais affichaient une connexit\u00e9 c\u00e9r\u00e9brale plus faible, une r\u00e9tention m\u00e9moire r\u00e9duite et une perte de propri\u00e9t\u00e9 intellectuelle sur leur propre travail.<\/p>\n<p class=\"whitespace-normal break-words\">La vraie menace n\u2019est pas que l\u2019IA nous remplace, mais que nous nous remettions tellement \u00e0 elle que nous perdions les comp\u00e9tences cognitives de base : la m\u00e9moire, la planification, le raisonnement moral. Des <a href=\"https:\/\/www.nextgov.com\/artificial-intelligence\/2025\/07\/new-mit-study-suggests-too-much-ai-use-could-increase-cognitive-decline\/406521\/\" target=\"_blank\" rel=\"noopener\">recherches<\/a> \u00e9mergentes examinent le ph\u00e9nom\u00e8ne d\u2019\u00ab atrophie cognitive induite par les chatbots d\u2019IA \u00bb (AICICA), o\u00f9 l\u2019exc\u00e8s de d\u00e9pendance aux outils d\u2019IA sans d\u00e9veloppement concurrent des comp\u00e9tences cognitives fondamentales peut mener \u00e0 la sous-utilisation et \u00e0 la perte ult\u00e9rieure des capacit\u00e9s mentales.<\/p>\n<p class=\"whitespace-normal break-words\">Parall\u00e8lement, la multiplication d\u2019outils g\u00e9n\u00e9ratifs (textes, images, voix synth\u00e9tiques) rend nos d\u00e9mocraties vuln\u00e9rables \u00e0 la d\u00e9sinformation massive. Les contenus synth\u00e9tiques deviendront bient\u00f4t indiscernables des contenus r\u00e9els, rendant le discernement humain moins fiable.<\/p>\n<p><img loading=\"lazy\" data-lazyloaded=\"1\" decoding=\"async\" class=\"size-full wp-image-317162\" src=\"https:\/\/www.europesays.com\/fr\/wp-content\/uploads\/2025\/12\/iStock-1458045240-scaled.jpg\" alt=\"IA 2026\" width=\"2048\" height=\"1218\"  data-\/>Cr\u00e9dit : Ole_CNX\/istockCr\u00e9dits : Ole_CNX\/istockL\u2019infrastructure spatiale devient notre talon d\u2019Achille invisible<\/p>\n<p class=\"whitespace-normal break-words\">Le troisi\u00e8me risque est peut-\u00eatre le plus m\u00e9connu : la vuln\u00e9rabilit\u00e9 syst\u00e9mique de nos infrastructures satellitaires. Selon un article publi\u00e9 dans <a href=\"https:\/\/www.nature.com\/articles\/s41598-021-89909-7\" target=\"_blank\" rel=\"noopener\">Nature Scientific Reports<\/a>, la constellation Starlink seule pourrait d\u00e9poser plus d\u2019aluminium dans l\u2019atmosph\u00e8re sup\u00e9rieure terrestre que ce qui y provient actuellement des m\u00e9t\u00e9orites, et les d\u00e9bris non suivis d\u00e9clencheront potentiellement des collisions dangereuses r\u00e9guli\u00e8res en orbite basse en raison du grand nombre de satellites dans les coquilles orbitales des m\u00e9ga-constellations.<\/p>\n<p class=\"whitespace-normal break-words\">Voici le sc\u00e9nario qui terrifie les experts : une seule <a href=\"https:\/\/www.chathamhouse.org\/2021\/10\/collision-risks-space-due-mega-constellations\" target=\"_blank\" rel=\"noopener\">collision<\/a> en orbite terrestre basse pourrait cr\u00e9er des effets en cascade significatifs non seulement sur la sant\u00e9 globale du syst\u00e8me de satellites en question, mais aussi sur le fonctionnement des infrastructures critiques nationales sur Terre. M\u00eame un seul \u00e9v\u00e9nement de fragmentation pourrait affecter tous les op\u00e9rateurs en orbite basse.<\/p>\n<p class=\"whitespace-normal break-words\">Pensez \u00e0 ce qui se passerait si des satellites cl\u00e9s tombaient : pas de GPS, pas de communications maritimes, pas de transactions financi\u00e8res, pas d\u2019agriculture moderne, pas de coordination des urgences. C\u2019est comparable \u00e0 une \u00ab\u00a0crise climatique localis\u00e9e\u00a0\u00bb mais avec des cons\u00e9quences imm\u00e9diates et globales.<\/p>\n<p><img data-lazyloaded=\"1\" loading=\"lazy\" decoding=\"async\" class=\"size-full wp-image-307238\" src=\"https:\/\/www.europesays.com\/fr\/wp-content\/uploads\/2025\/04\/iStock-2101393696.jpg\" alt=\"satellites\" width=\"1411\" height=\"744\"  data-\/>Source: DRCr\u00e9dits : yucelyilmaz\/istockLe vrai probl\u00e8me : nous savons, mais nous n\u2019agissons pas<\/p>\n<p class=\"whitespace-normal break-words\">Ce qui relie ces trois menaces est troublant : nous avons la science, nous avons les donn\u00e9es, nous savons pr\u00e9cis\u00e9ment ce qui se passe. Mais entre le savoir et l\u2019action, il existe un gouffre que nos gouvernements tardent toujours \u00e0 franchir.<\/p>\n<p class=\"whitespace-normal break-words\">Pour les antibiotiques, nous avons besoin d\u2019investir massivement dans la recherche de nouvelles mol\u00e9cules et dans la pr\u00e9vention des infections. Pour l\u2019IA, nous devons mettre en place des garde-fous \u00e9ducatifs et cognitifs d\u00e8s maintenant. Pour l\u2019espace, nous avons besoin de r\u00e9gulations internationales strictes sur les lancements de satellites et de syst\u00e8mes de gestion du trafic spatial.<\/p>\n<p class=\"whitespace-normal break-words\">Mais en 2026, la question ne sera pas de savoir si ces menaces mat\u00e9rialiseront \u2014 elles sont d\u00e9j\u00e0 en mouvement. La vraie question sera : avons-nous enfin commenc\u00e9 \u00e0 r\u00e9agir, ou continuerons-nous de regarder les chiffres de l\u2019inaction ?<\/p>\n<p class=\"whitespace-normal break-words\">Comme l\u2019anthropologue Jared Diamond l\u2019a soulign\u00e9, les civilisations ne s\u2019effondrent pas faute d\u2019intelligence, mais faute de r\u00e9action. La science nous pr\u00e9vient. La question maintenant est : l\u2019\u00e9couterons-nous ?<\/p>\n","protected":false},"excerpt":{"rendered":"Pendant que les d\u00e9bats publics tournent autour du r\u00e9chauffement climatique, trois menaces silencieuses se profilent \u00e0 l\u2019horizon \u2014&hellip;\n","protected":false},"author":2,"featured_media":579108,"comment_status":"","ping_status":"","sticky":false,"template":"","format":"standard","meta":{"footnotes":""},"categories":[7],"tags":[1011,27,43,40,41,39,42,44],"class_list":{"0":"post-579107","1":"post","2":"type-post","3":"status-publish","4":"format-standard","5":"has-post-thumbnail","7":"category-sciences-et-technologies","8":"tag-fr","9":"tag-france","10":"tag-science","11":"tag-science-and-technology","12":"tag-sciences","13":"tag-sciences-et-technologies","14":"tag-technologies","15":"tag-technology"},"share_on_mastodon":{"url":"https:\/\/pubeurope.com\/@fr\/115665160219170528","error":""},"_links":{"self":[{"href":"https:\/\/www.europesays.com\/fr\/wp-json\/wp\/v2\/posts\/579107","targetHints":{"allow":["GET"]}}],"collection":[{"href":"https:\/\/www.europesays.com\/fr\/wp-json\/wp\/v2\/posts"}],"about":[{"href":"https:\/\/www.europesays.com\/fr\/wp-json\/wp\/v2\/types\/post"}],"author":[{"embeddable":true,"href":"https:\/\/www.europesays.com\/fr\/wp-json\/wp\/v2\/users\/2"}],"replies":[{"embeddable":true,"href":"https:\/\/www.europesays.com\/fr\/wp-json\/wp\/v2\/comments?post=579107"}],"version-history":[{"count":0,"href":"https:\/\/www.europesays.com\/fr\/wp-json\/wp\/v2\/posts\/579107\/revisions"}],"wp:featuredmedia":[{"embeddable":true,"href":"https:\/\/www.europesays.com\/fr\/wp-json\/wp\/v2\/media\/579108"}],"wp:attachment":[{"href":"https:\/\/www.europesays.com\/fr\/wp-json\/wp\/v2\/media?parent=579107"}],"wp:term":[{"taxonomy":"category","embeddable":true,"href":"https:\/\/www.europesays.com\/fr\/wp-json\/wp\/v2\/categories?post=579107"},{"taxonomy":"post_tag","embeddable":true,"href":"https:\/\/www.europesays.com\/fr\/wp-json\/wp\/v2\/tags?post=579107"}],"curies":[{"name":"wp","href":"https:\/\/api.w.org\/{rel}","templated":true}]}}