{"id":579111,"date":"2025-12-05T04:51:15","date_gmt":"2025-12-05T04:51:15","guid":{"rendered":"https:\/\/www.europesays.com\/fr\/579111\/"},"modified":"2025-12-05T04:51:15","modified_gmt":"2025-12-05T04:51:15","slug":"quatre-morts-dans-une-nouvelle-frappe-americaine-contre-un-bateau-de-narcotrafiquants-presumes","status":"publish","type":"post","link":"https:\/\/www.europesays.com\/fr\/579111\/","title":{"rendered":"quatre morts dans une nouvelle frappe am\u00e9ricaine contre un bateau de narcotrafiquants pr\u00e9sum\u00e9s"},"content":{"rendered":"<p>\n    D\u2019apr\u00e8s le Southcom, le commandement am\u00e9ricain pour l\u2019Am\u00e9rique latine et les Cara\u00efbes, le navire \u00abtransportait des stup\u00e9fiants illicites et transitait par une route connue pour le trafic de drogue dans l\u2019est du Pacifique\u00bb.<\/p>\n<p class=\"fig-paragraph\">Les \u00c9tats-Unis ont men\u00e9 jeudi une\u00a0<a href=\"http:\/\/www.lefigaro.fr\/international\/de-nouvelles-frappes-americaines-contre-deux-bateaux-de-narcotrafiquants-presumes-font-six-morts-dans-le-pacifique-20251110\" target=\"_blank\" data-fig-type=\"NewsFlash\" rel=\"noopener\" data-gtm-custom-categorie=\"navigation\" data-gtm-custom-action=\"crossclick\" data-gtm-custom-label=\"Contextuel\" data-gtm-event=\"customEventSPE\" data-fig-domain=\"LEFIGARO\">nouvelle frappe dans le Pacifique<\/a>\u00a0contre un bateau utilis\u00e9, selon Washington, par des narcotrafiquants, faisant quatre morts, a annonc\u00e9 l\u2019arm\u00e9e am\u00e9ricaine sur X.<\/p>\n<p class=\"fig-paragraph\">\u00abLe navire transportait des stup\u00e9fiants illicites et transitait par une route connue pour le trafic de drogue dans l\u2019est du Pacifique\u00bb, a \u00e9crit le Southcom, le commandement am\u00e9ricain pour l\u2019Am\u00e9rique latine et les Cara\u00efbes, montrant une vid\u00e9o d\u2019un bateau traversant \u00e0 toute vitesse, avant une forte explosion. \u00abQuatre hommes narcoterroristes \u00e0 bord du vaisseaux ont \u00e9t\u00e9 tu\u00e9s\u00bb, a-t-il affirm\u00e9.<\/p>\n<p>                                            <a class=\"fig-a11y-skip\" href=\"#fig-a11y-skip-main-inarticle\" data-module=\"a11y-skip\" data-context=\"was @visible\"><br \/>\n    Passer la publicit\u00e9<br \/>\n<\/a>            <\/p>\n<p class=\"fig-paragraph\">L\u2019arm\u00e9e am\u00e9ricaine conduit depuis plusieurs mois des frappes qui ont caus\u00e9 la mort de 87 personnes contre des embarcations, en mer des Cara\u00efbes en particulier, sans fournir de preuves de leur lien avec le narcotrafic.<\/p>\n<p>                                            Des frappes critiqu\u00e9es<\/p>\n<p class=\"fig-paragraph\">De plus en plus de voix s\u2019\u00e9l\u00e8vent contre ces frappes d\u00e9but\u00e9es en septembre, et dont la l\u00e9galit\u00e9 est remise en question par nombre d\u2019experts. L\u2019administration du pr\u00e9sident Donald Trump et le ministre de la D\u00e9fense, Pete Hegseth, sont particuli\u00e8rement critiqu\u00e9s pour une op\u00e9ration au cours de laquelle les forces am\u00e9ricaines ont lanc\u00e9 une seconde salve contre un navire d\u00e9j\u00e0 touch\u00e9 dans les Cara\u00efbes, tuant des survivants. Au total, 11 personnes avaient p\u00e9ri dans la double frappe am\u00e9ricaine men\u00e9e d\u00e9but septembre dans les eaux internationales.<\/p>\n<p class=\"fig-paragraph\">La pol\u00e9mique a pris de l\u2019ampleur la semaine derni\u00e8re, lorsque le Washington Post a r\u00e9v\u00e9l\u00e9 que deux survivants de la premi\u00e8re frappe, qui s\u2019accrochaient \u00e0 leur bateau en flammes, avaient \u00e9t\u00e9 tu\u00e9s dans une seconde frappe autoris\u00e9e par le ministre de la D\u00e9fense.<\/p>\n<p class=\"fig-paragraph\">Plus t\u00f4t dans la journ\u00e9e de jeudi, un \u00e9lu de l\u2019opposition d\u00e9mocrate, Jim Himes, a affirm\u00e9 que cette frappe avait tu\u00e9 des \u00abmarins naufrag\u00e9s\u00bb, apr\u00e8s avoir vu une vid\u00e9o du Pentagone diffus\u00e9e \u00e0 des membres du Congr\u00e8s. Selon lui, la vid\u00e9o montrait \u00abdeux individus clairement en d\u00e9tresse, sans moyen de locomotion, qui ont \u00e9t\u00e9 tu\u00e9s par les \u00c9tats-Unis\u00bb.<\/p>\n","protected":false},"excerpt":{"rendered":"D\u2019apr\u00e8s le Southcom, le commandement am\u00e9ricain pour l\u2019Am\u00e9rique latine et les Cara\u00efbes, le navire \u00abtransportait des stup\u00e9fiants illicites&hellip;\n","protected":false},"author":2,"featured_media":579112,"comment_status":"","ping_status":"","sticky":false,"template":"","format":"standard","meta":{"footnotes":""},"categories":[5],"tags":[11,73,1011,27,14,8721,12,11308,28],"class_list":{"0":"post-579111","1":"post","2":"type-post","3":"status-publish","4":"format-standard","5":"has-post-thumbnail","7":"category-international","8":"tag-actualites","9":"tag-etats-unis","10":"tag-fr","11":"tag-france","12":"tag-international","13":"tag-narcotrafic","14":"tag-news","15":"tag-pacifique","16":"tag-world"},"share_on_mastodon":{"url":"https:\/\/pubeurope.com\/@fr\/115665166914042418","error":""},"_links":{"self":[{"href":"https:\/\/www.europesays.com\/fr\/wp-json\/wp\/v2\/posts\/579111","targetHints":{"allow":["GET"]}}],"collection":[{"href":"https:\/\/www.europesays.com\/fr\/wp-json\/wp\/v2\/posts"}],"about":[{"href":"https:\/\/www.europesays.com\/fr\/wp-json\/wp\/v2\/types\/post"}],"author":[{"embeddable":true,"href":"https:\/\/www.europesays.com\/fr\/wp-json\/wp\/v2\/users\/2"}],"replies":[{"embeddable":true,"href":"https:\/\/www.europesays.com\/fr\/wp-json\/wp\/v2\/comments?post=579111"}],"version-history":[{"count":0,"href":"https:\/\/www.europesays.com\/fr\/wp-json\/wp\/v2\/posts\/579111\/revisions"}],"wp:featuredmedia":[{"embeddable":true,"href":"https:\/\/www.europesays.com\/fr\/wp-json\/wp\/v2\/media\/579112"}],"wp:attachment":[{"href":"https:\/\/www.europesays.com\/fr\/wp-json\/wp\/v2\/media?parent=579111"}],"wp:term":[{"taxonomy":"category","embeddable":true,"href":"https:\/\/www.europesays.com\/fr\/wp-json\/wp\/v2\/categories?post=579111"},{"taxonomy":"post_tag","embeddable":true,"href":"https:\/\/www.europesays.com\/fr\/wp-json\/wp\/v2\/tags?post=579111"}],"curies":[{"name":"wp","href":"https:\/\/api.w.org\/{rel}","templated":true}]}}