{"id":579128,"date":"2025-12-05T05:02:13","date_gmt":"2025-12-05T05:02:13","guid":{"rendered":"https:\/\/www.europesays.com\/fr\/579128\/"},"modified":"2025-12-05T05:02:13","modified_gmt":"2025-12-05T05:02:13","slug":"luniversite-de-montpellier-a-livre-son-colis-un-laboratoire-de-pointe-a-liss","status":"publish","type":"post","link":"https:\/\/www.europesays.com\/fr\/579128\/","title":{"rendered":"L&rsquo;Universit\u00e9 de Montpellier a livr\u00e9 son COLIS, un laboratoire de pointe \u00e0 l&rsquo;ISS"},"content":{"rendered":"<p>                    Par<br \/>\n        <strong><br \/>\n            <a href=\"https:\/\/actu.fr\/auteur\/g-martin\" title=\"Consulter tous les articles de Gil Martin\" target=\"_blank\" rel=\"noopener\">Gil Martin<\/a><br \/>\n                    <\/strong><\/p>\n<p>        Publi\u00e9 le<\/p>\n<p>            5 d\u00e9c. 2025 \u00e0 5h06        <\/p>\n<p>C\u2019est dans l\u2019espace que les mat\u00e9riaux leurs secrets : l\u2019UM a donc cr\u00e9\u00e9 u<strong>n laboratoire pour \u00e9tudier gels et verres collo\u00efdaux en microgravit\u00e9<\/strong> sur l\u2019ISS, la\u00a0Station spatiale internationale.<\/p>\n<p class=\" wall-content\">Une cr\u00e8me solaire qui dure plus longtemps, une mayonnaise plus stable, un m\u00e9dicament plus efficace : \u00ab Derri\u00e8re ces applications du quotidien se cachent des <strong>mat\u00e9riaux complexes<\/strong>, des <strong>gels et des verres<\/strong> dont l\u2019\u00e9volution est encore mal comprise \u00bb, rappelle l\u2019Universit\u00e9 de Montpellier en pr\u00e9cisant que ces mat\u00e9riaux complexes sont n\u00e9anmoins \u00ab <strong>omnipr\u00e9sents<\/strong> dans l\u2019industrie pharmaceutique, cosm\u00e9tique ou alimentaire \u00bb.<\/p>\n<p>Un laboratoire d\u00e9di\u00e9 sur l\u2019ISS<\/p>\n<p class=\" wall-content\">Pour mieux percer leurs m\u00e9canismes, les chercheurs de <strong>l\u2019Universit\u00e9 de Montpellier <\/strong>et du<strong> Politecnico di Milano<\/strong> ont con\u00e7u et d\u00e9velopp\u00e9 ensemble COLIS, pour \u00ab <strong>Colloids in Space<\/strong> \u00bb, un nouveau laboratoire r\u00e9cemment embarqu\u00e9 sur la <strong>station spatiale internationale<\/strong> (ISS) et d\u00e9di\u00e9 \u00e0 l\u2019\u00e9tude des mat\u00e9riaux souples <strong>en microgravit\u00e9<\/strong>. \u00ab \u00ab \u00c9tudier les gels et les verres dans cet environnement nous permet d\u2019isoler l\u2019effet de la gravit\u00e9, une force silencieuse mais d\u00e9terminante sur Terre \u00bb, explique le chercheur italien Roberto Piazza.<\/p>\n<p>Pour des formulations plus stables<\/p>\n<p class=\" wall-content\">\u00ab En pla\u00e7ant les gels et les verres <strong>dans l\u2019espace,<\/strong> les scientifiques pourront enfin isoler et analyser ces effets\u2026 Cette compr\u00e9hension est essentielle pour <strong>concevoir des formulations plus stables<\/strong>, des m\u00e9dicaments \u00e0 lib\u00e9ration contr\u00f4l\u00e9e aux mat\u00e9riaux auto-assembl\u00e9s \u00bb, poursuit le scientifique italien, professeur au Politecnico di Milano.<\/p>\n<blockquote class=\"ac-article-quote wall-content\">\n<p>\u00ab\u00a0Amener la physique des mat\u00e9riaux mous sur l\u2019ISS repr\u00e9sente un d\u00e9fi scientifique et technologique qui ouvre de nouvelles perspectives dans l\u2019\u00e9tude de la mati\u00e8re d\u00e9sordonn\u00e9e\u00a0\u00bb<\/p>\n<p>    <strong>Luca Cipelletti<\/strong><br \/>\n        Physicien au laboratoire Charles Coulomb (UM- CNRS)    <\/p><\/blockquote>\n<p>Vid\u00e9os : en ce moment sur Actu<\/p>\n<p class=\" wall-content\">R\u00e9cemment transport\u00e9 vers l\u2019ISS \u00e0 bord du <strong>cargo Cygnus NG-21 de la NASA<\/strong>, embarquant des technologies de pointe (voir ci-dessous), \u00ab COLIS est d\u00e9sormais <strong>pleinement op\u00e9rationnel<\/strong> \u00bb, confirme l\u2019UM qui rappelle fi\u00e8rement que ce laboratoire est le fruit d\u2019une collaboration soutenue entre entre le chercheur montpelli\u00e9rain Luca Cipelletti, <a href=\"https:\/\/actu.fr\/occitanie\/montpellier_34172\/montpellier-l-universite-investit-35-m-dans-la-recherche-fondamentale-en-physique_61654674.html\" target=\"_blank\" rel=\"noopener\">physicien au laboratoire Charles Coulomb (Universit\u00e9 de Montpellier \u2013 CNRS)<\/a> et son coll\u00e8gue du\u00a0Politecnico di Milano.<\/p>\n<p>    <a href=\"https:\/\/www.google.com\/maps\/embed?pb=!1m18!1m12!1m3!1d5775.494597281487!2d3.8627969110093066!3d43.63261825364239!2m3!1f0!2f0!3f0!3m2!1i1024!2i768!4f13.1!3m3!1m2!1s0x12b6aedf7dc4e1e1%3A0x9d919e9957b8787d!2sLaboratoire%20Charles%20Coulomb%20(L2C)%20-%20UMR5221%20du%20CNRS!5e0!3m2!1sfr!2sfr!4v1764794849535!5m2!1sfr!2sfr\" title=\"Ouvrie le lien\" target=\"_blank\" rel=\"noopener\">Cliquez ici pour visualiser le contenu<\/a><\/p>\n<p>Votre r\u00e9gion, votre actu !<\/p>\n<p>Recevez chaque jour les infos qui comptent pour vous.<\/p>\n<p>\t<a href=\"https:\/\/actu.fr\/newsletter\" class=\"ac-btn ac-btn--corner ac-btn--medium ac-btn--blue800\" target=\"_blank\" rel=\"noopener\">S&rsquo;incrire<\/a><\/p>\n<p>    <img   decoding=\"async\" loading=\"lazy\" src=\"https:\/\/www.europesays.com\/fr\/wp-content\/uploads\/2025\/12\/photo-auge-en-visite-960x640.jpg\" alt=\"En septembre 2024, Philippe Aug\u00e9, pr\u00e9sident de l'UM, qui investir 35 M\u20ac dans la recherche fondamentale en physique, visitait le laboratoire Charles Coulomb \" width=\"960\" height=\"640\"\/><br \/>\n    En septembre 2024, Philippe Aug\u00e9, pr\u00e9sident de l\u2019UM, qui va investir 35 M\u20ac dans la recherche fondamentale en physique, visitait le laboratoire Charles Coulomb (\u00a9M\u00e9tropolitain)Plus de 25 ans de collaboration<\/p>\n<p class=\" wall-content\">\u00ab Colis analyse des \u00e9chantillons de gels et de verres collo\u00efdaux <strong>contenant des nanoparticules<\/strong> en se focalisant sur les processus de vieillissement en leur sein \u00bb, indique Luca Cipelletti qui a travaill\u00e9 sur ce projet accompagn\u00e9 notamment par l\u2019Agence Spatiale Europ\u00e9enne (ESA) et le CNES : \u00ab COLIS est l\u2019aboutissement de plus de vingt-cinq ans de collaboration avec le Politecnico di Milano\u2026 Amener <strong>la physique des mat\u00e9riaux mous<\/strong> sur l\u2019ISS repr\u00e9sente un <strong>d\u00e9fi scientifique et technologique<\/strong> qui ouvre de nouvelles perspectives dans l\u2019\u00e9tude de la mati\u00e8re d\u00e9sordonn\u00e9e \u00bb.<\/p>\n<p>Des premiers r\u00e9sultats surprenants\u00a0!<\/p>\n<p class=\" wall-content\">Les premiers travaux men\u00e9s par les \u00e9quipes de Montpellier et Milan confirment que <strong>la gravit\u00e9 influence la structure et les propri\u00e9t\u00e9s<\/strong> des mat\u00e9riaux souples \u00ab <strong>bien plus qu\u2019on ne le pensait<\/strong>. Ses effets perdurent dans le temps, modifiant leur comportement m\u00eame \u00e0 long terme \u00bb, souligne les chercheurs : \u00ab Il est <strong>surprenant<\/strong> de constater \u00e0 quel point une force aussi famili\u00e8re que la gravit\u00e9 fa\u00e7onne, silencieusement, les mat\u00e9riaux que nous utilisons chaque jour\u2026 Ces observations nous permettent <strong>d\u2019am\u00e9liorer leur stabilit\u00e9<\/strong> et, in fine, <strong>la qualit\u00e9 de vie sur Terre<\/strong> \u00bb, conclut Roberto Piazza.<\/p>\n<p>COLIS, un laboratoire de pointe dans l&rsquo;espace<\/p>\n<p>Le laboratoire Colloids in Space\u00a0s\u2019appuie sur plusieurs innovations majeures :<br \/>-Des techniques optiques de corr\u00e9lation dynamique, exploitant les speckle patterns pour suivre la restructuration interne des mat\u00e9riaux\u00a0;<br \/>-Des stimulations thermiques contr\u00f4l\u00e9es, permettant de d\u00e9clencher et d\u2019observer les processus de vieillissement\u00a0;<br \/>-La mesure de la turbidit\u00e9 des \u00e9chantillons et des fluctuations tr\u00e8s rapides de la lumi\u00e8re diffus\u00e9e par l\u2019\u00e9chantillon, capables de d\u00e9tecter pr\u00e9cocement la formation de phases cristallines&#8230; \u00ab\u00a0Cette derni\u00e8re technologie sera mobilis\u00e9e par les \u00e9quipes de Dominique Maes et James Lutsko (Vrije Universiteit Brussel) pour \u00e9tudier la cristallisation des prot\u00e9ines en apesanteur, une \u00e9tape d\u00e9terminante pour am\u00e9liorer la stabilit\u00e9 des m\u00e9dicaments et optimiser les proc\u00e9d\u00e9s biotechnologiques\u00a0\u00bb, indique l\u2019UM.<\/p>\n<p class=\" wall-content\">.<\/p>\n<p class=\" wall-content\">Personnalisez votre actualit\u00e9 en ajoutant vos villes et m\u00e9dias en favori avec <a href=\"https:\/\/moncompte.actu.fr\" title=\"D\u00e9couvez Mon Actu\" rel=\"nofollow noopener\" data-trk=\"{&quot;cta&quot;:{&quot;action&quot;:&quot;https:\\\/\\\/moncompte.actu.fr&quot;,&quot;category&quot;:&quot;mon compte&quot;,&quot;from&quot;:&quot;article footer&quot;,&quot;name&quot;:&quot;Mon actu&quot;,&quot;type&quot;:&quot;cta&quot;}}\" target=\"_blank\">Mon Actu<\/a>.<\/p>\n","protected":false},"excerpt":{"rendered":"Par Gil Martin Publi\u00e9 le 5 d\u00e9c. 2025 \u00e0 5h06 C\u2019est dans l\u2019espace que les mat\u00e9riaux leurs secrets&hellip;\n","protected":false},"author":2,"featured_media":579129,"comment_status":"","ping_status":"","sticky":false,"template":"","format":"standard","meta":{"footnotes":""},"categories":[9599],"tags":[1111,11,1777,674,1011,27,2208,12,2680,25,2631],"class_list":{"0":"post-579128","1":"post","2":"type-post","3":"status-publish","4":"format-standard","5":"has-post-thumbnail","7":"category-montpellier","8":"tag-actu","9":"tag-actualites","10":"tag-eu","11":"tag-europe","12":"tag-fr","13":"tag-france","14":"tag-montpellier","15":"tag-news","16":"tag-occitanie","17":"tag-republique-francaise","18":"tag-sciences-technologie"},"share_on_mastodon":{"url":"https:\/\/pubeurope.com\/@fr\/115665210884146975","error":""},"_links":{"self":[{"href":"https:\/\/www.europesays.com\/fr\/wp-json\/wp\/v2\/posts\/579128","targetHints":{"allow":["GET"]}}],"collection":[{"href":"https:\/\/www.europesays.com\/fr\/wp-json\/wp\/v2\/posts"}],"about":[{"href":"https:\/\/www.europesays.com\/fr\/wp-json\/wp\/v2\/types\/post"}],"author":[{"embeddable":true,"href":"https:\/\/www.europesays.com\/fr\/wp-json\/wp\/v2\/users\/2"}],"replies":[{"embeddable":true,"href":"https:\/\/www.europesays.com\/fr\/wp-json\/wp\/v2\/comments?post=579128"}],"version-history":[{"count":0,"href":"https:\/\/www.europesays.com\/fr\/wp-json\/wp\/v2\/posts\/579128\/revisions"}],"wp:featuredmedia":[{"embeddable":true,"href":"https:\/\/www.europesays.com\/fr\/wp-json\/wp\/v2\/media\/579129"}],"wp:attachment":[{"href":"https:\/\/www.europesays.com\/fr\/wp-json\/wp\/v2\/media?parent=579128"}],"wp:term":[{"taxonomy":"category","embeddable":true,"href":"https:\/\/www.europesays.com\/fr\/wp-json\/wp\/v2\/categories?post=579128"},{"taxonomy":"post_tag","embeddable":true,"href":"https:\/\/www.europesays.com\/fr\/wp-json\/wp\/v2\/tags?post=579128"}],"curies":[{"name":"wp","href":"https:\/\/api.w.org\/{rel}","templated":true}]}}