{"id":579135,"date":"2025-12-05T05:11:30","date_gmt":"2025-12-05T05:11:30","guid":{"rendered":"https:\/\/www.europesays.com\/fr\/579135\/"},"modified":"2025-12-05T05:11:30","modified_gmt":"2025-12-05T05:11:30","slug":"victoire-imperative-pour-grenoble-face-a-nancy-au-stade-des-alpes","status":"publish","type":"post","link":"https:\/\/www.europesays.com\/fr\/579135\/","title":{"rendered":"Victoire imp\u00e9rative pour Grenoble face \u00e0 Nancy au Stade des Alpes"},"content":{"rendered":"<p itemprop=\"description\"><strong>Pour remonter au classement, le GF38 doit battre l\u2019ASNL, avant-dernier de Ligue 2, qui a perdu ses trois derniers matchs.<\/strong><\/p>\n<p>Grenoble re\u00e7oit Nancy pour le compte de la 16e journ\u00e9e de championnat ce vendredi 5 d\u00e9cembre \u00e0 20h.<\/p>\n<p>Douzi\u00e8me de Ligue 2, Grenoble sort d\u2019une qualification en Coupe de France \u00e0 Annecy (1-2), et affrontera une nouvelle fois Nancy dans deux semaines pour les 32e de finale de la comp\u00e9tition.<\/p>\n<p>Nancy de son c\u00f4t\u00e9 vient de se qualifier sur le fil \u00e0 Sarreguemines (3-4), club de R\u00e9gional 1. \u00c0 noter sa forme r\u00e9cente tr\u00e8s d\u00e9cevante en Ligue 2 avec une victoire lors de ses huit derniers matchs dont trois d\u00e9faites de rang. Un promu qui est avant-dernier, mais qui comptabilise tout de m\u00eame 15 points au classement.<\/p>\n<p>En conf\u00e9rence de presse, Samba Diba a soulign\u00e9 qu\u2019il faudra \u201cbatailler\u201d. Malgr\u00e9 la mauvaise situation de Nancy, c\u2019est bien Grenoble qui a le \u201cplus besoin des 3 points\u201d, afin de progresser dans le ventre mou de Ligue 2. Le milieu s\u00e9n\u00e9galais a par ailleurs marqu\u00e9 son premier but avec Grenoble en Coupe de France, et a vant\u00e9 l\u2019\u00e9quilibre au sein du club, jouissant \u201cd\u2019un groupe soud\u00e9\u201d.<\/p>\n<p>Pour le GF38, Ga\u00ebtan Paquiez et Samba Diba risquent une suspension en cas de nouveau carton jaune, eux qui en ont d\u00e9j\u00e0 quatre cette saison.<\/p>\n","protected":false},"excerpt":{"rendered":"Pour remonter au classement, le GF38 doit battre l\u2019ASNL, avant-dernier de Ligue 2, qui a perdu ses trois&hellip;\n","protected":false},"author":2,"featured_media":579136,"comment_status":"","ping_status":"","sticky":false,"template":"","format":"standard","meta":{"footnotes":""},"categories":[9566],"tags":[1111,11,2813,2430,1109,251,1112,2811,1777,674,118,1011,27,21780,2731,14004,1922,1110,1114,108,12,316,25,2812,517,800],"class_list":{"0":"post-579135","1":"post","2":"type-post","3":"status-publish","4":"format-standard","5":"has-post-thumbnail","7":"category-grenoble","8":"tag-actu","9":"tag-actualites","10":"tag-article","11":"tag-auvergne-rhone-alpes","12":"tag-breves","13":"tag-culture","14":"tag-depeches","15":"tag-economique","16":"tag-eu","17":"tag-europe","18":"tag-faits-divers","19":"tag-fr","20":"tag-france","21":"tag-gf38","22":"tag-grenoble","23":"tag-grenoblemag","24":"tag-info","25":"tag-informations","26":"tag-infos","27":"tag-isere","28":"tag-news","29":"tag-politique","30":"tag-republique-francaise","31":"tag-sociale","32":"tag-sport","33":"tag-transports"},"share_on_mastodon":{"url":"https:\/\/pubeurope.com\/@fr\/115665245652627237","error":""},"_links":{"self":[{"href":"https:\/\/www.europesays.com\/fr\/wp-json\/wp\/v2\/posts\/579135","targetHints":{"allow":["GET"]}}],"collection":[{"href":"https:\/\/www.europesays.com\/fr\/wp-json\/wp\/v2\/posts"}],"about":[{"href":"https:\/\/www.europesays.com\/fr\/wp-json\/wp\/v2\/types\/post"}],"author":[{"embeddable":true,"href":"https:\/\/www.europesays.com\/fr\/wp-json\/wp\/v2\/users\/2"}],"replies":[{"embeddable":true,"href":"https:\/\/www.europesays.com\/fr\/wp-json\/wp\/v2\/comments?post=579135"}],"version-history":[{"count":0,"href":"https:\/\/www.europesays.com\/fr\/wp-json\/wp\/v2\/posts\/579135\/revisions"}],"wp:featuredmedia":[{"embeddable":true,"href":"https:\/\/www.europesays.com\/fr\/wp-json\/wp\/v2\/media\/579136"}],"wp:attachment":[{"href":"https:\/\/www.europesays.com\/fr\/wp-json\/wp\/v2\/media?parent=579135"}],"wp:term":[{"taxonomy":"category","embeddable":true,"href":"https:\/\/www.europesays.com\/fr\/wp-json\/wp\/v2\/categories?post=579135"},{"taxonomy":"post_tag","embeddable":true,"href":"https:\/\/www.europesays.com\/fr\/wp-json\/wp\/v2\/tags?post=579135"}],"curies":[{"name":"wp","href":"https:\/\/api.w.org\/{rel}","templated":true}]}}