{"id":579137,"date":"2025-12-05T05:12:38","date_gmt":"2025-12-05T05:12:38","guid":{"rendered":"https:\/\/www.europesays.com\/fr\/579137\/"},"modified":"2025-12-05T05:12:38","modified_gmt":"2025-12-05T05:12:38","slug":"le-concert-funky-de-langlaise-paige-kennedy-a-lance-les-trans-musicales-de-rennes","status":"publish","type":"post","link":"https:\/\/www.europesays.com\/fr\/579137\/","title":{"rendered":"Le concert funky de l\u2019Anglaise Paige Kennedy a lanc\u00e9 les Trans Musicales de Rennes"},"content":{"rendered":"<p>Comme le veut la tradition, Jean-Louis Brossard, le directeur artistique des <a href=\"https:\/\/rennes.maville.com\/actu\/actudet_-navette-covoiturage...-comment-aller-au-festival-des-trans-musicales-a-rennes-en-toute-securite-_7-7088325_actu.Htm\" target=\"_blank\" rel=\"noopener\">Trans Musicales \u00e0 Rennes<\/a>, est mont\u00e9 sur sc\u00e8ne, mercredi soir, pour accueillir le public et, d\u2019un mot, lancer cette nouvelle \u00e9dition du festival. L\u2019endroit choisi est mythique\u00a0: la salle de la Cit\u00e9, qui abrite les trois premiers concerts de 2025, est celle o\u00f9 tout a commenc\u00e9 en 1979.<\/p>\n<p>\t<img decoding=\"async\" src=\"https:\/\/www.europesays.com\/fr\/wp-content\/uploads\/2025\/12\/P35619221D7092662G_px_640_.jpg\" alt=\"photo la soir\u00e9e d\u2019ouverture de l\u2019\u00e9dition 2025 des trans musicales avait lieu \u00e0 la salle de la cit\u00e9.  \u00a9  elsa rancel \/ ouest-france\" width=\"640\" title=\" La soir\u00e9e d\u2019ouverture de l\u2019\u00e9dition 2025 des Trans musicales avait lieu \u00e0 la salle de la Cit\u00e9.   Elsa Rancel \/ Ouest-France \"\/><\/p>\n<p class=\"elmt-legende\"> La soir\u00e9e d\u2019ouverture de l\u2019\u00e9dition 2025 des Trans musicales avait lieu \u00e0 la salle de la Cit\u00e9.   Elsa Rancel \/ Ouest-France <\/p>\n<p><strong>Lire aussi :<\/strong>\u00a0<a href=\"https:\/\/rennes.maville.com\/actu\/actudet_-appel-a-temoignages.-belles-surprises-anecdotes-imprevus...-quel-est-votre-meilleur-souvenir-des-trans-musicales-_7-7088370_actu.Htm\" target=\"_blank\" rel=\"noopener\">Appel \u00e0 t\u00e9moignages. Belles surprises, anecdotes, impr\u00e9vus&#8230; Quel est votre meilleur souvenir des Trans Musicales ?<\/a><\/p>\n<p>Trois nuits au Parc-expo<\/p>\n<p>Sur sc\u00e8ne, Paige Kennedy et son groupe, pour leur premier concert en France, donnent le ton\u00a0: leur funk, teint\u00e9 de rock et d\u2019\u00e9lectro, fait d\u00e9j\u00e0 bouger les 800\u00a0spectateurs.<\/p>\n<p>La jeune chanteuse et guitariste anglaise, malgr\u00e9 un fran\u00e7ais balbutiant, s\u2019astreint \u00e0 s\u2019exprimer dans la langue de Moli\u00e8re. Sa voie enfantine de cartoon donne \u00e0 son personnage un petit c\u00f4t\u00e9 burlesque, voire excentrique.<\/p>\n<p>\t<img decoding=\"async\" src=\"https:\/\/www.europesays.com\/fr\/wp-content\/uploads\/2025\/12\/P35619222D7092662G_px_640_.jpg\" alt=\"photo mercredi lors de la soir\u00e9e d\u2019ouverture des trans musicales.  \u00a9  elsa rancel \/ ouest-france\" width=\"640\" title=\" Mercredi lors de la soir\u00e9e d\u2019ouverture des Trans Musicales.   Elsa Rancel \/ Ouest-France \"\/><\/p>\n<p class=\"elmt-legende\"> Mercredi lors de la soir\u00e9e d\u2019ouverture des Trans Musicales.   Elsa Rancel \/ Ouest-France <\/p>\n<p>Le public est conquis. Et, pour les Trans, la 47e \u00e9dition est sur les rails avec, de jeudi jusqu\u2019\u00e0 samedi, les concerts gratuits du Libert\u00e9 en fin d\u2019apr\u00e8s-midi, puis les trois nuits au Parc-expo.<\/p>\n<p>Sans oublier la cr\u00e9ation commune, jusqu\u2019\u00e0 dimanche, des <a href=\"https:\/\/rennes.maville.com\/actu\/actudet_-avec-asfar-shamsi-et-lynx-irl-rap-et-chanson-fusionnent-aux-trans-musicales-_52674-7091864_actu.Htm\" target=\"_blank\" rel=\"noopener\">rappeuses Asfar Shamsi et Lynx IRL \u00e0 l\u2019Aire Libre.<\/a><\/p>\n<p>\u00a0<\/p>\n","protected":false},"excerpt":{"rendered":"Comme le veut la tradition, Jean-Louis Brossard, le directeur artistique des Trans Musicales \u00e0 Rennes, est mont\u00e9 sur&hellip;\n","protected":false},"author":2,"featured_media":579138,"comment_status":"","ping_status":"","sticky":false,"template":"","format":"standard","meta":{"footnotes":""},"categories":[2821],"tags":[1111,11,46611,829,1697,1777,674,1011,27,46405,30466,9447,29951,12,69316,3086,584,25,11278],"class_list":{"0":"post-579137","1":"post","2":"type-post","3":"status-publish","4":"format-standard","5":"has-post-thumbnail","7":"category-rennes","8":"tag-actu","9":"tag-actualites","10":"tag-anglaise","11":"tag-bretagne","12":"tag-concert","13":"tag-eu","14":"tag-europe","15":"tag-fr","16":"tag-france","17":"tag-funky","18":"tag-kennedy","19":"tag-lance","20":"tag-musicales","21":"tag-news","22":"tag-paige","23":"tag-redon","24":"tag-rennes","25":"tag-republique-francaise","26":"tag-trans"},"share_on_mastodon":{"url":"https:\/\/pubeurope.com\/@fr\/115665250423796272","error":""},"_links":{"self":[{"href":"https:\/\/www.europesays.com\/fr\/wp-json\/wp\/v2\/posts\/579137","targetHints":{"allow":["GET"]}}],"collection":[{"href":"https:\/\/www.europesays.com\/fr\/wp-json\/wp\/v2\/posts"}],"about":[{"href":"https:\/\/www.europesays.com\/fr\/wp-json\/wp\/v2\/types\/post"}],"author":[{"embeddable":true,"href":"https:\/\/www.europesays.com\/fr\/wp-json\/wp\/v2\/users\/2"}],"replies":[{"embeddable":true,"href":"https:\/\/www.europesays.com\/fr\/wp-json\/wp\/v2\/comments?post=579137"}],"version-history":[{"count":0,"href":"https:\/\/www.europesays.com\/fr\/wp-json\/wp\/v2\/posts\/579137\/revisions"}],"wp:featuredmedia":[{"embeddable":true,"href":"https:\/\/www.europesays.com\/fr\/wp-json\/wp\/v2\/media\/579138"}],"wp:attachment":[{"href":"https:\/\/www.europesays.com\/fr\/wp-json\/wp\/v2\/media?parent=579137"}],"wp:term":[{"taxonomy":"category","embeddable":true,"href":"https:\/\/www.europesays.com\/fr\/wp-json\/wp\/v2\/categories?post=579137"},{"taxonomy":"post_tag","embeddable":true,"href":"https:\/\/www.europesays.com\/fr\/wp-json\/wp\/v2\/tags?post=579137"}],"curies":[{"name":"wp","href":"https:\/\/api.w.org\/{rel}","templated":true}]}}