{"id":579143,"date":"2025-12-05T05:15:22","date_gmt":"2025-12-05T05:15:22","guid":{"rendered":"https:\/\/www.europesays.com\/fr\/579143\/"},"modified":"2025-12-05T05:15:22","modified_gmt":"2025-12-05T05:15:22","slug":"de-200-a-400-millions-deuros-pourquoi-la-dette-de-la-ville-de-strasbourg-a-double-en-six-ans","status":"publish","type":"post","link":"https:\/\/www.europesays.com\/fr\/579143\/","title":{"rendered":"De 200 \u00e0 400\u00a0millions d&rsquo;euros, pourquoi la dette de la Ville de Strasbourg a doubl\u00e9 en six ans"},"content":{"rendered":"<p class=\"wp-block-post-excerpt__excerpt\">Le bilan financier du mandat de Jeanne Barseghian \u00e0 la t\u00eate de la Ville de Strasbourg se dessine. Il s\u2019est distingu\u00e9 par un recours massif \u00e0 l\u2019emprunt, au point de doubler la dette. Une r\u00e9ponse \u00e0 \u00ab\u00a0la dette \u00e9cologique et sociale\u00a0\u00bb selon la municipalit\u00e9 \u00e9cologiste. <\/p>\n<p>Eva Chibane<\/p>\n<p>Publi\u00e9 le 5 d\u00e9cembre 2025\u00a0\u00a0\u00b7\u00a0\u00a0<\/p>\n<p>Imprim\u00e9 le 5 d\u00e9cembre 2025 \u00e0 06h15\u00a0\u00a0\u00b7\u00a0\u00a0<\/p>\n<p>\t\t\t\t\t7\u00a0minutes\n<\/p>\n<p class=\"has-drop-cap\">S\u2019il y a un sujet qui revient \u00e0 chaque conversation sur les finances locales, c\u2019est la dette. Largement d\u00e9battue <a href=\"https:\/\/www.rue89strasbourg.com\/budget-petite-enfance-principaux-points-votes-conseil-municipal-365488\" target=\"_blank\" rel=\"noreferrer noopener\">lors des d\u00e9bats d\u2019orientation budg\u00e9taire<\/a>, elle vaut \u00e0 la majorit\u00e9 d\u2019accuser l\u2019opposition d\u2019\u00eatre des \u00ab\u00a0f\u00e9tichistes de la dette\u00a0\u00bb. Cette dette avait pourtant \u00e9t\u00e9 annonc\u00e9e d\u00e8s 2020 via un \u00ab\u00a0grand emprunt\u00a0\u00bb de <a href=\"https:\/\/www.lesechos.fr\/politique-societe\/regions\/jeanne-barseghian-la-maire-ecologiste-de-strasbourg-prete-a-depenser-plus-pour-derouler-son-programme-1233409\" target=\"_blank\" rel=\"noreferrer noopener\">350 millions d\u2019euros<\/a>, cens\u00e9 financer des projets de transition \u00e9cologique et de r\u00e9novation du patrimoine scolaire.<\/p>\n<p>En fin de mandat, la promesse du grand emprunt a \u00e9t\u00e9 tenue et la dette a doubl\u00e9. Entre 2019 et 2023, 49\u00a0% des investissements ont \u00e9t\u00e9 financ\u00e9s \u00e0 cr\u00e9dit. La dette est pass\u00e9e de 194 \u00e0 332 millions en 2024 (+72\u00a0%), avec une projection \u00e0 419 millions en 2026. Les chiffres montrent une acc\u00e9l\u00e9ration notable de l\u2019endettement en fin de mandat, concentr\u00e9 sur la r\u00e9alisation de nombreux chantiers. Syamak Agha Babaei, premier adjoint \u00e0 la maire de Strasbourg en charge des finances, explique\u00a0:<\/p>\n<blockquote class=\"wp-block-quote is-layout-flow wp-block-quote-is-layout-flow\">\n<p>\u00ab\u00a0Quand nous sommes arriv\u00e9s, en 2020, il y a eu un temps de latence pour les projets, avec des retards sur les investissements. Cela explique aussi qu\u2019en fin de mandat, il y ait beaucoup de travaux.\u00a0\u00bb \u202f<\/p>\n<\/blockquote>\n<p>\t\t200 millions pour la petite enfance <\/p>\n<p>Lisez la suite pour 1\u20ac seulement<\/p>\n<ul class=\"wp-block-list\">\n<li class=\"align-start flex list-none mb-2 has-medium-font-size\">Jouez un r\u00f4le actif dans la pr\u00e9servation de la pluralit\u00e9 m\u00e9diatique<\/li>\n<li class=\"align-start flex list-none mb-2 has-medium-font-size\">Plongez en illimit\u00e9 dans nos articles et enqu\u00eates exclusives<\/li>\n<li class=\"align-start flex list-none mb-2 has-medium-font-size\">Participez librement \u00e0 la discussion gr\u00e2ce aux \u00ab\u00a0identit\u00e9s multiples\u00a0\u00bb<\/li>\n<\/ul>\n<p class=\"has-text-align-right\"><strong><a href=\"https:\/\/www.rue89strasbourg.com\/abonnement\" data-type=\"page\" data-id=\"0\" target=\"_blank\" rel=\"noopener\">Je m\u2019abonne\u00a0 <\/a><\/strong><\/p>\n<p>\t\t\t<a href=\"https:\/\/www.rue89strasbourg.com\/\" class=\"custom-logo-link\" rel=\"home noopener\" target=\"_blank\"><img loading=\"lazy\" decoding=\"async\" width=\"290\" height=\"62\" src=\"https:\/\/www.europesays.com\/fr\/wp-content\/uploads\/2025\/04\/1743975279_388_logo.png\" class=\"custom-logo\" alt=\"Rue89 Strasbourg Enqu\u00eates et informations locales\"  \/><\/a><\/p>\n<p>\n\t\t\t\tAbonnez-vous maintenant pour suivre l\u2019actualit\u00e9 locale.\t\t\t<\/p>\n<p class=\"font-bold font-serif-heading mb-2 text-4xl\">\n\t\t\t\t\t\tL\u2019investigation locale \u00e0 port\u00e9e de main.\n\t\t\t\t\t<\/p>\n<p>\n\t\t\t\t\t\tAbonnez-vous et profitez d\u2019un acc\u00e8s illimit\u00e9 \u00e0 Rue89 Strasbourg. Annulez quand vous voulez.\n\t\t\t\t\t<\/p>\n<p class=\"xl:text-sm\">\n\t\t\t\t\tD\u00e9j\u00e0 abonn\u00e9\u00a0?<br \/>\n\t\t\t\t\t<a class=\"border border-transparent text-center transition-colors duration-instant focus:border-info focus:rounded focus:shadow-focus cursor-pointer text-black hover:text-gray-700 active:bg-black-700 font-semibold inline-block\" href=\"https:\/\/www.rue89strasbourg.com\/user\/connexion?redirect=\/bilan-finances-strasbourg-jeanne-barseghian-368478\" target=\"_blank\" rel=\"noopener\">Connectez-vous<\/a>\t\t\t\t<\/p>\n<p>\n\t\t\t\tChoisissez votre formule\u00a0:\n\t\t\t<\/p>\n<p>\t\t\t\tFermer<\/p>\n","protected":false},"excerpt":{"rendered":"Le bilan financier du mandat de Jeanne Barseghian \u00e0 la t\u00eate de la Ville de Strasbourg se dessine.&hellip;\n","protected":false},"author":2,"featured_media":579144,"comment_status":"","ping_status":"","sticky":false,"template":"","format":"standard","meta":{"footnotes":""},"categories":[2820],"tags":[1111,11,2761,1777,674,6329,1011,27,775,12,316,25,640,69317],"class_list":{"0":"post-579143","1":"post","2":"type-post","3":"status-publish","4":"format-standard","5":"has-post-thumbnail","7":"category-strasbourg","8":"tag-actu","9":"tag-actualites","10":"tag-elections-municipales-2026","11":"tag-eu","12":"tag-europe","13":"tag-finances-publiques","14":"tag-fr","15":"tag-france","16":"tag-grand-est","17":"tag-news","18":"tag-politique","19":"tag-republique-francaise","20":"tag-strasbourg","21":"tag-syamak-agha-babaei"},"share_on_mastodon":{"url":"https:\/\/pubeurope.com\/@fr\/115665262222687458","error":""},"_links":{"self":[{"href":"https:\/\/www.europesays.com\/fr\/wp-json\/wp\/v2\/posts\/579143","targetHints":{"allow":["GET"]}}],"collection":[{"href":"https:\/\/www.europesays.com\/fr\/wp-json\/wp\/v2\/posts"}],"about":[{"href":"https:\/\/www.europesays.com\/fr\/wp-json\/wp\/v2\/types\/post"}],"author":[{"embeddable":true,"href":"https:\/\/www.europesays.com\/fr\/wp-json\/wp\/v2\/users\/2"}],"replies":[{"embeddable":true,"href":"https:\/\/www.europesays.com\/fr\/wp-json\/wp\/v2\/comments?post=579143"}],"version-history":[{"count":0,"href":"https:\/\/www.europesays.com\/fr\/wp-json\/wp\/v2\/posts\/579143\/revisions"}],"wp:featuredmedia":[{"embeddable":true,"href":"https:\/\/www.europesays.com\/fr\/wp-json\/wp\/v2\/media\/579144"}],"wp:attachment":[{"href":"https:\/\/www.europesays.com\/fr\/wp-json\/wp\/v2\/media?parent=579143"}],"wp:term":[{"taxonomy":"category","embeddable":true,"href":"https:\/\/www.europesays.com\/fr\/wp-json\/wp\/v2\/categories?post=579143"},{"taxonomy":"post_tag","embeddable":true,"href":"https:\/\/www.europesays.com\/fr\/wp-json\/wp\/v2\/tags?post=579143"}],"curies":[{"name":"wp","href":"https:\/\/api.w.org\/{rel}","templated":true}]}}