{"id":579149,"date":"2025-12-05T05:18:32","date_gmt":"2025-12-05T05:18:32","guid":{"rendered":"https:\/\/www.europesays.com\/fr\/579149\/"},"modified":"2025-12-05T05:18:32","modified_gmt":"2025-12-05T05:18:32","slug":"la-microalgue-parfaite-existe-t-elle-la-reponse-avec-notre-rendez-vous-ecoute-ta-mer-3","status":"publish","type":"post","link":"https:\/\/www.europesays.com\/fr\/579149\/","title":{"rendered":"La microalgue parfaite existe-t-elle\u00a0? La r\u00e9ponse avec notre rendez-vous \u00ab\u00a0\u00c9coute ta mer\u00a0!\u00a0\u00bb"},"content":{"rendered":"<p>Apr\u00e8s \u00ab\u00a0L\u2019hu\u00eetre et son microbiome face aux pollutions\u00a0\u00bb, le 2\u00a0juillet 2025 \u00e0 Trentemoult avec Anthony Bertucci et Christophe Stavrakakis, chercheurs \u00e0 l\u2019Ifremer \u00e0 Nantes \u00ab\u00a0\u00c9coute ta mer\u00a0!\u00a0\u00bb est de retour. Le cycle de rencontres et d\u2019\u00e9changes entre scientifiques et le grand public initi\u00e9 par Presse Oc\u00e9an et l\u2019Ifremer, dans le cadre de l\u2019Ann\u00e9e de la mer, reprend.<\/p>\n<p>Pour cette deuxi\u00e8me rencontre, organis\u00e9e le jeudi 18\u00a0d\u00e9cembre 2025, de 19\u00a0h \u00e0 20\u00a0h, cette fois au Jack\u2019s Corner Pub &amp; Food, 2,\u00a0rue de la Baclerie, quartier Bouffay \u00e0 Nantes, Ga\u00ebl Bougaran, Gr\u00e9gory Carrier et Bruno Saint-Jean, chercheurs en \u00e9cophysiologie, en g\u00e9n\u00e9tique et en g\u00e9nomique des microalgues \u00e0 l\u2019Ifremer (unit\u00e9 Physiologie et toxines des microalgues toxiques et nuisibles) \u00e0 Nantes entra\u00eeneront les participants \u00ab\u00a0A la recherche de la microalgue parfaite\u00a0\u00bb.<\/p>\n<p>\u00c0 la recherche de la microalgue parfaite<\/p>\n<p>L\u2019occasion de poser toutes\u00a0vos questions sur ces organismes microscopiques aux pouvoirs incroyables\u2026 Le tout autour d\u2019un verre, dans une ambiance conviviale, et avec quelques surprises\u00a0! L\u2019id\u00e9e de ces \u00ab\u00a0rencontres de l\u2019oc\u00e9an\u00a0\u00bb, est de rendre la science accessible et de discuter, en toute simplicit\u00e9, des sciences oc\u00e9aniques avec des experts, dans des lieux vivants et anim\u00e9s.<\/p>\n<p><strong>\u00c0 LIRE AUSSI.<\/strong>\u00a0<a href=\"https:\/\/nantes.maville.com\/actu\/actudet_--ecoute-ta-mer-avec-ifremer-et-presse-ocean-quand-la-science-se-met-a-la-portee-de-tous-_8-6884116_actu.Htm\" target=\"_blank\" rel=\"noopener\">\u00ab\u00a0\u00c9coute ta mer\u00a0\u00bb avec Ifremer et Presse Oc\u00e9an\u00a0: quand la science se met \u00e0 la port\u00e9e de tous<\/a><\/p>\n<p>De nombreuses applications prometteuses<\/p>\n<p>\u00a0Les microalgues forment un groupe tr\u00e8s diversifi\u00e9 d\u2019organismes unicellulaires, qui constituent la base des r\u00e9seaux trophiques aquatiques. Elles assurent pr\u00e8s de 50\u00a0% de la production primaire mondiale et contribuent fortement \u00e0 la captation du CO2\u00a0atmosph\u00e9rique. Leur potentiel biotechnologique est d\u00e9sormais reconnu, ouvrant la voie \u00e0 de nombreuses applications prometteuses dans des secteurs tels que la sant\u00e9, la cosm\u00e9tique, l\u2019alimentation humaine et animale, la biorem\u00e9diation, la production d\u2019anticorps ou encore la g\u00e9n\u00e9ration de biocarburants de troisi\u00e8me g\u00e9n\u00e9ration\u00a0, explique Ifremer qui animera cette rencontre conviviale, dans une ambiance d\u00e9tendue.<\/p>\n<p>L\u2019\u00e9v\u00e9nement d\u00e9marrera \u00e0 19\u00a0h mais il est pr\u00e9f\u00e9rable d\u2019arriver un peu en avance car le service se fait au bar au rez-de-chauss\u00e9e. Ensuite, vous pourrez monter directement \u00e0 l\u2019\u00e9tage avec vos consommations (grignotages autoris\u00e9s\u00a0!) et vous installer tranquillement.<\/p>\n<p>??Pr\u00e9-inscription sur <a href=\"https:\/\/my.weezevent.com\/ecoute-ta-mer-a-la-recherche-de-la-microalgue-parfaite\" target=\"_blank\" rel=\"noopener\">https:\/\/my.weezevent.com\/ecoute-ta-mer-a-la-recherche-de-la-microalgue-parfaite<\/a>.\u00a0Plus de billet disponible\u00a0? Tentez votre chance le jour J, nous gardons quelques si\u00e8ges en plus\u00a0!<\/p>\n<p>\u00a0<\/p>\n","protected":false},"excerpt":{"rendered":"Apr\u00e8s \u00ab\u00a0L\u2019hu\u00eetre et son microbiome face aux pollutions\u00a0\u00bb, le 2\u00a0juillet 2025 \u00e0 Trentemoult avec Anthony Bertucci et Christophe&hellip;\n","protected":false},"author":2,"featured_media":577599,"comment_status":"","ping_status":"","sticky":false,"template":"","format":"standard","meta":{"footnotes":""},"categories":[2818],"tags":[1111,11,7734,1777,674,68993,1011,27,6127,68992,766,12,59881,2636,12407,5033,25],"class_list":{"0":"post-579149","1":"post","2":"type-post","3":"status-publish","4":"format-standard","5":"has-post-thumbnail","7":"category-nantes","8":"tag-actu","9":"tag-actualites","10":"tag-ecoute","11":"tag-eu","12":"tag-europe","13":"tag-existe-t-elle","14":"tag-fr","15":"tag-france","16":"tag-mer","17":"tag-microalgue","18":"tag-nantes","19":"tag-news","20":"tag-parfaite","21":"tag-pays-de-la-loire","22":"tag-rendez-vous","23":"tag-reponse","24":"tag-republique-francaise"},"share_on_mastodon":{"url":"https:\/\/pubeurope.com\/@fr\/115665273042632668","error":""},"_links":{"self":[{"href":"https:\/\/www.europesays.com\/fr\/wp-json\/wp\/v2\/posts\/579149","targetHints":{"allow":["GET"]}}],"collection":[{"href":"https:\/\/www.europesays.com\/fr\/wp-json\/wp\/v2\/posts"}],"about":[{"href":"https:\/\/www.europesays.com\/fr\/wp-json\/wp\/v2\/types\/post"}],"author":[{"embeddable":true,"href":"https:\/\/www.europesays.com\/fr\/wp-json\/wp\/v2\/users\/2"}],"replies":[{"embeddable":true,"href":"https:\/\/www.europesays.com\/fr\/wp-json\/wp\/v2\/comments?post=579149"}],"version-history":[{"count":0,"href":"https:\/\/www.europesays.com\/fr\/wp-json\/wp\/v2\/posts\/579149\/revisions"}],"wp:featuredmedia":[{"embeddable":true,"href":"https:\/\/www.europesays.com\/fr\/wp-json\/wp\/v2\/media\/577599"}],"wp:attachment":[{"href":"https:\/\/www.europesays.com\/fr\/wp-json\/wp\/v2\/media?parent=579149"}],"wp:term":[{"taxonomy":"category","embeddable":true,"href":"https:\/\/www.europesays.com\/fr\/wp-json\/wp\/v2\/categories?post=579149"},{"taxonomy":"post_tag","embeddable":true,"href":"https:\/\/www.europesays.com\/fr\/wp-json\/wp\/v2\/tags?post=579149"}],"curies":[{"name":"wp","href":"https:\/\/api.w.org\/{rel}","templated":true}]}}