{"id":579150,"date":"2025-12-05T05:20:07","date_gmt":"2025-12-05T05:20:07","guid":{"rendered":"https:\/\/www.europesays.com\/fr\/579150\/"},"modified":"2025-12-05T05:20:07","modified_gmt":"2025-12-05T05:20:07","slug":"ldc-j10-nantes-craque-dans-le-dernier-quart-dheure-face-a-kielce","status":"publish","type":"post","link":"https:\/\/www.europesays.com\/fr\/579150\/","title":{"rendered":"LDC &#8211; J10 | Nantes craque dans le dernier quart d&rsquo;heure face \u00e0 Kielce"},"content":{"rendered":"<p><img loading=\"lazy\" decoding=\"async\" class=\"size-full wp-image-330937\" src=\"https:\/\/www.europesays.com\/fr\/wp-content\/uploads\/2025\/12\/GUS_4586.jpg\" alt=\"\" width=\"900\" height=\"600\"\/>AYMERIC MINNE (HBC NANTES)<\/p>\n<p style=\"text-align: justify;\" data-start=\"57\" data-end=\"341\"><strong>Pour la premi\u00e8re soir\u00e9e XXL de l&rsquo;ann\u00e9e et devant plus de 10,600 spectateurs, Nantes s&rsquo;incline face \u00e0 Kielce (29-33). Les Nantais ont l\u00e2ch\u00e9 dans le dernier quart d&rsquo;heure, manquant de r\u00e9gularit\u00e9 en attaque. Kielce repasse devant le \u00ab H \u00bb au classement. Le club fran\u00e7ais glisse \u00e0 la sixi\u00e8me place avant la tr\u00eave \u00e0 quatre\u00a0journ\u00e9e de la fin de la phase de poule.<\/strong><\/p>\n<p style=\"text-align: justify;\" data-start=\"57\" data-end=\"341\">Pour ce premier match de la saga XXL du <strong data-start=\"97\" data-end=\"111\">HBC Nantes<\/strong>, un match de gala avec la r\u00e9ception de <strong data-start=\"151\" data-end=\"161\">Kielce<\/strong>. <a href=\"https:\/\/handnews.fr\/2025\/ldc-m-la-reception-de-kielce-un-casse-tete-xxl-en-defense\/\" target=\"_blank\" rel=\"noopener\">Les Nantais, d\u00e9cim\u00e9s par les blessures, sont en qu\u00eate de points en <strong data-start=\"230\" data-end=\"253\">Ligue des champions<\/strong><\/a> apr\u00e8s deux revers cons\u00e9cutifs \u00e0 l&rsquo;ext\u00e9rieur, d&rsquo;abord \u00e0 <strong data-start=\"309\" data-end=\"321\">Bucarest<\/strong> puis \u00e0 <strong data-start=\"329\" data-end=\"340\">Aalborg<\/strong>.<\/p>\n<p style=\"text-align: justify;\" data-start=\"343\" data-end=\"683\">Les Polonais, emmen\u00e9s par l&rsquo;ancien Nantais <strong data-start=\"386\" data-end=\"403\">Jorge Maqueda<\/strong>, d\u00e9marrent fort en prenant directement trois buts d&rsquo;avance (3&prime;). C&rsquo;est finalement <strong data-start=\"486\" data-end=\"503\">Aymeric Minne<\/strong> qui d\u00e9bloque le compteur des Violets, en dor\u00e9 ce soir (1-4, 7&prime;). Comme pressenti, Nantes a du mal en d\u00e9fense mais va mieux en attaque apr\u00e8s un d\u00e9but de match brouillon (5-9, 13&prime;).<\/p>\n<p style=\"text-align: justify;\" data-start=\"685\" data-end=\"1132\">Les co\u00e9quipiers de <strong data-start=\"704\" data-end=\"720\">Noam L\u00e9opold<\/strong> stoppent l&rsquo;h\u00e9morragie et reviennent \u00e0 trois longueurs des Polonais (9-12, 20&prime;). L&rsquo;entr\u00e9e d&rsquo;<strong data-start=\"812\" data-end=\"826\">Ivan Pesic,<\/strong>\u00a0redonne un second souffle aux siens qui reviennent au score apr\u00e8s une troisi\u00e8me r\u00e9alisation de <strong data-start=\"922\" data-end=\"941\">Nicolas Tournat<\/strong> (13-13, 25&prime;). Le \u00ab <strong data-start=\"961\" data-end=\"966\">H<\/strong> \u00bb rentre aux vestiaires avec un but de retard. Apr\u00e8s un d\u00e9but de match compliqu\u00e9, les locaux ont relev\u00e9 la t\u00eate et rattrap\u00e9 un retard qui est all\u00e9 jusqu&rsquo;\u00e0 cinq buts. Parmi les satisfactions de la premi\u00e8re p\u00e9riode : <strong data-start=\"1183\" data-end=\"1199\">Noam L\u00e9opold<\/strong> (7\/8), <strong data-start=\"1207\" data-end=\"1221\">Ivan Pesic<\/strong> et la bonne prestation d\u00e9fensive du jeune <strong data-start=\"1257\" data-end=\"1285\">Andr\u00e9 Wenkegheu Tchambou (16-17, 30&prime;)<\/strong>.<\/p>\n<p><img loading=\"lazy\" decoding=\"async\" class=\"size-full wp-image-330929\" src=\"https:\/\/www.europesays.com\/fr\/wp-content\/uploads\/2025\/12\/GUS_4478.jpg\" alt=\"\" width=\"900\" height=\"600\"\/>IVAN PESIC (HBC NANTES)<br \/>\nNantes repart fort, puis craque<br \/>\n&#13;<\/p>\n<p style=\"text-align: justify;\" data-start=\"57\" data-end=\"479\">Nantes rentre mieux dans le second acte avec un missile d&rsquo;<strong data-start=\"115\" data-end=\"129\">Ayoub Abdi<\/strong> suivi d&rsquo;une r\u00e9alisation de <strong data-start=\"157\" data-end=\"182\">Th\u00e9o Avelange-Demouge<\/strong> et m\u00e8ne pour la premi\u00e8re fois de la soir\u00e9e (18-17, 31&prime;). Face \u00e0 des Nantais remont\u00e9s, un homme est en forme c\u00f4t\u00e9 <strong data-start=\"296\" data-end=\"306\">Kielce<\/strong> : <strong data-start=\"309\" data-end=\"328\">Alex Dujshebaev<\/strong> (4\/5). Le \u00ab <strong data-start=\"341\" data-end=\"346\">H<\/strong> \u00bb retombe dans ses travers du d\u00e9but de rencontre et se trouve en difficult\u00e9 en attaque face \u00e0 un bon <strong data-start=\"448\" data-end=\"465\">Klemen Ferlin<\/strong> (21-20, 40&prime;).<\/p>\n<p style=\"text-align: justify;\" data-start=\"481\" data-end=\"835\">\u00c0 un quart du terme, personne n&rsquo;arrive \u00e0 prendre le large, mais Nantes paie ses largesses offensives et se retrouve men\u00e9 (22-24, 45&prime;). Puis, les hommes de <strong data-start=\"630\" data-end=\"651\">Dimitri Fleurance<\/strong> prennent l&rsquo;eau face \u00e0 une mar\u00e9e polonaise (23-27, 50&prime;). \u00c0 l&rsquo;image de leur leader d&rsquo;attaque <strong data-start=\"743\" data-end=\"760\">Aymeric Minne<\/strong>, le \u00ab <strong data-start=\"767\" data-end=\"772\">H<\/strong> \u00bb a les occasions mais rate beaucoup face au but (25-28, 53&prime;).<\/p>\n<p style=\"text-align: justify;\" data-start=\"837\" data-end=\"1302\" data-is-last-node=\"\" data-is-only-node=\"\"><strong data-start=\"837\" data-end=\"857\">Arkadiusz Moryto<\/strong> vient refroidir les espoirs des locaux en encha\u00eenant deux buts dont un magnifique chab (31-26, 57&prime;). Apr\u00e8s un crois\u00e9 <strong data-start=\"986\" data-end=\"1007\">Tarrafeta-Tournat<\/strong>, Nantes est de retour \u00e0 deux buts et fait bouillir la <strong data-start=\"1062\" data-end=\"1073\">H Arena<\/strong> et ses 10 600 spectateurs (29-31, 59&prime;). Mais un 7 m\u00e8tres de <strong data-start=\"1134\" data-end=\"1150\" data-is-only-node=\"\">Szymon Sicko<\/strong> tue un match min\u00e9 par les \u00e9checs au tir des Nantais, synonyme de troisi\u00e8me d\u00e9faite de rang pour Nantes en Ligue des Champions <strong>(29-33, score final). <\/strong>C&rsquo;\u00e9tait la derni\u00e8re journ\u00e9e de ligue des champions de 2025, place d\u00e9sormais au championnat et \u00e0 la tr\u00eave internationale d\u00e9di\u00e9e \u00e0 l&rsquo;Euro masculin. La ligue des champions sera de retour en f\u00e9vrier 2026.<\/p>\n<p>&#13;<\/p>\n","protected":false},"excerpt":{"rendered":"AYMERIC MINNE (HBC NANTES) Pour la premi\u00e8re soir\u00e9e XXL de l&rsquo;ann\u00e9e et devant plus de 10,600 spectateurs, Nantes&hellip;\n","protected":false},"author":2,"featured_media":579151,"comment_status":"","ping_status":"","sticky":false,"template":"","format":"standard","meta":{"footnotes":""},"categories":[2818],"tags":[1111,11,69318,1777,674,1011,27,4343,69319,50401,69320,69321,766,12,45965,2636,25],"class_list":{"0":"post-579150","1":"post","2":"type-post","3":"status-publish","4":"format-standard","5":"has-post-thumbnail","7":"category-nantes","8":"tag-actu","9":"tag-actualites","10":"tag-andre-wenkegheu-tchambou","11":"tag-eu","12":"tag-europe","13":"tag-fr","14":"tag-france","15":"tag-hbc-nantes","16":"tag-industria-kielce","17":"tag-ivan-pesic","18":"tag-jorge-maqueda","19":"tag-ligue-des-champions-ehf","20":"tag-nantes","21":"tag-news","22":"tag-noam-leopold","23":"tag-pays-de-la-loire","24":"tag-republique-francaise"},"share_on_mastodon":{"url":"https:\/\/pubeurope.com\/@fr\/115665282128819893","error":""},"_links":{"self":[{"href":"https:\/\/www.europesays.com\/fr\/wp-json\/wp\/v2\/posts\/579150","targetHints":{"allow":["GET"]}}],"collection":[{"href":"https:\/\/www.europesays.com\/fr\/wp-json\/wp\/v2\/posts"}],"about":[{"href":"https:\/\/www.europesays.com\/fr\/wp-json\/wp\/v2\/types\/post"}],"author":[{"embeddable":true,"href":"https:\/\/www.europesays.com\/fr\/wp-json\/wp\/v2\/users\/2"}],"replies":[{"embeddable":true,"href":"https:\/\/www.europesays.com\/fr\/wp-json\/wp\/v2\/comments?post=579150"}],"version-history":[{"count":0,"href":"https:\/\/www.europesays.com\/fr\/wp-json\/wp\/v2\/posts\/579150\/revisions"}],"wp:featuredmedia":[{"embeddable":true,"href":"https:\/\/www.europesays.com\/fr\/wp-json\/wp\/v2\/media\/579151"}],"wp:attachment":[{"href":"https:\/\/www.europesays.com\/fr\/wp-json\/wp\/v2\/media?parent=579150"}],"wp:term":[{"taxonomy":"category","embeddable":true,"href":"https:\/\/www.europesays.com\/fr\/wp-json\/wp\/v2\/categories?post=579150"},{"taxonomy":"post_tag","embeddable":true,"href":"https:\/\/www.europesays.com\/fr\/wp-json\/wp\/v2\/tags?post=579150"}],"curies":[{"name":"wp","href":"https:\/\/api.w.org\/{rel}","templated":true}]}}