{"id":579155,"date":"2025-12-05T05:23:14","date_gmt":"2025-12-05T05:23:14","guid":{"rendered":"https:\/\/www.europesays.com\/fr\/579155\/"},"modified":"2025-12-05T05:23:14","modified_gmt":"2025-12-05T05:23:14","slug":"toulouse-de-la-belle-epoque-a-loccupation-lhistoire-de-cette-magnifique-maison-du-busca-devoilee","status":"publish","type":"post","link":"https:\/\/www.europesays.com\/fr\/579155\/","title":{"rendered":"Toulouse. De la Belle \u00c9poque \u00e0 l&rsquo;Occupation, l&rsquo;histoire de cette magnifique maison du Busca d\u00e9voil\u00e9e"},"content":{"rendered":"<p>                    Par<br \/>\n        <strong><br \/>\n            <a href=\"https:\/\/actu.fr\/auteur\/redaction-toulouse\" title=\"Consulter tous les articles de R\u00e9daction de Toulouse\" target=\"_blank\" rel=\"noopener\">R\u00e9daction de Toulouse<\/a><br \/>\n                    <\/strong><\/p>\n<p>        Publi\u00e9 le<\/p>\n<p>            4 d\u00e9c. 2025 \u00e0 18h46        <\/p>\n<p>Depuis son lancement en 2020,<strong> En Qu\u00eate de Patrimoine<\/strong> valorise l\u2019histoire et le patrimoine de quartiers dits \u00ab\u2009excentr\u00e9s\u2009\u00bb comme Le Mirail, Empalot ou Bonnefoy. L\u2019association propose aussi diverses visites th\u00e9matiques comme celle consacr\u00e9e au <strong>Busca<\/strong>, des ann\u00e9es 1880-1890 au mitan de la d\u00e9cennie 1940. Bien connu pour ses promenades et ses<strong> jardins am\u00e9nag\u00e9s<\/strong> depuis le milieu du XVIIIe\u00a0si\u00e8cle, ce dernier se singularise par de nombreuses demeures de styles art nouveau et art d\u00e9co, apanage de la bourgeoisie de la <strong>Belle \u00c9poque<\/strong> et de l\u2019entre-deux-guerres. Comme cette magnifique maison, qui ouvre ses portes d\u00e9but d\u00e9cembre.<\/p>\n<p>Mus\u00e9e, ar\u00e8nes et brasserie<\/p>\n<p class=\" wall-content\">Le tr\u00e8s riche n\u00e9gociant <strong>Antoine Labit<\/strong> (1832-1912), propri\u00e9taire de La Maison Universelle, le premier grand magasin toulousain sis \u00e0 l\u2019angle des rues Lafayette et d\u2019Alsace-Lorraine, y poss\u00e8de douze propri\u00e9t\u00e9s, aussi bien du c\u00f4t\u00e9 du square Boulingrin que de l\u2019all\u00e9e des Demoiselles.<\/p>\n<p class=\" wall-content\">Au num\u00e9ro\u00a043, il fait construire <strong>une tr\u00e8s belle villa<\/strong> avec un d\u00e9cor de c\u00e9ramique en fa\u00e7ade. \u00ab\u2009Son fils, Georges, globe-trotter, correspondant de la Soci\u00e9t\u00e9 G\u00e9ographique de Toulouse, installe, \u00e0 partir de novembre\u00a01893, rue du Japon, une demeure n\u00e9o-mauresque \u00e9rig\u00e9e par l\u2019architecte Jules Calbairac, qui abrite \u00e0 la fois son domicile et le mus\u00e9e que l\u2019on conna\u00eet\u2009\u00bb explique <strong>Patrick Robiano<\/strong>, l\u2019un des deux b\u00e9n\u00e9voles d\u2019En Qu\u00eate de Patrimoine.<\/p>\n<p class=\" wall-content\">\u00c0 cette m\u00eame \u00e9poque, la <strong>brasserie Monplaisir<\/strong>, la plus grande du Midi, s\u2019implante dans le quartier, tout comme les ar\u00e8nes tauromachiques, situ\u00e9es entre les rues Georges Picot et Saint-Luc aujourd\u2019hui, <strong>en bordure des p\u00e9pini\u00e8res Demouilles<\/strong>, avant d\u2019\u00eatre transf\u00e9r\u00e9es aux Amidonniers. On compte \u00e9galement quatre usines de chaussures, dont les plus importantes, Paris-France, qui voient le jour en 1919, \u00e0 l\u2019emplacement actuel du si\u00e8ge des Compagnons du Devoir.<\/p>\n<p>Le traces de la Seconde Guerre mondiale<\/p>\n<p class=\" wall-content\">Le quartier garde aussi en m\u00e9moire les traces de la Seconde Guerre mondiale. Au carrefour des all\u00e9es Fr\u00e9d\u00e9ric-Mistral et de la rue Maignac (renomm\u00e9e rue des martyrs de la Lib\u00e9ration), <strong>l\u2019imposante b\u00e2tisse en briques<\/strong> et aux toits en ardoise a abrit\u00e9, entre mars\u00a01943 et ao\u00fbt\u00a01944, le si\u00e8ge toulousain de la sinistre <strong>Gestapo<\/strong>.<\/p>\n<p class=\" wall-content\">Seule une petite plaque comm\u00e9morative fix\u00e9e \u00e0 la cl\u00f4ture mentionne les noms de <strong>cinq r\u00e9sistants<\/strong> dont les corps ont \u00e9t\u00e9 retrouv\u00e9s \u00e0 la Lib\u00e9ration. En face, sur les all\u00e9es Fr\u00e9d\u00e9ric-Mistral, on retrouve le buste de <strong>Fran\u00e7ois Verdier<\/strong>, l\u2019unificateur local des forces clandestines, fa\u00e7onn\u00e9 par le sculpteur S\u00e9bastien Langlo\u00ffs et le Monument \u00e0 la gloire de la R\u00e9sistance, imposant m\u00e9morial en b\u00e9ton compos\u00e9 d\u2019un b\u00e2timent semi-enterr\u00e9 sous un tumulus imagin\u00e9 par l\u2019architecte Pierre Debeaux.<\/p>\n<p>Votre r\u00e9gion, votre actu !<\/p>\n<p>Recevez chaque jour les infos qui comptent pour vous.<\/p>\n<p>\t<a href=\"https:\/\/actu.fr\/newsletter\" class=\"ac-btn ac-btn--corner ac-btn--medium ac-btn--blue800\" target=\"_blank\" rel=\"noopener\">S&rsquo;incrire<\/a><\/p>\n<p class=\" wall-content\">Plus loin, rue B\u00e9gu\u00e9-David, est \u00e9voqu\u00e9e la m\u00e9moire du po\u00e8te David Knout, figure r\u00e9sistante de l\u2019Arm\u00e9e juive, et celle de Marcel Hennequin, fabriquant de faux certificats de bapt\u00eame pour les familles juives prot\u00e9g\u00e9es par Monseigneur Sali\u00e8ge, assassin\u00e9 par les Allemands dans son lit, \u00e0 la \u00ab\u2009Villa de la Tourelle\u2009\u00bb, au 45, all\u00e9e des Demoiselles.<\/p>\n<p><strong>La visite se d\u00e9roule les 5 et 7\u00a0d\u00e9cembre \u00e0 14h30.<\/strong> L\u2019inscription se fait en ligne via<a href=\"https:\/\/www.helloasso.com\/associations\/en-quete-de-patrimoine\/evenements\/balades-urbaines-du-busca-de-la-belle-epoque-aux-annees-noires\" target=\"_blank\" rel=\"noopener\"> la plateforme helloasso<\/a>\u2009: Balades Urbaines du Busca \u2013 De la Belle \u00c9poque aux Ann\u00e9es noires<\/p>\n<p class=\" wall-content\">Personnalisez votre actualit\u00e9 en ajoutant vos villes et m\u00e9dias en favori avec <a href=\"https:\/\/moncompte.actu.fr\" title=\"D\u00e9couvez Mon Actu\" rel=\"nofollow noopener\" data-trk=\"{&quot;cta&quot;:{&quot;action&quot;:&quot;https:\\\/\\\/moncompte.actu.fr&quot;,&quot;category&quot;:&quot;mon compte&quot;,&quot;from&quot;:&quot;article footer&quot;,&quot;name&quot;:&quot;Mon actu&quot;,&quot;type&quot;:&quot;cta&quot;}}\" target=\"_blank\">Mon Actu<\/a>.<\/p>\n","protected":false},"excerpt":{"rendered":"Par R\u00e9daction de Toulouse Publi\u00e9 le 4 d\u00e9c. 2025 \u00e0 18h46 Depuis son lancement en 2020, En Qu\u00eate&hellip;\n","protected":false},"author":2,"featured_media":579156,"comment_status":"","ping_status":"","sticky":false,"template":"","format":"standard","meta":{"footnotes":""},"categories":[2816],"tags":[1111,11,1777,674,1011,27,937,58904,12,2680,2551,25,2312,66122],"class_list":{"0":"post-579155","1":"post","2":"type-post","3":"status-publish","4":"format-standard","5":"has-post-thumbnail","7":"category-toulouse","8":"tag-actu","9":"tag-actualites","10":"tag-eu","11":"tag-europe","12":"tag-fr","13":"tag-france","14":"tag-histoire","15":"tag-histoire-patrimoine","16":"tag-news","17":"tag-occitanie","18":"tag-patrimoine","19":"tag-republique-francaise","20":"tag-toulouse","21":"tag-visites-decouvertes"},"share_on_mastodon":{"url":"https:\/\/pubeurope.com\/@fr\/115665292849156253","error":""},"_links":{"self":[{"href":"https:\/\/www.europesays.com\/fr\/wp-json\/wp\/v2\/posts\/579155","targetHints":{"allow":["GET"]}}],"collection":[{"href":"https:\/\/www.europesays.com\/fr\/wp-json\/wp\/v2\/posts"}],"about":[{"href":"https:\/\/www.europesays.com\/fr\/wp-json\/wp\/v2\/types\/post"}],"author":[{"embeddable":true,"href":"https:\/\/www.europesays.com\/fr\/wp-json\/wp\/v2\/users\/2"}],"replies":[{"embeddable":true,"href":"https:\/\/www.europesays.com\/fr\/wp-json\/wp\/v2\/comments?post=579155"}],"version-history":[{"count":0,"href":"https:\/\/www.europesays.com\/fr\/wp-json\/wp\/v2\/posts\/579155\/revisions"}],"wp:featuredmedia":[{"embeddable":true,"href":"https:\/\/www.europesays.com\/fr\/wp-json\/wp\/v2\/media\/579156"}],"wp:attachment":[{"href":"https:\/\/www.europesays.com\/fr\/wp-json\/wp\/v2\/media?parent=579155"}],"wp:term":[{"taxonomy":"category","embeddable":true,"href":"https:\/\/www.europesays.com\/fr\/wp-json\/wp\/v2\/categories?post=579155"},{"taxonomy":"post_tag","embeddable":true,"href":"https:\/\/www.europesays.com\/fr\/wp-json\/wp\/v2\/tags?post=579155"}],"curies":[{"name":"wp","href":"https:\/\/api.w.org\/{rel}","templated":true}]}}