{"id":579159,"date":"2025-12-05T05:26:28","date_gmt":"2025-12-05T05:26:28","guid":{"rendered":"https:\/\/www.europesays.com\/fr\/579159\/"},"modified":"2025-12-05T05:26:28","modified_gmt":"2025-12-05T05:26:28","slug":"losc-om-weah-previent-lille-pour-son-retour","status":"publish","type":"post","link":"https:\/\/www.europesays.com\/fr\/579159\/","title":{"rendered":"LOSC &#8211; OM : Weah pr\u00e9vient Lille pour son retour !"},"content":{"rendered":"<p>Avant LOSC \u2013 OM, Timothy Weah s\u2019est pr\u00e9sent\u00e9 face \u00e0 la presse.<\/p>\n<p>Timothy Weah a quitt\u00e9 Lille comme num\u00e9ro 9 et il va revenir dans le Nord <a href=\"https:\/\/www.sport.fr\/football\/losc-om-un-absent-xxl-deja-annonce-1390036.shtm\" target=\"_blank\" rel=\"noopener\">pour LOSC \u2013 OM<\/a> comme un lat\u00e9ral ! Logiquement, cela ne pouvait qu\u2019\u00eatre que lui en conf\u00e9rence de presse ce jeudi 4 d\u00e9cembre\u2026 Visiblement, l\u2019international am\u00e9ricain a gard\u00e9 de bons souvenirs de son exp\u00e9rience lilloise. \u00ab\u00a0Revenir \u00e0 la maison, c\u2019est toujours bien. J\u2019ai \u00e9t\u00e9 tr\u00e8s bien re\u00e7u par les supporteurs du LOSC\u00a0\u00bb, s\u2019est-il rappel\u00e9.<\/p>\n<p>\u00ab\u00a0J\u2019ai v\u00e9cu de tr\u00e8s bons moments avec le staff et mes anciens co\u00e9quipiers. C\u2019est une fiert\u00e9 de rejouer l\u00e0-bas et de retrouver le stade. Je suis tr\u00e8s content d\u2019\u00eatre ici et j\u2019esp\u00e8re que ce sera un beau match\u00a0\u00bb, a analys\u00e9 le couteau suisse de l\u2019OM, comme le rapporte <a href=\"https:\/\/www.lephoceen.fr\/infos-om\/interview\/om-les-trois-prochains-matchs-sont-tres-importants-affirme-weah-231178\" target=\"_blank\" rel=\"noopener\">Le Phoc\u00e9en<\/a>. Cependant, face au LOSC, Timothy Weah ne fera pas de cadeau\u2026<\/p>\n<p>Weah annonce la couleur pour LOSC \u2013 OM<\/p>\n<blockquote class=\"wp-block-quote is-layout-flow wp-block-quote-is-layout-flow\">\n<p>\u00ab\u00a0Les trois prochains matchs avant No\u00ebl sont tr\u00e8s importants\u00a0\u00bb<\/p>\n<\/blockquote>\n<p>Le joueur marseillais l\u2019affirme, l\u2019OM arrive surmotiv\u00e9 \u00e0 Lille. \u00ab\u00a0Apr\u00e8s Toulouse, on est sortis avec beaucoup de regrets, parce qu\u2019on savait qu\u2019on pouvait passer premiers. Mais ce n\u2019est pas la fin. On ne doit pas laisser \u00e7a nous abattre, ce n\u2019est pas comme \u00e7a le foot\u00a0\u00bb, a-t-il lanc\u00e9.<\/p>\n<p>\u00ab\u00a0On doit continuer, rester professionnels et bien travailler. On a bien pr\u00e9par\u00e9 ce match contre Lille et on encha\u00eene comme \u00e7a. Les trois prochains matchs avant No\u00ebl sont tr\u00e8s importants. On est tous pr\u00eats pour ce d\u00e9fi\u00a0\u00bb, a conclu Timothy Weah.<\/p>\n","protected":false},"excerpt":{"rendered":"Avant LOSC \u2013 OM, Timothy Weah s\u2019est pr\u00e9sent\u00e9 face \u00e0 la presse. Timothy Weah a quitt\u00e9 Lille comme&hellip;\n","protected":false},"author":2,"featured_media":579160,"comment_status":"","ping_status":"","sticky":false,"template":"","format":"standard","meta":{"footnotes":""},"categories":[2815],"tags":[1111,11,1777,674,1011,27,811,1307,12,25],"class_list":{"0":"post-579159","1":"post","2":"type-post","3":"status-publish","4":"format-standard","5":"has-post-thumbnail","7":"category-lille","8":"tag-actu","9":"tag-actualites","10":"tag-eu","11":"tag-europe","12":"tag-fr","13":"tag-france","14":"tag-hauts-de-france","15":"tag-lille","16":"tag-news","17":"tag-republique-francaise"},"share_on_mastodon":{"url":"https:\/\/pubeurope.com\/@fr\/115665304575872159","error":""},"_links":{"self":[{"href":"https:\/\/www.europesays.com\/fr\/wp-json\/wp\/v2\/posts\/579159","targetHints":{"allow":["GET"]}}],"collection":[{"href":"https:\/\/www.europesays.com\/fr\/wp-json\/wp\/v2\/posts"}],"about":[{"href":"https:\/\/www.europesays.com\/fr\/wp-json\/wp\/v2\/types\/post"}],"author":[{"embeddable":true,"href":"https:\/\/www.europesays.com\/fr\/wp-json\/wp\/v2\/users\/2"}],"replies":[{"embeddable":true,"href":"https:\/\/www.europesays.com\/fr\/wp-json\/wp\/v2\/comments?post=579159"}],"version-history":[{"count":0,"href":"https:\/\/www.europesays.com\/fr\/wp-json\/wp\/v2\/posts\/579159\/revisions"}],"wp:featuredmedia":[{"embeddable":true,"href":"https:\/\/www.europesays.com\/fr\/wp-json\/wp\/v2\/media\/579160"}],"wp:attachment":[{"href":"https:\/\/www.europesays.com\/fr\/wp-json\/wp\/v2\/media?parent=579159"}],"wp:term":[{"taxonomy":"category","embeddable":true,"href":"https:\/\/www.europesays.com\/fr\/wp-json\/wp\/v2\/categories?post=579159"},{"taxonomy":"post_tag","embeddable":true,"href":"https:\/\/www.europesays.com\/fr\/wp-json\/wp\/v2\/tags?post=579159"}],"curies":[{"name":"wp","href":"https:\/\/api.w.org\/{rel}","templated":true}]}}