{"id":57916,"date":"2025-04-27T23:23:08","date_gmt":"2025-04-27T23:23:08","guid":{"rendered":"https:\/\/www.europesays.com\/fr\/57916\/"},"modified":"2025-04-27T23:23:08","modified_gmt":"2025-04-27T23:23:08","slug":"coupe-de-france-n2-3-et-2-classements-actualite","status":"publish","type":"post","link":"https:\/\/www.europesays.com\/fr\/57916\/","title":{"rendered":"Coupe de France N2 #3 &#8211; Et. 2 : Classements &#8211; Actualit\u00e9"},"content":{"rendered":"<p style=\"text-align: justify;\">L&rsquo;UC Cholet 49 s&#8217;empare de la t\u00eate de la Coupe de France N2 \u00e0 l&rsquo;issue de la seconde \u00e9tape de la troisi\u00e8me manche, le Souvenir Patrick-Metz. Le podium est compl\u00e9t\u00e9 par le GSC Blagnac V\u00e9lo Sport 31 et le Team Marni-N&rsquo;side.<br \/>Prochaine manche, ce vendredi 2 mai avec le Chrono 47.<\/p>\n<p><strong>Classement de la 2e \u00e9tape :<\/strong><br \/>1. TEAM MARNI N&rsquo;SIDE 44 pts<br \/>2. C.R.4 CHEMINS\/ROANNE 33<br \/>3. VCU SCHWENHEIM TPM 25<br \/>4. TEAM ADRIS\/LA CREPE DE BROCELIANDE\/BLC 20<br \/>5. TOP 16 CYCLISME 20<br \/>6. U.V.AUBE 18<br \/>7. UNION CYCLISTE CHOLET 49 13<br \/>8. MOYON PERCY MANCHE NORMANDIE 12<br \/>9. TEAM LMP\u2013LA ROCHE VEND\u00c9E CYCLISME 8<br \/>10. TEAM U LH 5<br \/>11. UNION CYCLISTE PELUSSIN LOIRE PILAT 4<br \/>12. ES TORIGNI 3<\/p>\n<p><strong>Classement g\u00e9n\u00e9ral du Souvenir Patrick-Metz :<\/strong><br \/>1. GSC BLAGNAC VELO SPORT 31 115 pts<br \/>2. UNION CYCLISTE CHOLET 49 73<br \/>3. TEAM ADRIS\/LA CREPE DE BROCELIANDE\/BLC 49<br \/>4. MOYON PERCY MANCHE NORMANDIE 47<br \/>5. VCU SCHWENHEIM TPM 46<br \/>6. TEAM MARNI N&rsquo;SIDE 37<br \/>7. ES TORIGNI 32<br \/>8. C.R.4 CHEMINS\/ROANNE 32<br \/>9. U.V.AUBE 22<br \/>10. TOP 16 CYCLISME 20<br \/>11. UNION CYCLISTE PELUSSIN LOIRE PILAT 19<br \/>12. VELO CLUB DOLOIS 19<br \/>13. C&rsquo;CHARTRES CYCLISME 11<br \/>14. TEAM LMP\u2013LA ROCHE VEND\u00c9E CYCLISME 8<br \/>15. ESEG DOUAI 7<br \/>16. TEAM U LH 0<br \/>17. CENTRE DE FORMATION CIC U NANTES -90<\/p>\n<p><strong>Classement g\u00e9n\u00e9ral de la Coupe de France N2 :<\/strong><br \/>1. UNION CYCLISTE CHOLET 49 262 pts<br \/>2. GSC BLAGNAC VELO SPORT 31 255<br \/>3. TEAM MARNI N&rsquo;SIDE 232<br \/>4. UNION CYCLISTE PELUSSIN LOIRE PILAT 220<br \/>5. VCU SCHWENHEIM TPM 197<br \/>6. TEAM ADRIS\/LA CREPE DE BROCELIANDE\/BLC 120<br \/>7. ES TORIGNI 114<br \/>8. MOYON PERCY MANCHE NORMANDIE 103<br \/>9. C.R.4 CHEMINS\/ROANNE 100<br \/>10. TOP 16 CYCLISME 87<br \/>11. U.V.AUBE 82<br \/>12. TEAM LMP\u2013LA ROCHE VEND\u00c9E CYCLISME 80<br \/>13. ESEG DOUAI 46<br \/>14. C&rsquo;CHARTRES CYCLISME 29<br \/>15. VELO CLUB DOLOIS 26<br \/>16. TEAM U LH 15<br \/>17. CENTRE DE FORMATION CIC U NANTES -195<\/p>\n<p>Remerciements \u00e0 Fr\u00e9d\u00e9ric Lafargue &#8211; <a href=\"http:\/\/www.stsport.fr\" target=\"_blank\" rel=\"noopener\">www.stsport.fr<\/a><\/p>\n","protected":false},"excerpt":{"rendered":"L&rsquo;UC Cholet 49 s&#8217;empare de la t\u00eate de la Coupe de France N2 \u00e0 l&rsquo;issue de la seconde&hellip;\n","protected":false},"author":2,"featured_media":57917,"comment_status":"","ping_status":"","sticky":false,"template":"","format":"standard","meta":{"footnotes":""},"categories":[4],"tags":[11,834,828,836,829,837,827,83,826,824,823,207,814,817,815,816,822,821,832,211,839,1011,27,820,818,819,12,835,831,830,833,838,25,212,208,825],"class_list":{"0":"post-57916","1":"post","2":"type-post","3":"status-publish","4":"format-standard","5":"has-post-thumbnail","7":"category-france","8":"tag-actualites","9":"tag-attaque","10":"tag-belgique","11":"tag-braquet","12":"tag-bretagne","13":"tag-chute","14":"tag-competition","15":"tag-coupe-de-france","16":"tag-coureur","17":"tag-course-cyclisme","18":"tag-course-cycliste","19":"tag-cyclisme","20":"tag-direct","21":"tag-direct-velo","22":"tag-directvelo","23":"tag-directvelo-com","24":"tag-epreuve","25":"tag-epreuve-cycliste","26":"tag-federation-francaise-de-cyclisme","27":"tag-ffc","28":"tag-flandres","29":"tag-fr","30":"tag-france","31":"tag-live","32":"tag-live-course","33":"tag-live-epreuve","34":"tag-news","35":"tag-peloton","36":"tag-radio-peloton","37":"tag-radio-tour","38":"tag-ravitaillement","39":"tag-relance","40":"tag-republique-francaise","41":"tag-uci","42":"tag-velo","43":"tag-velos"},"share_on_mastodon":{"url":"https:\/\/pubeurope.com\/@fr\/114412506477518773","error":""},"_links":{"self":[{"href":"https:\/\/www.europesays.com\/fr\/wp-json\/wp\/v2\/posts\/57916","targetHints":{"allow":["GET"]}}],"collection":[{"href":"https:\/\/www.europesays.com\/fr\/wp-json\/wp\/v2\/posts"}],"about":[{"href":"https:\/\/www.europesays.com\/fr\/wp-json\/wp\/v2\/types\/post"}],"author":[{"embeddable":true,"href":"https:\/\/www.europesays.com\/fr\/wp-json\/wp\/v2\/users\/2"}],"replies":[{"embeddable":true,"href":"https:\/\/www.europesays.com\/fr\/wp-json\/wp\/v2\/comments?post=57916"}],"version-history":[{"count":0,"href":"https:\/\/www.europesays.com\/fr\/wp-json\/wp\/v2\/posts\/57916\/revisions"}],"wp:featuredmedia":[{"embeddable":true,"href":"https:\/\/www.europesays.com\/fr\/wp-json\/wp\/v2\/media\/57917"}],"wp:attachment":[{"href":"https:\/\/www.europesays.com\/fr\/wp-json\/wp\/v2\/media?parent=57916"}],"wp:term":[{"taxonomy":"category","embeddable":true,"href":"https:\/\/www.europesays.com\/fr\/wp-json\/wp\/v2\/categories?post=57916"},{"taxonomy":"post_tag","embeddable":true,"href":"https:\/\/www.europesays.com\/fr\/wp-json\/wp\/v2\/tags?post=57916"}],"curies":[{"name":"wp","href":"https:\/\/api.w.org\/{rel}","templated":true}]}}