{"id":579169,"date":"2025-12-05T05:32:12","date_gmt":"2025-12-05T05:32:12","guid":{"rendered":"https:\/\/www.europesays.com\/fr\/579169\/"},"modified":"2025-12-05T05:32:12","modified_gmt":"2025-12-05T05:32:12","slug":"ponts-fragilises-dans-les-petites-communes-certains-arrivent-en-fin-de-vie-faute-dentretien","status":"publish","type":"post","link":"https:\/\/www.europesays.com\/fr\/579169\/","title":{"rendered":"Ponts fragilis\u00e9s\u00a0: dans les petites communes, certains \u00ab\u00a0arrivent en fin de vie faute d\u2019entretien\u00a0\u00bb"},"content":{"rendered":"<p class=\"paragraph text_align_left lp-f-body-02\">L\u2019effondrement <a href=\"https:\/\/www.leparisien.fr\/faits-divers\/pont-effondre-a-genes-l-instant-du-drame-capture-en-video-20-08-2018-7858602.php\" target=\"_blank\" rel=\"noreferrer noopener\">du pont de G\u00eanes (Italie) en 2018<\/a> avait marqu\u00e9 les esprits. Et accru la vigilance dans l\u2019Hexagone. Les experts se veulent toutefois rassurants concernant les 250 000 ponts du r\u00e9seau routier fran\u00e7ais, m\u00eame si tout n\u2019est pas rose. D\u2019apr\u00e8s l\u2019Observatoire national de la route, <a href=\"https:\/\/www.leparisien.fr\/essonne-91\/fragile-un-pont-sur-la6-ferme-depuis-plus-dun-an-en-essonne-on-est-prisonniers-de-notre-quartier-28-05-2024-JA2T5YH4JRFCBONQC3SFB7BMIQ.php\" target=\"_self\" rel=\"noopener\">9 % des ouvrages pr\u00e9sentent des d\u00e9fauts <\/a>significatifs ou majeurs. Un taux qui grimpe \u00e0 29 % pour ceux propri\u00e9t\u00e9s des communes.<\/p>\n<p class=\"paragraph text_align_left lp-f-body-02\">C\u2019est un peu le revers de la d\u00e9centralisation. \u00c9tat, conseils d\u00e9partementaux, municipalit\u00e9s, soci\u00e9t\u00e9s d\u2019autoroute\u2026 Tous les ponts ne sont pas log\u00e9s \u00e0 la m\u00eame enseigne. Ce qui s\u2019observe particuli\u00e8rement dans la tr\u00e8s dense r\u00e9gion parisienne.<\/p>\n","protected":false},"excerpt":{"rendered":"L\u2019effondrement du pont de G\u00eanes (Italie) en 2018 avait marqu\u00e9 les esprits. Et accru la vigilance dans l\u2019Hexagone.&hellip;\n","protected":false},"author":2,"featured_media":579170,"comment_status":"","ping_status":"","sticky":false,"template":"","format":"standard","meta":{"footnotes":""},"categories":[1592],"tags":[1111,11,1777,674,1011,27,662,1944,12,626,25,2382],"class_list":{"0":"post-579169","1":"post","2":"type-post","3":"status-publish","4":"format-standard","5":"has-post-thumbnail","7":"category-ile-de-france","8":"tag-actu","9":"tag-actualites","10":"tag-eu","11":"tag-europe","12":"tag-fr","13":"tag-france","14":"tag-ile-de-france","15":"tag-ma-ville","16":"tag-news","17":"tag-paris","18":"tag-republique-francaise","19":"tag-transport-idf-oise"},"share_on_mastodon":{"url":"","error":""},"_links":{"self":[{"href":"https:\/\/www.europesays.com\/fr\/wp-json\/wp\/v2\/posts\/579169","targetHints":{"allow":["GET"]}}],"collection":[{"href":"https:\/\/www.europesays.com\/fr\/wp-json\/wp\/v2\/posts"}],"about":[{"href":"https:\/\/www.europesays.com\/fr\/wp-json\/wp\/v2\/types\/post"}],"author":[{"embeddable":true,"href":"https:\/\/www.europesays.com\/fr\/wp-json\/wp\/v2\/users\/2"}],"replies":[{"embeddable":true,"href":"https:\/\/www.europesays.com\/fr\/wp-json\/wp\/v2\/comments?post=579169"}],"version-history":[{"count":0,"href":"https:\/\/www.europesays.com\/fr\/wp-json\/wp\/v2\/posts\/579169\/revisions"}],"wp:featuredmedia":[{"embeddable":true,"href":"https:\/\/www.europesays.com\/fr\/wp-json\/wp\/v2\/media\/579170"}],"wp:attachment":[{"href":"https:\/\/www.europesays.com\/fr\/wp-json\/wp\/v2\/media?parent=579169"}],"wp:term":[{"taxonomy":"category","embeddable":true,"href":"https:\/\/www.europesays.com\/fr\/wp-json\/wp\/v2\/categories?post=579169"},{"taxonomy":"post_tag","embeddable":true,"href":"https:\/\/www.europesays.com\/fr\/wp-json\/wp\/v2\/tags?post=579169"}],"curies":[{"name":"wp","href":"https:\/\/api.w.org\/{rel}","templated":true}]}}