{"id":579171,"date":"2025-12-05T05:33:13","date_gmt":"2025-12-05T05:33:13","guid":{"rendered":"https:\/\/www.europesays.com\/fr\/579171\/"},"modified":"2025-12-05T05:33:13","modified_gmt":"2025-12-05T05:33:13","slug":"apres-un-accord-sur-la-hausse-de-la-csg-la-voie-fragile-dun-compromis","status":"publish","type":"post","link":"https:\/\/www.europesays.com\/fr\/579171\/","title":{"rendered":"apr\u00e8s un accord sur la hausse de la CSG, la voie fragile d\u2019un compromis"},"content":{"rendered":"<p>                     <img loading=\"lazy\" decoding=\"async\" src=\"https:\/\/www.europesays.com\/fr\/wp-content\/uploads\/2025\/12\/6e1728d_ftp-1-91ff7342eo9x-5596796-01-06.jpg\" alt=\"Le premier ministre, S\u00e9bastien Lecornu, et la ministre des comptes publics, Am\u00e9lie de Montchalin, lors de la deuxi\u00e8me lecture du projet de loi de finances de la S\u00e9curit\u00e9 sociale pour 2026 (PLFSS) \u00e0 l\u2019Assembl\u00e9e nationale, le 4\u00a0d\u00e9cembre\u00a02025. \"   width=\"664\" height=\"443\"\/>    Le premier ministre, S\u00e9bastien Lecornu, et la ministre des comptes publics, Am\u00e9lie de Montchalin, lors de la deuxi\u00e8me lecture du projet de loi de finances de la S\u00e9curit\u00e9 sociale pour 2026 (PLFSS) \u00e0 l\u2019Assembl\u00e9e nationale, le 4\u00a0d\u00e9cembre\u00a02025.  ANNE-CHRISTINE POUJOULAT \/ AFP                 <\/p>\n<p class=\"article__paragraph  \">S\u00e9bastien Lecornu avait d\u00e9cid\u00e9 de d\u00e9dier sa journ\u00e9e du jeudi 4\u00a0d\u00e9cembre exclusivement aux discussions budg\u00e9taires \u00e0 l\u2019Assembl\u00e9e nationale. Les consultations pr\u00e9vues avec les syndicats et le d\u00e9jeuner avec les parlementaires sur l\u2019\u00e9nergie attendront finalement, priorit\u00e9 au projet de loi de financement de la s\u00e9curit\u00e9 sociale (PLFSS) 2026.<\/p>\n<p class=\"article__paragraph  \">Ce choix d\u2019une pr\u00e9sence continue au banc dans l\u2019H\u00e9micycle ne devait rien au hasard\u00a0: marqu\u00e9 par les tensions et les tractations de couloirs pendant les nombreuses suspensions de s\u00e9ance, ce jeudi \u00e9tait de ces journ\u00e9es de d\u00e9bats qui peuvent faire basculer d\u2019un c\u00f4t\u00e9 comme de l\u2019autre le destin du budget en construction. \u00ab\u00a0On est dans un moment fondamental, d\u00e9licat, potentiellement critique\u00a0\u00bb, a reconnu le premier ministre dans la soir\u00e9e.<\/p>\n<p class=\"article__paragraph  \">Le principal enjeu du jour concernait la hausse de la contribution sociale g\u00e9n\u00e9ralis\u00e9e (CSG) visant les revenus du capital. Adopt\u00e9e en premi\u00e8re lecture \u00e0 l\u2019Assembl\u00e9e puis supprim\u00e9e au S\u00e9nat, la mesure obligeait l\u2019ex\u00e9cutif \u00e0 jouer les \u00e9quilibristes, entre une gauche qui r\u00e9clamait des recettes suppl\u00e9mentaires pour la S\u00e9curit\u00e9 sociale et une partie droite du \u00ab\u00a0socle commun\u00a0\u00bb qui s\u2019y opposait fortement.<\/p>\n<p class=\"reading-mode-only \"><strong>Il vous reste 82.51% de cet article \u00e0 lire. La suite est r\u00e9serv\u00e9e aux abonn\u00e9s.<\/strong><\/p>\n","protected":false},"excerpt":{"rendered":"Le premier ministre, S\u00e9bastien Lecornu, et la ministre des comptes publics, Am\u00e9lie de Montchalin, lors de la deuxi\u00e8me&hellip;\n","protected":false},"author":2,"featured_media":579172,"comment_status":"","ping_status":"","sticky":false,"template":"","format":"standard","meta":{"footnotes":""},"categories":[1888],"tags":[1111,1928,11,1927,1777,674,1011,27,12,1926,626,1925,25],"class_list":{"0":"post-579171","1":"post","2":"type-post","3":"status-publish","4":"format-standard","5":"has-post-thumbnail","7":"category-paris","8":"tag-actu","9":"tag-actu-paris","10":"tag-actualites","11":"tag-actualites-paris","12":"tag-eu","13":"tag-europe","14":"tag-fr","15":"tag-france","16":"tag-news","17":"tag-news-paris","18":"tag-paris","19":"tag-paris-news","20":"tag-republique-francaise"},"share_on_mastodon":{"url":"https:\/\/pubeurope.com\/@fr\/115665332615843029","error":""},"_links":{"self":[{"href":"https:\/\/www.europesays.com\/fr\/wp-json\/wp\/v2\/posts\/579171","targetHints":{"allow":["GET"]}}],"collection":[{"href":"https:\/\/www.europesays.com\/fr\/wp-json\/wp\/v2\/posts"}],"about":[{"href":"https:\/\/www.europesays.com\/fr\/wp-json\/wp\/v2\/types\/post"}],"author":[{"embeddable":true,"href":"https:\/\/www.europesays.com\/fr\/wp-json\/wp\/v2\/users\/2"}],"replies":[{"embeddable":true,"href":"https:\/\/www.europesays.com\/fr\/wp-json\/wp\/v2\/comments?post=579171"}],"version-history":[{"count":0,"href":"https:\/\/www.europesays.com\/fr\/wp-json\/wp\/v2\/posts\/579171\/revisions"}],"wp:featuredmedia":[{"embeddable":true,"href":"https:\/\/www.europesays.com\/fr\/wp-json\/wp\/v2\/media\/579172"}],"wp:attachment":[{"href":"https:\/\/www.europesays.com\/fr\/wp-json\/wp\/v2\/media?parent=579171"}],"wp:term":[{"taxonomy":"category","embeddable":true,"href":"https:\/\/www.europesays.com\/fr\/wp-json\/wp\/v2\/categories?post=579171"},{"taxonomy":"post_tag","embeddable":true,"href":"https:\/\/www.europesays.com\/fr\/wp-json\/wp\/v2\/tags?post=579171"}],"curies":[{"name":"wp","href":"https:\/\/api.w.org\/{rel}","templated":true}]}}