{"id":579173,"date":"2025-12-05T05:34:19","date_gmt":"2025-12-05T05:34:19","guid":{"rendered":"https:\/\/www.europesays.com\/fr\/579173\/"},"modified":"2025-12-05T05:34:19","modified_gmt":"2025-12-05T05:34:19","slug":"temps-de-jeu-reduit-avec-le-psg-statut-remis-en-cause-en-russie-matvei-safonov-probable-titulaire-face-a-rennes-doit-prouver-quil-peut-concurrencer-lucas-chevalier","status":"publish","type":"post","link":"https:\/\/www.europesays.com\/fr\/579173\/","title":{"rendered":"Temps de jeu r\u00e9duit avec le PSG, statut remis en cause en Russie&#8230; Matve\u00ef Safonov, probable titulaire face \u00e0 Rennes, doit prouver qu&rsquo;il peut concurrencer Lucas Chevalier"},"content":{"rendered":"\n<p>Temps de jeu r\u00e9duit avec le PSG, statut remis en cause en Russie&#8230; Matve\u00ef Safonov, probable titulaire face \u00e0 Rennes, doit prouver qu&rsquo;il peut concurrencer Lucas Chevalier<\/p>\n<p>Au-del\u00e0 de sa premi\u00e8re titularisation de la saison attendue samedi face \u00e0 Rennes au Parc des Princes (21\u00a0h\u00a005), Matve\u00ef Safonov est tr\u00e8s attendu en Russie. Les locaux ne comprennent pas la situation du gardien titulaire de leur s\u00e9lection.<\/p>\n","protected":false},"excerpt":{"rendered":"Temps de jeu r\u00e9duit avec le PSG, statut remis en cause en Russie&#8230; Matve\u00ef Safonov, probable titulaire face&hellip;\n","protected":false},"author":2,"featured_media":579174,"comment_status":"","ping_status":"","sticky":false,"template":"","format":"standard","meta":{"footnotes":""},"categories":[1888],"tags":[1111,1928,11,1927,1777,674,1011,27,12,1926,626,1925,25],"class_list":{"0":"post-579173","1":"post","2":"type-post","3":"status-publish","4":"format-standard","5":"has-post-thumbnail","7":"category-paris","8":"tag-actu","9":"tag-actu-paris","10":"tag-actualites","11":"tag-actualites-paris","12":"tag-eu","13":"tag-europe","14":"tag-fr","15":"tag-france","16":"tag-news","17":"tag-news-paris","18":"tag-paris","19":"tag-paris-news","20":"tag-republique-francaise"},"share_on_mastodon":{"url":"https:\/\/pubeurope.com\/@fr\/115665336227328498","error":""},"_links":{"self":[{"href":"https:\/\/www.europesays.com\/fr\/wp-json\/wp\/v2\/posts\/579173","targetHints":{"allow":["GET"]}}],"collection":[{"href":"https:\/\/www.europesays.com\/fr\/wp-json\/wp\/v2\/posts"}],"about":[{"href":"https:\/\/www.europesays.com\/fr\/wp-json\/wp\/v2\/types\/post"}],"author":[{"embeddable":true,"href":"https:\/\/www.europesays.com\/fr\/wp-json\/wp\/v2\/users\/2"}],"replies":[{"embeddable":true,"href":"https:\/\/www.europesays.com\/fr\/wp-json\/wp\/v2\/comments?post=579173"}],"version-history":[{"count":0,"href":"https:\/\/www.europesays.com\/fr\/wp-json\/wp\/v2\/posts\/579173\/revisions"}],"wp:featuredmedia":[{"embeddable":true,"href":"https:\/\/www.europesays.com\/fr\/wp-json\/wp\/v2\/media\/579174"}],"wp:attachment":[{"href":"https:\/\/www.europesays.com\/fr\/wp-json\/wp\/v2\/media?parent=579173"}],"wp:term":[{"taxonomy":"category","embeddable":true,"href":"https:\/\/www.europesays.com\/fr\/wp-json\/wp\/v2\/categories?post=579173"},{"taxonomy":"post_tag","embeddable":true,"href":"https:\/\/www.europesays.com\/fr\/wp-json\/wp\/v2\/tags?post=579173"}],"curies":[{"name":"wp","href":"https:\/\/api.w.org\/{rel}","templated":true}]}}