{"id":579175,"date":"2025-12-05T05:35:29","date_gmt":"2025-12-05T05:35:29","guid":{"rendered":"https:\/\/www.europesays.com\/fr\/579175\/"},"modified":"2025-12-05T05:35:29","modified_gmt":"2025-12-05T05:35:29","slug":"quelques-boutiques-ephemeres-parisiennes-a-decouvrir-en-ce-mois-de-decembre-2","status":"publish","type":"post","link":"https:\/\/www.europesays.com\/fr\/579175\/","title":{"rendered":"Quelques boutiques \u00e9ph\u00e9m\u00e8res parisiennes \u00e0 d\u00e9couvrir en ce mois de d\u00e9cembre"},"content":{"rendered":"<p>\n                                    <b>Publi\u00e9 le<\/b><br \/>\n                                    <\/p>\n<p>                                        4 d\u00e9cembre 2025<\/p>\n<p class=\"article-content col-md-8 offset-md-1\">\n                                La ville lumi\u00e8re se pare de guirlandes\u2026 et de pop-up stores. \u00c0 l\u2019approche des f\u00eates, nombreux sont les cr\u00e9ateurs et les marques \u00e0 s\u2019offrir une boutique \u00e9ph\u00e9m\u00e8re, entre savoir-faire fran\u00e7ais, travail artisanal et acteurs internationaux. En voici quelques-uns :<\/p>\n<p class=\"col-md-10 exergue\">Between Aesthetics, du 1er au 7 d\u00e9cembre<\/p>\n<p>Between Aesthetics revient avec le pop-up \u201cD\u00e9cembre\u201d, une s\u00e9lection de marques internationales, dans un espace de 200 m\u00e8tres carr\u00e9s jusqu&rsquo;au 7 d\u00e9cembre de 10h30 \u00e0 20h au 11, rue Commines, au c\u0153ur du Marais. La Chine y est repr\u00e9sent\u00e9e par l\u2019entreprise du maquillage professionnel Perfect Diary, la maison de parfums niche Fragrance Diary, et la marque de mode \u00e9coresponsable PutOut Online.\u00a0<\/p>\n<p><img decoding=\"async\" class=\"news-image\" style=\"width:100%;max-width:723px;\" src=\"https:\/\/www.europesays.com\/fr\/wp-content\/uploads\/2025\/12\/3616.png\" alt=\"Le pop-up store pr\u00e9sente des acteurs internationaux\" loading=\"lazy\"\/>Le pop-up store pr\u00e9sente des acteurs internationaux &#8211; Between Aesthetics<\/p>\n<p class=\"col-md-8 offset-md-1 article-content--texte\">Quelques pays europ\u00e9ens sont \u00e9galement repr\u00e9sent\u00e9s: le Royaume-Uni par Playful Accessories, une marque de bijoux modulaires et interactifs, et l\u2019Espagne par Akir, plateforme d\u00e9di\u00e9e aux designers asiatiques \u00e9mergents.\u00a0<br \/>C\u00f4t\u00e9 France, Mischa Studio, maison parisienne fond\u00e9e par Mikayel Simonyan, aux cr\u00e9ations inspir\u00e9es de l\u2019h\u00e9ritage arm\u00e9nien, Nrg.Jewelry, aux bijoux fa\u00e7onn\u00e9s \u00e0 la main, Bouji, marque de bougies artisanales naturelles, et Parisian Coma, cr\u00e9ateur de bijoux artisanaux m\u00ealant esth\u00e9tique gothique, sont pr\u00e9sents.<\/p>\n<p class=\"col-md-10 exergue\"><a class=\"fnwAddLinks\" href=\"https:\/\/lu.fashionnetwork.com\/tags-ateliers-de-paris\" title=\"Ateliers de Paris\" target=\"_blank\" rel=\"noopener\">Ateliers de Paris<\/a>, du 27 novembre au 21 d\u00e9cembre (week-ends)<\/p>\n<p class=\"col-md-8 offset-md-1 article-content--texte\">En ce d\u00e9but du mois de d\u00e9cembre, les r\u00e9sidents des Ateliers de Paris et les artisans du Label \u00ab\u00a0Fabriqu\u00e9 \u00e0 Paris\u00a0\u00bb mettront en vente leurs cr\u00e9ations tous les week-ends jusqu&rsquo;au 21 d\u00e9cembre \u00e0 la Galerie des Ateliers de Paris (30, rue du Faubourg Saint-Antoine, dans le XIIe arrondissement de Paris).<\/p>\n<p><img decoding=\"async\" class=\"news-image\" style=\"width:100%;max-width:774px;\" src=\"https:\/\/www.europesays.com\/fr\/wp-content\/uploads\/2025\/12\/ed86.jpg\" alt=\"Les Ateliers de Paris se pr\u00eatent aussi au jeu du pop-up store\" loading=\"lazy\"\/>Les Ateliers de Paris se pr\u00eatent aussi au jeu du pop-up store &#8211; Ateliers de Paris<\/p>\n<p class=\"col-md-8 offset-md-1 article-content--texte\">Ouvertes de 11h \u00e0 19h, les Galeries accueilleront de nombreux artisans, entre mode (Boscoier, Lora Sonney, Label Fabrique), bijoux (Marie Archambaud, Florence Moorhead, Galat\u00e9e, Isli Studio) accessoires (Shoeshoe) et d\u00e9coration (Camille Lescure, Mayeul Gauvin, BehaghelFoiny).\u00a0<\/p>\n<p class=\"col-md-10 exergue\"><a class=\"fnwAddLinks\" href=\"https:\/\/lu.fashionnetwork.com\/tags-later\" title=\"Later\" target=\"_blank\" rel=\"noopener\">Later<\/a>, du 29 novembre au 21 d\u00e9cembre<\/p>\n<p>La marque rennaise Later s\u2019installe au 19, rue des Gravilliers, dans le IIIe arrondissement de Paris, entre jusqu&rsquo;au 21 d\u00e9cembre. Ouvert de 10h \u00e0 19h30, l\u2019espace accueille des pi\u00e8ces exclusives disponibles uniquement sur place du label de pr\u00eat-\u00e0-porter premium.\u00a0<\/p>\n<p><img decoding=\"async\" class=\"news-image\" style=\"width:100%;max-width:691px;\" src=\"https:\/\/www.europesays.com\/fr\/wp-content\/uploads\/2025\/12\/72e7.jpg\" alt=\"L'\u00e9ternelle question... o\u00f9 se trouve le pop-up Later ? Au 19 rue des Gravilliers !\" loading=\"lazy\"\/>L&rsquo;\u00e9ternelle question&#8230; o\u00f9 se trouve le pop-up Later ? Au 19 rue des Gravilliers ! &#8211; Later<\/p>\n<p class=\"col-md-8 offset-md-1 article-content--texte\">Apr\u00e8s une communication centr\u00e9e sur un fashion film intitul\u00e9 \u201cL\u2019\u00e9ternelle question\u201d o\u00f9 le d\u00e9tenteur de la veste <a class=\"fnwAddLinks\" href=\"https:\/\/lu.fashionnetwork.com\/tags-dune\" title=\"Dune\" target=\"_blank\" rel=\"noopener\">Dune<\/a> de Later se voit sans cesse poser la question \u201cDe quelle marque est-elle\u201d, le label pr\u00e9sente \u00e0 Paris son vestiaire confectionn\u00e9 en Europe, entre revalorisation, mati\u00e8res recycl\u00e9es ou naturelles.<\/p>\n<p class=\"col-md-10 exergue\">Prohibited, du 21 novembre au 31 d\u00e9cembre<\/p>\n<p>Le label allemand Prohibited s\u2019invite au rez-de-chauss\u00e9e du BHV parisien jusqu\u2019\u00e0 la fin de l\u2019ann\u00e9e. Pour f\u00eater ses premiers pas sur le sol fran\u00e7ais, la marque met \u00e0 contribution les 32 m\u00e8tres carr\u00e9s de son espace de vente pour y installer une large gamme de produits, entre basiques et pi\u00e8ces de collection, dont des blousons en cuir, des surchemises style ranger, des jeans baggy et des polos en maille.<\/p>\n<p><img decoding=\"async\" class=\"news-image\" style=\"width:100%;max-width:645px;\" src=\"https:\/\/www.europesays.com\/fr\/wp-content\/uploads\/2025\/12\/a557.jpg\" alt=\"La marque allemande donne rendez-vous le 6 d\u00e9cembre aux coureurs au rez-de-chauss\u00e9e du BHV\" loading=\"lazy\"\/>La marque allemande donne rendez-vous le 6 d\u00e9cembre aux coureurs au rez-de-chauss\u00e9e du BHV &#8211; Prohibited<\/p>\n<p class=\"col-md-8 offset-md-1 article-content--texte\">Alors que sa prochaine collection sera largement inspir\u00e9e de l&rsquo;univers de la course, la marque organise le samedi 6 d\u00e9cembre \u00e0 11h sa Prohibited Running Club, depuis le pop-up, pour une course de 5,5 km autour de la Seine. Pour l\u2019occasion, un stock limit\u00e9 de t-shirts et de sweats \u00e0 capuche Prohibited Running sera distribu\u00e9 aux participants.<\/p>\n<p class=\"col-md-10 exergue\">Pop-Up Sports, du 11 au 14 d\u00e9cembre<\/p>\n<p>Les amateurs de sport et de r\u00e9seaux sociaux connaissant s\u00fbrement les trois comp\u00e8res \u00e0 l\u2019origine de cet \u00e9v\u00e9nement, qui avait rassembl\u00e9 4.000 personnes l\u2019hiver dernier. Le Pop-Up Sports, organis\u00e9 par So Foot, Trashtalk et FFLoose, prendra place \u00e0 la Galerie (23, rue du Sentier, IIe arrondissement de Paris).\u00a0<\/p>\n<p><img decoding=\"async\" class=\"news-image\" style=\"width:100%;max-width:684px;\" src=\"https:\/\/www.europesays.com\/fr\/wp-content\/uploads\/2025\/12\/c83d.jpg\" alt=\"L'\u00e9v\u00e9nement 100% sport fait son retour cet hiver\" loading=\"lazy\"\/>L&rsquo;\u00e9v\u00e9nement 100% sport fait son retour cet hiver &#8211; So Foot<\/p>\n<p class=\"col-md-8 offset-md-1 article-content--texte\">Au programme et pour des prix tr\u00e8s divers, les curieux pourront d\u00e9couvrir une multitude de produits, entre maillots foot, de NBA et de cyclisme neufs et vintage, posters, livres, coffrets surprises, mugs, cadres photos, t-shirts, affiches d\u2019artiste, gapettes v\u00e9lo, gourdes, bobs, casquettes, coques de t\u00e9l\u00e9phone, sweats, chaussettes, figurines, hoodies, bonnets, ballons, cartes, accessoires\u2026\u00a0<\/p>\n<p class=\"col-md-10 exergue\">Coltesse, du 3 au 7 d\u00e9cembre\u00a0<\/p>\n<p>Avec un \u00e9v\u00e9nement d\u00e9j\u00e0 en cours, la marque \u00e9ponyme de Florent Coltesse s\u2019installe au 7, rue des Gravilliers, dans le IIIe arrondissement de Paris. Ouvert entre 11h et 20h, la boutique \u00e9ph\u00e9m\u00e8re est l\u2019occasion pour le label de pr\u00e9senter son nouveau manteau, baptis\u00e9 Fent\u00e9 125.<\/p>\n<p><img decoding=\"async\" class=\"news-image\" style=\"width:100%;max-width:774px;\" src=\"https:\/\/www.europesays.com\/fr\/wp-content\/uploads\/2025\/12\/c0d6.jpeg\" alt=\"La marque Coltesse pr\u00e9sente sa collection hiver au 7 rue des Gravilliers, \u00e0 Paris\" loading=\"lazy\"\/>La marque Coltesse pr\u00e9sente sa collection hiver au 7 rue des Gravilliers, \u00e0 Paris &#8211; Coltesse<\/p>\n<p class=\"col-md-8 offset-md-1 article-content--texte\">Dans un espace minimaliste pens\u00e9 autour du th\u00e8me de la saison, the \u201cbroken loop\u201d, Coltesse pr\u00e9sente \u00e9galement sa collection hiver.\n                            <\/p>\n<p>\n                                Tous droits de reproduction et de repr\u00e9sentation r\u00e9serv\u00e9s.<br \/>\u00a9 2025 FashionNetwork.com\n                            <\/p>\n","protected":false},"excerpt":{"rendered":"Publi\u00e9 le 4 d\u00e9cembre 2025 La ville lumi\u00e8re se pare de guirlandes\u2026 et de pop-up stores. \u00c0 l\u2019approche&hellip;\n","protected":false},"author":2,"featured_media":578232,"comment_status":"","ping_status":"","sticky":false,"template":"","format":"standard","meta":{"footnotes":""},"categories":[1888],"tags":[11,18858,2424,537,2423,4440,1777,674,1011,27,69249,2425,985,12,2298,626,2426,2427,25,2421,2422],"class_list":{"0":"post-579175","1":"post","2":"type-post","3":"status-publish","4":"format-standard","5":"has-post-thumbnail","7":"category-paris","8":"tag-actualites","9":"tag-ateliers-de-paris","10":"tag-beaute","11":"tag-contact","12":"tag-cosmetiques","13":"tag-dune","14":"tag-eu","15":"tag-europe","16":"tag-fr","17":"tag-france","18":"tag-later","19":"tag-luxe","20":"tag-mode","21":"tag-news","22":"tag-parfum","23":"tag-paris","24":"tag-professionnel","25":"tag-professionnels","26":"tag-republique-francaise","27":"tag-reseau","28":"tag-textile"},"share_on_mastodon":{"url":"https:\/\/pubeurope.com\/@fr\/115665341175739682","error":""},"_links":{"self":[{"href":"https:\/\/www.europesays.com\/fr\/wp-json\/wp\/v2\/posts\/579175","targetHints":{"allow":["GET"]}}],"collection":[{"href":"https:\/\/www.europesays.com\/fr\/wp-json\/wp\/v2\/posts"}],"about":[{"href":"https:\/\/www.europesays.com\/fr\/wp-json\/wp\/v2\/types\/post"}],"author":[{"embeddable":true,"href":"https:\/\/www.europesays.com\/fr\/wp-json\/wp\/v2\/users\/2"}],"replies":[{"embeddable":true,"href":"https:\/\/www.europesays.com\/fr\/wp-json\/wp\/v2\/comments?post=579175"}],"version-history":[{"count":0,"href":"https:\/\/www.europesays.com\/fr\/wp-json\/wp\/v2\/posts\/579175\/revisions"}],"wp:featuredmedia":[{"embeddable":true,"href":"https:\/\/www.europesays.com\/fr\/wp-json\/wp\/v2\/media\/578232"}],"wp:attachment":[{"href":"https:\/\/www.europesays.com\/fr\/wp-json\/wp\/v2\/media?parent=579175"}],"wp:term":[{"taxonomy":"category","embeddable":true,"href":"https:\/\/www.europesays.com\/fr\/wp-json\/wp\/v2\/categories?post=579175"},{"taxonomy":"post_tag","embeddable":true,"href":"https:\/\/www.europesays.com\/fr\/wp-json\/wp\/v2\/tags?post=579175"}],"curies":[{"name":"wp","href":"https:\/\/api.w.org\/{rel}","templated":true}]}}