{"id":579186,"date":"2025-12-05T05:41:13","date_gmt":"2025-12-05T05:41:13","guid":{"rendered":"https:\/\/www.europesays.com\/fr\/579186\/"},"modified":"2025-12-05T05:41:13","modified_gmt":"2025-12-05T05:41:13","slug":"le-retour-du-service-militaire-volontaire-divise-la-jeunesse","status":"publish","type":"post","link":"https:\/\/www.europesays.com\/fr\/579186\/","title":{"rendered":"le retour du service militaire volontaire divise la jeunesse"},"content":{"rendered":"<p>Le retour du service militaire est act\u00e9 en Allemagne. Ce vendredi 5\u00a0d\u00e9cembre, le Bundestag devrait approuver une loi qui entrera en vigueur au 1er\u00a0janvier pour les jeunes n\u00e9s en 2008. Tous, gar\u00e7ons et filles, recevront un document de la Bundeswehr, l\u2019arm\u00e9e allemande. Seuls les gar\u00e7ons seront contraints de le remplir. Ils y d\u00e9tailleront leurs dipl\u00f4mes, objectifs professionnels et leur \u00e9ventuel int\u00e9r\u00eat pour l\u2019arm\u00e9e allemande. <\/p>\n<p>Cet article est r\u00e9serv\u00e9 aux abonn\u00e9s<\/p>\n<p>\n                    Vous souhaitez lire la suite\u00a0? Abonnez-vous sans engagement \u00e0 notre offre num\u00e9rique\n                <\/p>\n<p>                <a href=\"https:\/\/www.la-croix.com\/abonnement\" class=\"default-paywall__subscribe-button\" data-tracking=\"cta_click\" data-tracking-action=\"voir la page abonnement\" data-tracking-category=\"abonnement\" target=\"_blank\" rel=\"noopener\">Je m&rsquo;abonne<\/a><\/p>\n","protected":false},"excerpt":{"rendered":"Le retour du service militaire est act\u00e9 en Allemagne. Ce vendredi 5\u00a0d\u00e9cembre, le Bundestag devrait approuver une loi&hellip;\n","protected":false},"author":2,"featured_media":579187,"comment_status":"","ping_status":"","sticky":false,"template":"","format":"standard","meta":{"footnotes":""},"categories":[1587],"tags":[11,672,1804,1805,1803,1777,674,1801,12,1802],"class_list":{"0":"post-579186","1":"post","2":"type-post","3":"status-publish","4":"format-standard","5":"has-post-thumbnail","7":"category-allemagne","8":"tag-actualites","9":"tag-allemagne","10":"tag-bundesrepublik-deutschland","11":"tag-de","12":"tag-deutschland","13":"tag-eu","14":"tag-europe","15":"tag-germany","16":"tag-news","17":"tag-republique-federale-dallemagne"},"share_on_mastodon":{"url":"https:\/\/pubeurope.com\/@fr\/115665363633591856","error":""},"_links":{"self":[{"href":"https:\/\/www.europesays.com\/fr\/wp-json\/wp\/v2\/posts\/579186","targetHints":{"allow":["GET"]}}],"collection":[{"href":"https:\/\/www.europesays.com\/fr\/wp-json\/wp\/v2\/posts"}],"about":[{"href":"https:\/\/www.europesays.com\/fr\/wp-json\/wp\/v2\/types\/post"}],"author":[{"embeddable":true,"href":"https:\/\/www.europesays.com\/fr\/wp-json\/wp\/v2\/users\/2"}],"replies":[{"embeddable":true,"href":"https:\/\/www.europesays.com\/fr\/wp-json\/wp\/v2\/comments?post=579186"}],"version-history":[{"count":0,"href":"https:\/\/www.europesays.com\/fr\/wp-json\/wp\/v2\/posts\/579186\/revisions"}],"wp:featuredmedia":[{"embeddable":true,"href":"https:\/\/www.europesays.com\/fr\/wp-json\/wp\/v2\/media\/579187"}],"wp:attachment":[{"href":"https:\/\/www.europesays.com\/fr\/wp-json\/wp\/v2\/media?parent=579186"}],"wp:term":[{"taxonomy":"category","embeddable":true,"href":"https:\/\/www.europesays.com\/fr\/wp-json\/wp\/v2\/categories?post=579186"},{"taxonomy":"post_tag","embeddable":true,"href":"https:\/\/www.europesays.com\/fr\/wp-json\/wp\/v2\/tags?post=579186"}],"curies":[{"name":"wp","href":"https:\/\/api.w.org\/{rel}","templated":true}]}}