{"id":579188,"date":"2025-12-05T05:42:21","date_gmt":"2025-12-05T05:42:21","guid":{"rendered":"https:\/\/www.europesays.com\/fr\/579188\/"},"modified":"2025-12-05T05:42:21","modified_gmt":"2025-12-05T05:42:21","slug":"enceladus-prochaine-etape-de-leurope-dans-la-quete-de-vie-spatiale","status":"publish","type":"post","link":"https:\/\/www.europesays.com\/fr\/579188\/","title":{"rendered":"Enceladus, prochaine \u00e9tape de l\u2019Europe dans la qu\u00eate de vie spatiale"},"content":{"rendered":"<p>Depuis toujours, les grandes \u00e9tapes de l\u2019exploration spatiale<br \/>\nont red\u00e9fini notre place dans l\u2019univers. Chaque mission vers Mars,<br \/>\nV\u00e9nus ou les lunes de Jupiter a d\u00e9plac\u00e9 les fronti\u00e8res du possible.<br \/>\nD\u00e9sormais, tous les regards convergent vers une cible bien plus<br \/>\nlointaine, mais infiniment prometteuse. La mission Enceladus<br \/>\npourrait devenir l\u2019un des moments d\u00e9cisifs de cette qu\u00eate moderne,<br \/>\n\u00e0 la crois\u00e9e de la science et de la fascination pour la vie au-del\u00e0<br \/>\nde la Terre.<\/p>\n<p>La lune qui peut tout changer<\/p>\n<p>Depuis que la <a href=\"https:\/\/www.science-et-vie.com\/ciel-et-espace\/decouverte-de-molecules-organiques-propices-a-la-vie-dans-locean-souterrain-encelade-213916.html\" target=\"_blank\" rel=\"noopener\"><br \/>\nsonde Cassini<\/a> a r\u00e9v\u00e9l\u00e9 en 2005 l\u2019existence de geysers \u00e0 la<br \/>\nsurface d\u2019<a href=\"https:\/\/www.science-et-vie.com\/ciel-et-espace\/encelade-et-europe-cibles-de-choix-pour-la-vie-extraterrestre-173064.html\" target=\"_blank\" rel=\"noopener\">Encelade<\/a>,<br \/>\ncette petite lune glac\u00e9e de Saturne est devenue la cible la plus<br \/>\nintrigante de l\u2019astrobiologie moderne. \u00c0 seulement 500 kilom\u00e8tres<br \/>\nde diam\u00e8tre, elle abrite sous son \u00e9paisse cro\u00fbte de glace un oc\u00e9an<br \/>\nglobal en contact direct avec un noyau rocheux, lieu potentiel de<br \/>\nr\u00e9actions chimiques capables de nourrir la vie. S\u2019y ajoutent des<br \/>\npanaches d\u2019eau qui jaillissent dans l\u2019espace depuis des fissures au<br \/>\np\u00f4le sud, enrichis en compos\u00e9s organiques.<\/p>\n<p>Pour la communaut\u00e9 scientifique, ces caract\u00e9ristiques r\u00e9unissent<br \/>\nles trois crit\u00e8res fondamentaux d\u2019un environnement habitable\u202f:<br \/>\npr\u00e9sence d\u2019eau liquide, source d\u2019\u00e9nergie et \u00e9l\u00e9ments chimiques<br \/>\ncl\u00e9s. Le <a href=\"https:\/\/timesofindia.indiatimes.com\/science\/esa-prepares-to-land-on-enceladus-the-hidden-ocean-world-that-may-hold-the-first-evidence-of-alien-life\/articleshow\/125685290.cms\" target=\"_blank\" rel=\"nofollow noopener\">Times of India<\/a> rappelle que ces<br \/>\npanaches \u00e9jectent naturellement le contenu de l\u2019oc\u00e9an, ce qui \u00e9vite<br \/>\nde devoir forer la glace pour l\u2019\u00e9tudier. Gr\u00e2ce \u00e0 ce m\u00e9canisme<br \/>\nunique dans le Syst\u00e8me solaire, Encelade est aujourd\u2019hui consid\u00e9r\u00e9<br \/>\ncomme le site le plus prometteur pour d\u00e9couvrir des <a href=\"https:\/\/www.science-et-vie.com\/ciel-et-espace\/et-si-la-lune-abritait-des-vestiges-de-machines-extraterrestres-la-folle-theorie-qui-intrigue-les-scientifiques-217433.html\" target=\"_blank\" rel=\"noopener\"><br \/>\ntraces de vie extraterrestre<\/a>.<\/p>\n<p><img decoding=\"async\" src=\"https:\/\/www.europesays.com\/fr\/wp-content\/uploads\/2025\/12\/1764913341_783_hqdefault.jpg\" width=\"100%\" height=\"auto\"\/><\/p>\n<p>La mission Enceladus, un pari technologique in\u00e9dit pour<br \/>\nl\u2019ESA<\/p>\n<p>L\u2019Agence spatiale europ\u00e9enne ne se contente plus de sp\u00e9culer.<br \/>\nElle a officiellement int\u00e9gr\u00e9 une exp\u00e9dition vers Encelade dans sa<br \/>\nstrat\u00e9gie \u00ab Voyage 2050 \u00bb. Selon <a href=\"https:\/\/www.iflscience.com\/were-going-to-enceladus-maybe-esas-plans-for-alien-hunting-mission-to-land-on-saturns-moon-is-a-go-81730\" target=\"_blank\" rel=\"nofollow noopener\">IFLScience<\/a>, cette mission<br \/>\nambitieuse combinera un orbiteur et un atterrisseur, propuls\u00e9s par<br \/>\ndeux lancements successifs, avec un atterrissage pr\u00e9vu aux<br \/>\nalentours de 2052, lors d\u2019une p\u00e9riode d\u2019ensoleillement optimal pour<br \/>\nl\u2019alimentation solaire.<\/p>\n<p>Le choix d\u2019une mission double vise \u00e0 maximiser les observations.<br \/>\nL\u2019orbiteur surveillera l\u2019activit\u00e9 des panaches, mesurera les champs<br \/>\nmagn\u00e9tiques et cartographiera la surface. L\u2019atterrisseur, lui, se<br \/>\nposera \u00e0 proximit\u00e9 des c\u00e9l\u00e8bres \u00ab Tiger Stripes \u00bb, ces fractures<br \/>\nactives d\u2019o\u00f9 s\u2019\u00e9chappe le contenu de l\u2019oc\u00e9an. Il y collectera des<br \/>\n\u00e9chantillons de glace fra\u00eechement retomb\u00e9e, contenant<br \/>\npotentiellement des mol\u00e9cules organiques complexes. Ce mode de<br \/>\npr\u00e9l\u00e8vement in\u00e9dit permet un acc\u00e8s direct \u00e0 l\u2019eau oc\u00e9anique sans<br \/>\navoir \u00e0 percer plusieurs kilom\u00e8tres de glace.<\/p>\n<p>Ce projet n\u2019a rien d\u2019un r\u00eave lointain. L\u2019ESA a d\u00e9j\u00e0 franchi une<br \/>\n\u00e9tape cl\u00e9 en lan\u00e7ant plusieurs \u00e9tudes techniques. Elle a mobilis\u00e9<br \/>\nses propres ing\u00e9nieurs, mais aussi des chercheurs ext\u00e9rieurs.<br \/>\nL\u2019<a href=\"https:\/\/www.esa.int\/Science_Exploration\/Space_Science\/Saturn_s_moon_Enceladus_top_target_for_ESA\" target=\"_blank\" rel=\"nofollow noopener\">article officiel de l\u2019agence<\/a>,<br \/>\npubli\u00e9 en mars 2024, en a pr\u00e9sent\u00e9 les grandes lignes. Ces travaux<br \/>\nont compar\u00e9 plusieurs lunes g\u00e9antes, dont Titan, Europe et<br \/>\nEncelade. \u00c0 l\u2019arriv\u00e9e, Encelade s\u2019impose comme la cible la plus<br \/>\nstrat\u00e9gique. Cela s\u2019explique par son accessibilit\u00e9, mais aussi par<br \/>\nla richesse scientifique qu\u2019elle promet.<\/p>\n<p>L\u2019impact scientifique et politique<br \/>\nd\u2019une telle entreprise spatiale<\/p>\n<p>L\u2019Europe entend ainsi prendre une place centrale dans la<br \/>\n<a href=\"https:\/\/www.science-et-vie.com\/ciel-et-espace\/il-y-a-30-ans-debutait-une-quete-revolutionnaire-pour-detecter-la-vie-extraterrestre-190456.html\" target=\"_blank\" rel=\"noopener\"><br \/>\nqu\u00eate de vie extraterrestre<\/a>, longtemps domin\u00e9e par la NASA.<br \/>\nAvec Juice lanc\u00e9 vers Jupiter en 2023, puis la mission Enceladus au<br \/>\nc\u0153ur du programme \u00ab Voyage 2050 \u00bb, l\u2019ESA aligne une s\u00e9rie de<br \/>\nmissions plan\u00e9taires capables de hisser la recherche spatiale<br \/>\neurop\u00e9enne au premier plan.<\/p>\n<p>Comme l\u2019explique l\u2019astrobiologiste Zita Martins, cette<br \/>\nexp\u00e9dition pourrait permettre de d\u00e9tecter des biosignatures, voire<br \/>\ndes compos\u00e9s associ\u00e9s \u00e0 des formes de vie microbienne. Les<br \/>\ninstruments embarqu\u00e9s analyseront la composition chimique des<br \/>\ngrains de glace, \u00e0 la recherche d\u2019acides amin\u00e9s, de lipides ou<br \/>\nd\u2019\u00e9l\u00e9ments t\u00e9moins d\u2019une activit\u00e9 biologique.<\/p>\n<p>Un tel r\u00e9sultat marquerait un tournant historique, non seulement<br \/>\npour la science, mais aussi pour la place de l\u2019Europe dans la<br \/>\n<a href=\"https:\/\/www.science-et-vie.com\/ciel-et-espace\/tension-spatiale-la-nasa-restreint-lacces-de-ses-programmes-aux-scientifiques-chinois-211630.html\" target=\"_blank\" rel=\"noopener\"><br \/>\ngouvernance spatiale mondiale<\/a>. Il ne s\u2019agit plus seulement<br \/>\nd\u2019explorer, mais de r\u00e9pondre \u00e0 une question fondamentale.<br \/>\nSommes-nous seuls\u202f? En pla\u00e7ant la mission Enceladus au c\u0153ur de sa<br \/>\nstrat\u00e9gie, l\u2019Europe affirme donc sa volont\u00e9 de participer<br \/>\npleinement \u00e0 cette qu\u00eate universelle, avec ses propres moyens, ses<br \/>\npropres priorit\u00e9s et une ambition claire\u202f: transformer le r\u00eave de<br \/>\nd\u00e9couvrir une autre forme de vie en r\u00e9alit\u00e9 scientifique.<\/p>\n","protected":false},"excerpt":{"rendered":"Depuis toujours, les grandes \u00e9tapes de l\u2019exploration spatiale ont red\u00e9fini notre place dans l\u2019univers. Chaque mission vers Mars,&hellip;\n","protected":false},"author":2,"featured_media":579189,"comment_status":"","ping_status":"","sticky":false,"template":"","format":"standard","meta":{"footnotes":""},"categories":[1586],"tags":[11,1777,674,1011,27,12,25,729],"class_list":{"0":"post-579188","1":"post","2":"type-post","3":"status-publish","4":"format-standard","5":"has-post-thumbnail","7":"category-europe","8":"tag-actualites","9":"tag-eu","10":"tag-europe","11":"tag-fr","12":"tag-france","13":"tag-news","14":"tag-republique-francaise","15":"tag-yout_video"},"share_on_mastodon":{"url":"https:\/\/pubeurope.com\/@fr\/115665368232781352","error":""},"_links":{"self":[{"href":"https:\/\/www.europesays.com\/fr\/wp-json\/wp\/v2\/posts\/579188","targetHints":{"allow":["GET"]}}],"collection":[{"href":"https:\/\/www.europesays.com\/fr\/wp-json\/wp\/v2\/posts"}],"about":[{"href":"https:\/\/www.europesays.com\/fr\/wp-json\/wp\/v2\/types\/post"}],"author":[{"embeddable":true,"href":"https:\/\/www.europesays.com\/fr\/wp-json\/wp\/v2\/users\/2"}],"replies":[{"embeddable":true,"href":"https:\/\/www.europesays.com\/fr\/wp-json\/wp\/v2\/comments?post=579188"}],"version-history":[{"count":0,"href":"https:\/\/www.europesays.com\/fr\/wp-json\/wp\/v2\/posts\/579188\/revisions"}],"wp:featuredmedia":[{"embeddable":true,"href":"https:\/\/www.europesays.com\/fr\/wp-json\/wp\/v2\/media\/579189"}],"wp:attachment":[{"href":"https:\/\/www.europesays.com\/fr\/wp-json\/wp\/v2\/media?parent=579188"}],"wp:term":[{"taxonomy":"category","embeddable":true,"href":"https:\/\/www.europesays.com\/fr\/wp-json\/wp\/v2\/categories?post=579188"},{"taxonomy":"post_tag","embeddable":true,"href":"https:\/\/www.europesays.com\/fr\/wp-json\/wp\/v2\/tags?post=579188"}],"curies":[{"name":"wp","href":"https:\/\/api.w.org\/{rel}","templated":true}]}}