{"id":579190,"date":"2025-12-05T05:43:17","date_gmt":"2025-12-05T05:43:17","guid":{"rendered":"https:\/\/www.europesays.com\/fr\/579190\/"},"modified":"2025-12-05T05:43:17","modified_gmt":"2025-12-05T05:43:17","slug":"vous-avez-une-vieille-voiture-vous-naurez-peut-etre-pas-a-la-passer-au-controle-technique-tous-les-ans","status":"publish","type":"post","link":"https:\/\/www.europesays.com\/fr\/579190\/","title":{"rendered":"Vous avez une vieille voiture ? Vous n&rsquo;aurez peut-\u00eatre pas \u00e0 la passer au contr\u00f4le technique tous les ans"},"content":{"rendered":"<p>                    Par<br \/>\n        <strong><br \/>\n            <a href=\"https:\/\/actu.fr\/auteur\/redaction-actu\" title=\"Consulter tous les articles de R\u00e9daction Actu\" target=\"_blank\" rel=\"noopener\">R\u00e9daction Actu<\/a><br \/>\n                    <\/strong><\/p>\n<p>        Publi\u00e9 le<\/p>\n<p>            4 d\u00e9c. 2025 \u00e0 21h57        <\/p>\n<p>Cette mesure \u00e9tait <a href=\"https:\/\/actu.fr\/politique\/la-france-va-t-elle-vraiment-imposer-un-controle-technique-aux-voitures-tous-les-ans-comme-le-veut-l-ue_62606010.html\" target=\"_blank\" rel=\"noopener\">qualifi\u00e9e d\u2019\u00ab\u2009injuste\u2009\u00bb par le gouvernement fran\u00e7ais<\/a>. Il a pour l\u2019instant obtenu gain de cause. Les ministres europ\u00e9ens des Transports ont <strong>rejet\u00e9<\/strong> ce jeudi 4\u00a0d\u00e9cembre la proposition de la <a href=\"https:\/\/actu.fr\/societe\/chasse-a-la-palombe-au-filet-pourquoi-la-commission-europeenne-attaque-la-france_62252203.html\" target=\"_blank\" rel=\"noopener\">Commission europ\u00e9enne<\/a> consistant \u00e0 rendre <strong>les contr\u00f4les techniques annuels obligatoires pour les voitures et camionnettes de plus de 10\u00a0ans<\/strong>.<\/p>\n<p class=\" wall-content\">Actuellement, ces v\u00e9hicules sont soumis dans l\u2019UE \u00e0 <strong>un contr\u00f4le obligatoire tous les deux ans<\/strong>. Certains pays, comme la France et <a href=\"https:\/\/actu.fr\/loisirs-culture\/un-deuxieme-parc-asterix-va-ouvrir-en-allemagne-le-premier-hors-de-la-france_63516215.html\" target=\"_blank\" rel=\"noopener\">l\u2019Allemagne<\/a>, imposent m\u00eame cette r\u00e8gle aux voitures de plus de 4\u00a0ans.<\/p>\n<p>Ne pas imposer des frais suppl\u00e9mentaires<\/p>\n<p class=\" wall-content\">Pour renforcer la s\u00e9curit\u00e9 routi\u00e8re et la lutte contre la pollution automobile, <a href=\"https:\/\/actu.fr\/faits-divers\/projet-d-attentat-contre-le-procureur-de-bruxelles-des-membres-d-une-mafia-etrangere-arretes-en-belgique_63454971.html\" target=\"_blank\" rel=\"noopener\">Bruxelles<\/a> avait propos\u00e9 <strong>en avril dernier<\/strong> de passer \u00e0 un syst\u00e8me de contr\u00f4le annuel obligatoire, dans le cadre de la r\u00e9vision de r\u00e8gles datant de 2014.<\/p>\n<p class=\" wall-content\">Mais les ministres des Transports, r\u00e9unis \u00e0 Bruxelles, se sont oppos\u00e9s \u00e0 cette mesure, d\u00e9fendant<strong> le maintien du syst\u00e8me actuel<\/strong> (soit un contr\u00f4le tous les deux ans). Ils ne souhaitaient <strong>pas \u00ab\u2009imposer des frais suppl\u00e9mentaires aux propri\u00e9taires de v\u00e9hicules\u2009\u00bb<\/strong>, selon un communiqu\u00e9.<\/p>\n<p class=\" wall-content\">Ils ont en revanche <strong>approuv\u00e9<\/strong> en partie d\u2019autres propositions de l\u2019ex\u00e9cutif europ\u00e9en, comme le d\u00e9ploiement de nouvelles m\u00e9thodes pour <strong>contr\u00f4ler les \u00e9missions d\u2019oxyde d\u2019azote et de particules fines<\/strong>, et des <strong>dispositions contre le trucage des compteurs kilom\u00e9triques.<\/strong><\/p>\n<p class=\" wall-content\">Ces d\u00e9cisions <strong>n\u2019ont pas force de loi<\/strong>. Elles n\u00e9cessitent l\u2019accord du Parlement europ\u00e9en, qui n\u2019a pas encore adopt\u00e9 sa position sur les propositions de la Commission.<\/p>\n<p class=\" wall-content\">En cas de d\u00e9saccord entre les 27 et les eurod\u00e9put\u00e9s, ils devront n\u00e9gocier pour trouver un compromis. Selon l\u2019ex\u00e9cutif europ\u00e9en, <strong>quelque 19\u2009800\u00a0personnes ont \u00e9t\u00e9 tu\u00e9es<\/strong> dans des <a href=\"https:\/\/actu.fr\/faits-divers\/drome-face-a-la-hausse-des-accidents-et-des-morts-sur-la-route-la-prefecture-durcit-les-controles_63513129.html\" target=\"_blank\" rel=\"noopener\">accidents sur les routes<\/a> du Vieux Continent l\u2019an dernier.<\/p>\n<p class=\" wall-content\"><strong>Avec AFP<\/strong><\/p>\n<p class=\" wall-content\">Personnalisez votre actualit\u00e9 en ajoutant vos villes et m\u00e9dias en favori avec <a href=\"https:\/\/moncompte.actu.fr\" title=\"D\u00e9couvez Mon Actu\" rel=\"nofollow noopener\" data-trk=\"{&quot;cta&quot;:{&quot;action&quot;:&quot;https:\\\/\\\/moncompte.actu.fr&quot;,&quot;category&quot;:&quot;mon compte&quot;,&quot;from&quot;:&quot;article footer&quot;,&quot;name&quot;:&quot;Mon actu&quot;,&quot;type&quot;:&quot;cta&quot;}}\" target=\"_blank\">Mon Actu<\/a>.<\/p>\n","protected":false},"excerpt":{"rendered":"Par R\u00e9daction Actu Publi\u00e9 le 4 d\u00e9c. 2025 \u00e0 21h57 Cette mesure \u00e9tait qualifi\u00e9e d\u2019\u00ab\u2009injuste\u2009\u00bb par le gouvernement&hellip;\n","protected":false},"author":2,"featured_media":579191,"comment_status":"","ping_status":"","sticky":false,"template":"","format":"standard","meta":{"footnotes":""},"categories":[1586],"tags":[11,646,2360,1777,674,1779,1011,27,12,25,104,1778,364],"class_list":{"0":"post-579190","1":"post","2":"type-post","3":"status-publish","4":"format-standard","5":"has-post-thumbnail","7":"category-europe","8":"tag-actualites","9":"tag-automobile","10":"tag-bruxelles","11":"tag-eu","12":"tag-europe","13":"tag-european-union","14":"tag-fr","15":"tag-france","16":"tag-news","17":"tag-republique-francaise","18":"tag-societe","19":"tag-ue","20":"tag-union-europeenne"},"share_on_mastodon":{"url":"https:\/\/pubeurope.com\/@fr\/115665371505810691","error":""},"_links":{"self":[{"href":"https:\/\/www.europesays.com\/fr\/wp-json\/wp\/v2\/posts\/579190","targetHints":{"allow":["GET"]}}],"collection":[{"href":"https:\/\/www.europesays.com\/fr\/wp-json\/wp\/v2\/posts"}],"about":[{"href":"https:\/\/www.europesays.com\/fr\/wp-json\/wp\/v2\/types\/post"}],"author":[{"embeddable":true,"href":"https:\/\/www.europesays.com\/fr\/wp-json\/wp\/v2\/users\/2"}],"replies":[{"embeddable":true,"href":"https:\/\/www.europesays.com\/fr\/wp-json\/wp\/v2\/comments?post=579190"}],"version-history":[{"count":0,"href":"https:\/\/www.europesays.com\/fr\/wp-json\/wp\/v2\/posts\/579190\/revisions"}],"wp:featuredmedia":[{"embeddable":true,"href":"https:\/\/www.europesays.com\/fr\/wp-json\/wp\/v2\/media\/579191"}],"wp:attachment":[{"href":"https:\/\/www.europesays.com\/fr\/wp-json\/wp\/v2\/media?parent=579190"}],"wp:term":[{"taxonomy":"category","embeddable":true,"href":"https:\/\/www.europesays.com\/fr\/wp-json\/wp\/v2\/categories?post=579190"},{"taxonomy":"post_tag","embeddable":true,"href":"https:\/\/www.europesays.com\/fr\/wp-json\/wp\/v2\/tags?post=579190"}],"curies":[{"name":"wp","href":"https:\/\/api.w.org\/{rel}","templated":true}]}}