{"id":579192,"date":"2025-12-05T05:44:25","date_gmt":"2025-12-05T05:44:25","guid":{"rendered":"https:\/\/www.europesays.com\/fr\/579192\/"},"modified":"2025-12-05T05:44:25","modified_gmt":"2025-12-05T05:44:25","slug":"quand-je-vois-un-exercice-ou-on-tire-six-fois-sans-marquer-apres-deux-succes-en-ligue-1-les-joueurs-du-stade-brestois-nont-pas-brille-a-lentra","status":"publish","type":"post","link":"https:\/\/www.europesays.com\/fr\/579192\/","title":{"rendered":"\u00ab\u00a0Quand je vois un exercice o\u00f9 on tire six fois sans marquer\u2026\u00a0\u00bb, apr\u00e8s deux succ\u00e8s en Ligue\u00a01, les joueurs du Stade Brestois n\u2019ont pas brill\u00e9 \u00e0 l\u2019entra\u00eenement"},"content":{"rendered":"<p>Ligue 1 (15e journ\u00e9e). Stade Brestois &#8211; AS Monaco, ce vendredi (19 h)<\/p>\n<p>\u00c9ric Roy aime bien regarder l\u2019entra\u00eenement de loin. En g\u00e9n\u00e9ral, ce n\u2019est pas l\u2019entra\u00eeneur du Stade Brestois qui dirige la s\u00e9ance \u00e0 Kerlaurent. Le Ni\u00e7ois laisse ce r\u00f4le \u00e0 son adjoint Julien Lachuer et se place un peu en retrait &#8211; ce qui ne l\u2019emp\u00eache pas, bien s\u00fbr, de prendre un joueur \u00e0 part ou de faire une remarque. Jeudi, c\u2019\u00e9tait une remarque collective. Et il l\u2019a faite publiquement, en conf\u00e9rence de presse : \u00ab Je n\u2019ai pas tout aim\u00e9 dans la semaine. J\u2019esp\u00e8re qu\u2019on sera plus exigeants, plus convaincus dans ce match face \u00e0 Monaco. \u00bb<\/p>\n<p>Apr\u00e8s deux victoires importantes, contre <a href=\"https:\/\/www.letelegramme.fr\/sports\/football\/stade-brestois\/le-scenario-fait-quon-est-sur-un-petit-nuage-ce-soir-pour-le-stade-brestois-la-delivrance-au-bout-dun-match-fou-6934171.php\" target=\"_blank\" rel=\"noopener\">Metz (3-2)<\/a> et \u00e0 <a href=\"https:\/\/www.letelegramme.fr\/sports\/football\/stade-brestois\/strasbourg-brest-intensite-reglages-tactiques-finisseurs-comment-le-stade-brestois-a-reussi-a-renverser-la-vapeur-6938420.php\" target=\"_blank\" rel=\"noopener\">Strasbourg (1-2)<\/a>, les Brestois d\u00e9sormais onzi\u00e8mes de Ligue 1 auraient-ils fait preuve d\u2019un certain rel\u00e2chement \u00e0 l\u2019entra\u00eenement ? \u00ab Quand je vois des exercices o\u00f9, sans opposition, on tire six fois au but et qu\u2019on ne marque pas, je me dis : \u201coh ! \u00c7a va \u00eatre compliqu\u00e9 de marquer en match si on ne marque pas sans opposition ! Est-ce qu\u2019on est vraiment investi \u00e0 fond, \u00e0 100 % \u00bb, s\u2019interroge \u00c9ric Roy.<\/p>\n<p>\u00ab Eviter la suffisance \u00bb<\/p>\n<p>L\u2019entra\u00eeneur brestois s\u2019\u00e9tait dit \u00ab combl\u00e9 \u00bb, dimanche, \u00e0 Strasbourg, apr\u00e8s <a href=\"https:\/\/www.letelegramme.fr\/sports\/football\/stade-brestois\/t-dans-le-match-la-victoire-de-brest-a-strasbourg-est-elle-la-rencontre-reference-cette-saison-6939551.php\" target=\"_blank\" rel=\"noopener\">une victoire aux airs de \u00ab match de r\u00e9f\u00e9rence<\/a>. \u00bb Le discours \u00e9tait donc diff\u00e9rent \u00e0 la veille d\u2019affronter Monaco, qui vient de battre le PSG en championnat. Comme souvent, avec les footballeurs pros, il faut alterner douceur et fermet\u00e9, manier la carotte contre le b\u00e2ton : \u00ab C\u2019est toujours pareil, entre donner de la confiance et, en m\u00eame temps, \u00e9viter la suffisance \u00bb, r\u00e9sume \u00c9ric Roy.<\/p>\n<p>Lors de s\u00e9ances vid\u00e9os individuelles, par exemple, le staff a montr\u00e9 aux joueurs le bon et le moins bon du match \u00e0 Strasbourg : \u00ab On fait les deux, car voir que des choses n\u00e9gatives, ce n\u2019est pas tr\u00e8s bon, explique l\u2019entra\u00eeneur brestois. Il faut un \u00e9quilibre entre ce qu\u2019on a bien fait, qu\u2019on veut voir reproduit, et ce qu\u2019on veut gommer. \u00bb L\u2019entra\u00eeneur marche sur une ligne aussi fine que celle du hors-jeu version VAR : \u00ab C\u2019est toujours entre donner de la confiance et \u00e9viter la suffisance ! \u00bb Et parfois, une petite remontrance publique \u00e9vite de basculer du mauvais c\u00f4t\u00e9 de la fronti\u00e8re.<\/p>\n","protected":false},"excerpt":{"rendered":"Ligue 1 (15e journ\u00e9e). Stade Brestois &#8211; AS Monaco, ce vendredi (19 h) \u00c9ric Roy aime bien regarder&hellip;\n","protected":false},"author":2,"featured_media":579193,"comment_status":"","ping_status":"","sticky":false,"template":"","format":"standard","meta":{"footnotes":""},"categories":[2],"tags":[11,3450,63,1011,27,66,12,25,60,4449],"class_list":{"0":"post-579192","1":"post","2":"type-post","3":"status-publish","4":"format-standard","5":"has-post-thumbnail","7":"category-actualites","8":"tag-actualites","9":"tag-brest","10":"tag-football","11":"tag-fr","12":"tag-france","13":"tag-ligue-1","14":"tag-news","15":"tag-republique-francaise","16":"tag-sports","17":"tag-stade-brestois"},"share_on_mastodon":{"url":"https:\/\/pubeurope.com\/@fr\/115665375377886558","error":""},"_links":{"self":[{"href":"https:\/\/www.europesays.com\/fr\/wp-json\/wp\/v2\/posts\/579192","targetHints":{"allow":["GET"]}}],"collection":[{"href":"https:\/\/www.europesays.com\/fr\/wp-json\/wp\/v2\/posts"}],"about":[{"href":"https:\/\/www.europesays.com\/fr\/wp-json\/wp\/v2\/types\/post"}],"author":[{"embeddable":true,"href":"https:\/\/www.europesays.com\/fr\/wp-json\/wp\/v2\/users\/2"}],"replies":[{"embeddable":true,"href":"https:\/\/www.europesays.com\/fr\/wp-json\/wp\/v2\/comments?post=579192"}],"version-history":[{"count":0,"href":"https:\/\/www.europesays.com\/fr\/wp-json\/wp\/v2\/posts\/579192\/revisions"}],"wp:featuredmedia":[{"embeddable":true,"href":"https:\/\/www.europesays.com\/fr\/wp-json\/wp\/v2\/media\/579193"}],"wp:attachment":[{"href":"https:\/\/www.europesays.com\/fr\/wp-json\/wp\/v2\/media?parent=579192"}],"wp:term":[{"taxonomy":"category","embeddable":true,"href":"https:\/\/www.europesays.com\/fr\/wp-json\/wp\/v2\/categories?post=579192"},{"taxonomy":"post_tag","embeddable":true,"href":"https:\/\/www.europesays.com\/fr\/wp-json\/wp\/v2\/tags?post=579192"}],"curies":[{"name":"wp","href":"https:\/\/api.w.org\/{rel}","templated":true}]}}