{"id":579196,"date":"2025-12-05T05:46:12","date_gmt":"2025-12-05T05:46:12","guid":{"rendered":"https:\/\/www.europesays.com\/fr\/579196\/"},"modified":"2025-12-05T05:46:12","modified_gmt":"2025-12-05T05:46:12","slug":"miss-france-2026-quoi-quon-fasse-il-y-aura-toujours-des-critiques-lea-chabrel-miss-midi-pyrenees-se-confie-avant-lelection","status":"publish","type":"post","link":"https:\/\/www.europesays.com\/fr\/579196\/","title":{"rendered":"Miss France 2026\u00a0: \u00ab\u00a0Quoi qu\u2019on fasse, il y aura toujours des critiques\u00a0\u00bb\u00a0: L\u00e9a Chabrel, Miss Midi-Pyr\u00e9n\u00e9es, se confie avant l\u2019\u00e9lection"},"content":{"rendered":"<p>\n                                                                    l&rsquo;essentiel<br \/>\n                                                                Ce samedi 6\u00a0d\u00e9cembre 2025, l\u2019Ari\u00e9geoise L\u00e9a Chabrel, 24 ans, portera haut les couleurs de la r\u00e9gion Midi-Pyr\u00e9n\u00e9es lors du concours Miss France 2026. Entretien.\n                            <\/p>\n<p class=\"txt-question\">Depuis plusieurs semaines, vous vivez intens\u00e9ment l\u2019aventure Miss France. Quel regard portez-vous aujourd\u2019hui sur ce mois de pr\u00e9paration\u00a0?<\/p>\n<p>(Rires) C\u2019est une question difficile. Quand on est plong\u00e9e dans l\u2019aventure, on ne se rend pas vraiment compte de tout ce qui s\u2019est pass\u00e9 en si peu de temps. Ce mois m\u2019a \u00e9norm\u00e9ment apport\u00e9\u00a0: un vrai d\u00e9veloppement personnel, beaucoup de prises de conscience\u2026 et l\u2019\u00e9mergence d\u2019une nouvelle forme de confiance. J\u2019ai aussi d\u00e9couvert des facettes de moi que je ne connaissais pas encore.<\/p>\n<p class=\"txt-question\">Vous \u00e9voluez au quotidien aux c\u00f4t\u00e9s de candidates aux profils tr\u00e8s vari\u00e9s. Selon vous, quelle qualit\u00e9 pourrait faire la diff\u00e9rence le soir de l\u2019\u00e9lection\u00a0?<\/p>\n<p class=\"std-elt__inline\">\n        <strong>\u00c0 lire aussi :<\/strong><br \/>\n        <a href=\"https:\/\/www.ladepeche.fr\/2025\/11\/30\/miss-france-2026-qui-est-miss-midi-pyrenees-8-choses-a-savoir-sur-lea-chabrel-13073327.php\" target=\"_blank\" rel=\"noopener\">Miss France 2026\u00a0: qui est Miss Midi-Pyr\u00e9n\u00e9es\u00a0? 8 choses \u00e0 savoir sur L\u00e9a Chabrel<\/a>\n    <\/p>\n<p>Je dirais mon empathie et ma sensibilit\u00e9. Je suis rest\u00e9e moi-m\u00eame depuis le premier jour, sans chercher \u00e0 me transformer. J\u2019ai toujours montr\u00e9 toutes mes facettes\u00a0: les bons moments comme les plus compliqu\u00e9s. Je ne suis peut-\u00eatre pas la candidate la plus \u00e9loquente, mais je fais partie de celles qui sont rest\u00e9es les plus authentiques tout au long du parcours. Et surtout, je suis d\u00e9termin\u00e9e. Chaque jour, malgr\u00e9 la fatigue ou l\u2019humeur du moment, j\u2019ai tout donn\u00e9 pour \u00eatre fi\u00e8re de moi\u2026 et rendre fi\u00e8re ma r\u00e9gion.<\/p>\n<p class=\"txt-question\">La pr\u00e9paration a \u00e9t\u00e9 intense. Avez-vous travers\u00e9 des moments plus d\u00e9licats\u00a0?<\/p>\n<p>Mon c\u00f4t\u00e9 sportif m\u2019a souvent pouss\u00e9e \u00e0 relever des d\u00e9fis mentalement difficiles. Je suis habitu\u00e9e \u00e0 ce type de combats. Ce mois-ci, j\u2019ai pris beaucoup de plaisir et je ne me suis jamais sentie v\u00e9ritablement en difficult\u00e9. Que ce soit pour les chor\u00e9graphies ou le d\u00e9fil\u00e9 en costumes, tout s\u2019est fait par \u00e9tapes. Chaque nouveaut\u00e9 apportait son lot d\u2019excitation et me rappelait pourquoi j\u2019\u00e9tais l\u00e0.<\/p>\n<p class=\"txt-question\">Justement, lors du d\u00e9fil\u00e9 des costumes r\u00e9gionaux, peut-on s\u2019attendre \u00e0 un clin d\u2019\u0153il \u00e0 l\u2019Ari\u00e8ge\u00a0?<\/p>\n<p>Il faut savoir que les costumes sont dessin\u00e9s par un costumier et valid\u00e9s par la soci\u00e9t\u00e9 Miss France. Ils repr\u00e9sentent la r\u00e9gion, mais ce n\u2019est pas moi qui les choisis.<\/p>\n<p class=\"txt-question\">Quel r\u00f4le l\u2019Ari\u00e8ge joue-t-elle dans votre parcours\u00a0?<\/p>\n<p>Le lien et la proximit\u00e9 entre les gens l\u00e0-bas sont tr\u00e8s forts. Depuis petite, on m\u2019a transmis des valeurs essentielles\u00a0: la d\u00e9termination, l\u2019engagement. J\u2019ai toujours \u00e9t\u00e9 tr\u00e8s fi\u00e8re de mes racines ari\u00e9geoises. M\u00eame si je repr\u00e9sente aujourd\u2019hui Midi-Pyr\u00e9n\u00e9es, je parle \u00e9norm\u00e9ment de\u00a0mes origines. L\u2019Ari\u00e8ge m\u2019a vue grandir et continue de me soutenir tous les jours. \u00c7a fait vraiment chaud au c\u0153ur.<\/p>\n<p class=\"txt-question\">Participer \u00e0 Miss France, c\u2019est aussi s\u2019exposer. Y a-t-il des critiques qui pourraient vous atteindre davantage\u00a0?<\/p>\n<p>Honn\u00eatement, je n\u2019y pense pas et je n\u2019ai pas envie d\u2019y penser. On nous a pr\u00e9venues\u00a0: quoi qu\u2019on fasse, il y aura toujours des critiques. Mais nous sommes bien entour\u00e9es. Et moi, je suis solidement ancr\u00e9e dans mes racines et je sais ce que je vaux. C\u2019est ce \u00e0 quoi je me raccrocherai.<\/p>\n<p class=\"txt-question\">Le concours \u00e9volue\u00a0: les Miss sont d\u00e9sormais plus engag\u00e9es, plus affirm\u00e9es. Quelle image de la femme fran\u00e7aise aimeriez-vous incarner\u00a0?<\/p>\n<p>J\u2019aimerais repr\u00e9senter une femme forte, d\u00e9termin\u00e9e et engag\u00e9e dans tout ce qu\u2019elle entreprend. Avec mon parcours, je veux montrer que l\u2019on peut \u00eatre sportive et aimer d\u00e9filer. Je me suis toujours fix\u00e9e des objectifs\u00a0: dans le sport, o\u00f9 j\u2019ai atteint un haut niveau amateur, et professionnellement, en me lan\u00e7ant directement \u00e0 mon compte apr\u00e8s mes cinq ann\u00e9es d\u2019\u00e9tudes et mon m\u00e9moire. Rien ne nous limite, \u00e0 partir du moment o\u00f9 l\u2019on croit en soi et que l\u2019on travaille pour y arriver.<\/p>\n<p class=\"txt-question\">Si la petite fille que vous \u00e9tiez vous voyait monter sur sc\u00e8ne samedi soir, que lui diriez-vous\u00a0?<\/p>\n<p>Je lui dirais d\u2019arr\u00eater de douter. De croire en elle. Et que toutes les deux, nous allons r\u00e9ussir. Nous allons monter sur sc\u00e8ne devant des millions de personnes, alors qu\u2019\u00e0 l\u2019\u00e9poque, on n\u2019osait m\u00eame pas faire un expos\u00e9 devant une trentaine d\u2019\u00e9l\u00e8ves.<\/p>\n","protected":false},"excerpt":{"rendered":"l&rsquo;essentiel Ce samedi 6\u00a0d\u00e9cembre 2025, l\u2019Ari\u00e9geoise L\u00e9a Chabrel, 24 ans, portera haut les couleurs de la r\u00e9gion Midi-Pyr\u00e9n\u00e9es&hellip;\n","protected":false},"author":2,"featured_media":579197,"comment_status":"","ping_status":"","sticky":false,"template":"","format":"standard","meta":{"footnotes":""},"categories":[4],"tags":[11,2720,58,1011,27,68926,12,25,69322,68925],"class_list":{"0":"post-579196","1":"post","2":"type-post","3":"status-publish","4":"format-standard","5":"has-post-thumbnail","7":"category-france","8":"tag-actualites","9":"tag-ariege","10":"tag-divertissement","11":"tag-fr","12":"tag-france","13":"tag-miss-france-2026","14":"tag-news","15":"tag-republique-francaise","16":"tag-tarasconsurariege","17":"tag-tu00e9lu00e9-mu00e9dias"},"share_on_mastodon":{"url":"https:\/\/pubeurope.com\/@fr\/115665383113349173","error":""},"_links":{"self":[{"href":"https:\/\/www.europesays.com\/fr\/wp-json\/wp\/v2\/posts\/579196","targetHints":{"allow":["GET"]}}],"collection":[{"href":"https:\/\/www.europesays.com\/fr\/wp-json\/wp\/v2\/posts"}],"about":[{"href":"https:\/\/www.europesays.com\/fr\/wp-json\/wp\/v2\/types\/post"}],"author":[{"embeddable":true,"href":"https:\/\/www.europesays.com\/fr\/wp-json\/wp\/v2\/users\/2"}],"replies":[{"embeddable":true,"href":"https:\/\/www.europesays.com\/fr\/wp-json\/wp\/v2\/comments?post=579196"}],"version-history":[{"count":0,"href":"https:\/\/www.europesays.com\/fr\/wp-json\/wp\/v2\/posts\/579196\/revisions"}],"wp:featuredmedia":[{"embeddable":true,"href":"https:\/\/www.europesays.com\/fr\/wp-json\/wp\/v2\/media\/579197"}],"wp:attachment":[{"href":"https:\/\/www.europesays.com\/fr\/wp-json\/wp\/v2\/media?parent=579196"}],"wp:term":[{"taxonomy":"category","embeddable":true,"href":"https:\/\/www.europesays.com\/fr\/wp-json\/wp\/v2\/categories?post=579196"},{"taxonomy":"post_tag","embeddable":true,"href":"https:\/\/www.europesays.com\/fr\/wp-json\/wp\/v2\/tags?post=579196"}],"curies":[{"name":"wp","href":"https:\/\/api.w.org\/{rel}","templated":true}]}}