{"id":579204,"date":"2025-12-05T05:55:15","date_gmt":"2025-12-05T05:55:15","guid":{"rendered":"https:\/\/www.europesays.com\/fr\/579204\/"},"modified":"2025-12-05T05:55:15","modified_gmt":"2025-12-05T05:55:15","slug":"le-barca-dit-non-a-luis-enrique","status":"publish","type":"post","link":"https:\/\/www.europesays.com\/fr\/579204\/","title":{"rendered":"Le Bar\u00e7a dit non \u00e0 Luis Enrique"},"content":{"rendered":"<p><b>En fin de contrat avec le FC Barcelone en juin 2026, Eric Garcia a fait l&rsquo;objet d&rsquo;une offre colossale du Paris Saint-Germain qui \u00e9tait pr\u00eat \u00e0 tout pour le recruter d\u00e8s le mois de janvier prochain et satisfaire Luis Enrique. Mais les Blaugranas ont retourn\u00e9 la tendance.<\/b><\/p>\n<p>Ce n&rsquo;est plus un secret pour personne, le <a href=\"https:\/\/www.foot01.com\/paris\" target=\"_self\" rel=\"noopener\">Paris Saint-Germain<\/a> cherche activement \u00e0 recruter un nouveau d\u00e9fenseur central droitier, suffisamment polyvalent pour pouvoir occuper le couloir droit lorsqu&rsquo;il faut laisser Achraf Hakimi au repos, et dot\u00e9 soit d&rsquo;une exp\u00e9rience int\u00e9ressante, soit d&rsquo;un gros potentiel. Avec Eric Garcia, Luis Enrique avait trouv\u00e9 le joueur id\u00e9al qui alliait les deux conditions. Devenu progressivement titulaire indiscutable sur le flanc droit de la d\u00e9fense du FC Barcelone, l&rsquo;international espagnol est sous contrat jusqu&rsquo;en juin 2026. Une situation qui a logiquement intrigu\u00e9 le PSG qui aurait pu r\u00e9cup\u00e9rer un joueur en pleine forme et qui correspondait exactement aux besoins de l&rsquo;entraineur parisien. Pour acc\u00e9l\u00e9rer le processus, Nasser al-Khela\u00effi a m\u00eame r\u00e9dig\u00e9 une offre compl\u00e8tement folle.Le PSG a tent\u00e9, mais le Bar\u00e7a a refus\u00e9C&rsquo;est en tout cas ce que r\u00e9v\u00e8le Don Balon, selon qui le PSG est entr\u00e9 en contact avec le FC Barcelone puis a transmis une offre d&rsquo;un montant de 40 millions d&rsquo;euros, plus 10 millions d&rsquo;euros de bonus. Une offre importante pour un joueur qui serait en fin de contrat dans six mois une fois le <a href=\"https:\/\/www.foot01.com\/mercato\" title=\"Mercato\" target=\"_blank\" rel=\"noopener\">mercato<\/a> de janvier ouvert. Malheureusement pour Paris, le Bar\u00e7a et Eric Garcia ont conjointement refus\u00e9 cette proposition, bien qu&rsquo;all\u00e9chante financi\u00e8rement pour les deux parties.<\/p>\n<p>A la place, Eric Garcia est sur le point de prolonger son contrat avec le FC Barcelone. De quoi mettre d\u00e9finitivement un terme aux sp\u00e9culations sur son avenir. \u00ab C&rsquo;est une histoire de petits d\u00e9tails financiers, d\u00e9sormais, mais Eric va bien signer un nouveau contrat \u00bb, a confirm\u00e9 Deco au sujet de son d\u00e9fenseur. Une mauvaise nouvelle pour le PSG et Luis Enrique, mais une excellente pour Hansi Flick qui va pouvoir garder son couteau suisse encore longtemps.<\/p>\n","protected":false},"excerpt":{"rendered":"En fin de contrat avec le FC Barcelone en juin 2026, Eric Garcia a fait l&rsquo;objet d&rsquo;une offre&hellip;\n","protected":false},"author":2,"featured_media":518394,"comment_status":"","ping_status":"","sticky":false,"template":"","format":"standard","meta":{"footnotes":""},"categories":[1410],"tags":[63,1011,27,1434,93,60],"class_list":{"0":"post-579204","1":"post","2":"type-post","3":"status-publish","4":"format-standard","5":"has-post-thumbnail","7":"category-football","8":"tag-football","9":"tag-fr","10":"tag-france","11":"tag-mercato","12":"tag-psg","13":"tag-sports"},"share_on_mastodon":{"url":"https:\/\/pubeurope.com\/@fr\/115665418494542633","error":""},"_links":{"self":[{"href":"https:\/\/www.europesays.com\/fr\/wp-json\/wp\/v2\/posts\/579204","targetHints":{"allow":["GET"]}}],"collection":[{"href":"https:\/\/www.europesays.com\/fr\/wp-json\/wp\/v2\/posts"}],"about":[{"href":"https:\/\/www.europesays.com\/fr\/wp-json\/wp\/v2\/types\/post"}],"author":[{"embeddable":true,"href":"https:\/\/www.europesays.com\/fr\/wp-json\/wp\/v2\/users\/2"}],"replies":[{"embeddable":true,"href":"https:\/\/www.europesays.com\/fr\/wp-json\/wp\/v2\/comments?post=579204"}],"version-history":[{"count":0,"href":"https:\/\/www.europesays.com\/fr\/wp-json\/wp\/v2\/posts\/579204\/revisions"}],"wp:featuredmedia":[{"embeddable":true,"href":"https:\/\/www.europesays.com\/fr\/wp-json\/wp\/v2\/media\/518394"}],"wp:attachment":[{"href":"https:\/\/www.europesays.com\/fr\/wp-json\/wp\/v2\/media?parent=579204"}],"wp:term":[{"taxonomy":"category","embeddable":true,"href":"https:\/\/www.europesays.com\/fr\/wp-json\/wp\/v2\/categories?post=579204"},{"taxonomy":"post_tag","embeddable":true,"href":"https:\/\/www.europesays.com\/fr\/wp-json\/wp\/v2\/tags?post=579204"}],"curies":[{"name":"wp","href":"https:\/\/api.w.org\/{rel}","templated":true}]}}