{"id":579205,"date":"2025-12-05T05:56:12","date_gmt":"2025-12-05T05:56:12","guid":{"rendered":"https:\/\/www.europesays.com\/fr\/579205\/"},"modified":"2025-12-05T05:56:12","modified_gmt":"2025-12-05T05:56:12","slug":"ce-geste-quelle-fait-systematiquement-v","status":"publish","type":"post","link":"https:\/\/www.europesays.com\/fr\/579205\/","title":{"rendered":"ce geste qu&rsquo;elle fait syst\u00e9matiquement v &#8230;"},"content":{"rendered":"<p>EN BREF<\/p>\n<ul class=\"bloc_resume_post_list\">\n<li>Anne-Elisabeth Lemoine, animatrice de C \u00e0 vous, est<br \/>\nconnue pour sa mani\u00e8re unique de croiser les jambes lors des<br \/>\n\u00e9missions.<\/li>\n<li>Ce geste distinctif, un double-crois\u00e9 de jambes, est<br \/>\ndevenu sa signature visuelle et influence la dynamique de ses<br \/>\ninterviews.<\/li>\n<li>Ce tic corporel r\u00e9v\u00e8le une d\u00e9contraction ma\u00eetris\u00e9e et<br \/>\nparticipe \u00e0 l\u00a0\u00bbidentit\u00e9 chaleureuse et informelle de<br \/>\nl&rsquo;\u00e9mission.<\/li>\n<\/ul>\n<p>\u00c0 force de regarder nos \u00e9missions favorites, nous connaissons<br \/>\nleurs animateurs et animatrices sur le bout des doigts. Nous<br \/>\nconnaissons aussi leurs tics et tocs qui ressortent \u00e0 l\u2019image.<br \/>\n<a href=\"https:\/\/www.telestar.fr\/actu_tv\/des-videos-de-anne-elisabeth-lemoine-choquee-par-lanecdote-de-george-clooney-avec-jean-dujardin-1747499\" target=\"_blank\" rel=\"noopener\"><br \/>\nAnne-Elisabeth Lemoine<\/a> ne d\u00e9roge pas \u00e0 la r\u00e8gle et les fid\u00e8les<br \/>\nde <a href=\"https:\/\/www.telestar.fr\/actu_tv\/c-a-vous-grande-premiere-en-16-ans-pour-la-quotidienne-de-france-5-et-il-ny-a-vraiment-pas-de-quoi-se-rejouir-1742589\" target=\"_blank\" rel=\"noopener\"><br \/>\nC \u00e0 vous<\/a> le savent bien. Il s&rsquo;agit de sa fa\u00e7on tr\u00e8s<br \/>\nparticuli\u00e8re <strong>de croiser les jambes<\/strong>, qu\u2019elle adopte<br \/>\nquasiment \u00e0 chaque \u00e9mission.<\/p>\n<p>Derri\u00e8re ce geste r\u00e9p\u00e9titif, c\u2019est toute <strong>sa mani\u00e8re<br \/>\nd\u2019occuper l\u2019espace<\/strong>, d\u2019installer la conversation et de<br \/>\ndonner le ton \u00e0 ses interviews qui se r\u00e9v\u00e8le.<\/p>\n<p>Une posture devenue sa \u00ab\u00a0signature\u00a0\u00bb<\/p>\n<p>Qu\u2019il s\u2019agisse <a href=\"https:\/\/www.telestar.fr\/actu_tv\/c-a-vous-pierre-lescure-fait-son-retour-et-il-nen-rate-pas-une-oui-maitresse-1745009\" target=\"_blank\" rel=\"noopener\"><br \/>\ndu d\u00e9but de l\u2019\u00e9mission<\/a> ou du d\u00eener dans C \u00e0 vous, la<br \/>\nsuite, Anne-Elisabeth Lemoine s\u2019installe presque toujours dans<br \/>\n<strong>la m\u00eame position.<\/strong> Elle opte pour un double-crois\u00e9<br \/>\nde jambes. Ainsi, sa jambe gauche qui vient s\u2019enrouler deux fois<br \/>\nautour de l\u2019autre, comme une liane. Cette posture, \u00e0 la fois<br \/>\n\u00e9tonnante et tr\u00e8s reconnaissable, est devenue une v\u00e9ritable<br \/>\nsignature visuelle. D&rsquo;ailleurs, on ne peut plus la regarder sans y<br \/>\npr\u00eater attention.<\/p>\n<p>Au-del\u00e0 de l\u2019aspect anecdotique, ce geste traduit aussi<br \/>\n<strong>une forme de d\u00e9contraction ma\u00eetris\u00e9e<\/strong>, \u00e0 mi-chemin<br \/>\nentre la proximit\u00e9 conviviale et le s\u00e9rieux de l\u2019interview. En<br \/>\nrestant ainsi solidement \u00ab\u00a0accroch\u00e9e\u00a0\u00bb \u00e0 sa chaise, l\u2019animatrice<br \/>\ndonne l\u2019impression d\u2019\u00eatre parfaitement \u00e0 l\u2019aise, tout en gardant<br \/>\nune \u00e9nergie vive et concentr\u00e9e face \u00e0 ses invit\u00e9s.<\/p>\n<p>Un tic r\u00e9v\u00e9lateur de son style<br \/>\nd\u2019animatrice<\/p>\n<p>Ce double-crois\u00e9 de jambes s\u2019inscrit dans <strong>un ensemble de<br \/>\npetites manies<\/strong> qui participent au style d\u2019Anne-Elisabeth<br \/>\nLemoine : une gestuelle expressive, un rire communicatif et une<br \/>\nfa\u00e7on tr\u00e8s incarn\u00e9e de mener les \u00e9changes. L\u00e0 o\u00f9 d\u2019autres<br \/>\nanimateurs optent pour une posture tr\u00e8s droite et codifi\u00e9e, elle<br \/>\nassume une attitude plus naturelle, presque improvis\u00e9e, qui<br \/>\nrenforce la dimension chaleureuse et informelle de \u00ab C \u00e0 vous<br \/>\n\u00bb.<\/p>\n<p>Ce tic, que certains t\u00e9l\u00e9spectateurs remarquent \u00e0 peine et que<br \/>\nd\u2019autres ne peuvent plus ignorer, illustre \u00e0 quel point les d\u00e9tails<br \/>\nde langage corporel participent \u00e0 l\u2019identit\u00e9 d\u2019un visage de<br \/>\nt\u00e9l\u00e9vision. Une fois que <strong>ce fameux double-crois\u00e9<\/strong><br \/>\nde jambes a \u00e9t\u00e9 rep\u00e9r\u00e9, regarder Anne-Elisabeth Lemoine en plateau<br \/>\ndevient une exp\u00e9rience diff\u00e9rente : on guette le moment o\u00f9, une<br \/>\nfois encore, elle adoptera sa position f\u00e9tiche pour lancer la<br \/>\nconversation.<\/p>\n","protected":false},"excerpt":{"rendered":"EN BREF Anne-Elisabeth Lemoine, animatrice de C \u00e0 vous, est connue pour sa mani\u00e8re unique de croiser les&hellip;\n","protected":false},"author":2,"featured_media":579206,"comment_status":"","ping_status":"","sticky":false,"template":"","format":"standard","meta":{"footnotes":""},"categories":[1359],"tags":[5631,548,58,59,1011,27,973],"class_list":{"0":"post-579205","1":"post","2":"type-post","3":"status-publish","4":"format-standard","5":"has-post-thumbnail","7":"category-people","8":"tag-anne-elisabeth-lemoine","9":"tag-article-simple","10":"tag-divertissement","11":"tag-entertainment","12":"tag-fr","13":"tag-france","14":"tag-people"},"share_on_mastodon":{"url":"","error":""},"_links":{"self":[{"href":"https:\/\/www.europesays.com\/fr\/wp-json\/wp\/v2\/posts\/579205","targetHints":{"allow":["GET"]}}],"collection":[{"href":"https:\/\/www.europesays.com\/fr\/wp-json\/wp\/v2\/posts"}],"about":[{"href":"https:\/\/www.europesays.com\/fr\/wp-json\/wp\/v2\/types\/post"}],"author":[{"embeddable":true,"href":"https:\/\/www.europesays.com\/fr\/wp-json\/wp\/v2\/users\/2"}],"replies":[{"embeddable":true,"href":"https:\/\/www.europesays.com\/fr\/wp-json\/wp\/v2\/comments?post=579205"}],"version-history":[{"count":0,"href":"https:\/\/www.europesays.com\/fr\/wp-json\/wp\/v2\/posts\/579205\/revisions"}],"wp:featuredmedia":[{"embeddable":true,"href":"https:\/\/www.europesays.com\/fr\/wp-json\/wp\/v2\/media\/579206"}],"wp:attachment":[{"href":"https:\/\/www.europesays.com\/fr\/wp-json\/wp\/v2\/media?parent=579205"}],"wp:term":[{"taxonomy":"category","embeddable":true,"href":"https:\/\/www.europesays.com\/fr\/wp-json\/wp\/v2\/categories?post=579205"},{"taxonomy":"post_tag","embeddable":true,"href":"https:\/\/www.europesays.com\/fr\/wp-json\/wp\/v2\/tags?post=579205"}],"curies":[{"name":"wp","href":"https:\/\/api.w.org\/{rel}","templated":true}]}}