{"id":579207,"date":"2025-12-05T05:57:19","date_gmt":"2025-12-05T05:57:19","guid":{"rendered":"https:\/\/www.europesays.com\/fr\/579207\/"},"modified":"2025-12-05T05:57:19","modified_gmt":"2025-12-05T05:57:19","slug":"rencontre-avec-le-d-un-street-artist-originaire-de-bernay","status":"publish","type":"post","link":"https:\/\/www.europesays.com\/fr\/579207\/","title":{"rendered":"rencontre avec \u00ab\u00a0le D\u00a0\u00bb, un street artist originaire de Bernay"},"content":{"rendered":"<p class=\"article__intro\">Son nom d\u2019artiste est \u00ab\u00a0le D\u00a0\u00bb, son compte Insta \u00ab\u00a0ouestled\u00a0\u00bb cumule presque plus de 89 000 abonn\u00e9s et sur TikTok, ils sont plus de 120 000 \u00e0 le suivre. Originaire de Bernay (Eure), cet artiste de street art dessine d\u00e9sormais partout en France. Nous l\u2019avons rencontr\u00e9 \u00e0 Evreux.<\/p>\n<p>\n      La Quotidienne Soci\u00e9t\u00e9\n    <\/p>\n<p>\n      De la vie quotidienne aux grands enjeux, recevez tous les jours les sujets qui font la soci\u00e9t\u00e9 locale, comme la justice, l\u2019\u00e9ducation, la sant\u00e9 et la famille.\n    <\/p>\n<p>    France T\u00e9l\u00e9visions utilise votre adresse e-mail afin de vous envoyer la newsletter \u00ab\u00a0La Quotidienne Soci\u00e9t\u00e9\u00a0\u00bb. Vous pouvez vous d\u00e9sinscrire \u00e0 tout moment via le lien en bas de cette newsletter. <a target=\"_blank\" href=\"https:\/\/www.francetelevisions.fr\/groupe\/confidentialite\/politique-de-confidentialite\/politique-de-confidentialite-de-france-televisions-6503\" rel=\"noopener\">Notre politique de confidentialit\u00e9<\/a><\/p>\n<p>Chaque rue est un terrain de jeu ou plut\u00f4t chaque objet trouv\u00e9 dans la rue est un support de cr\u00e9ation pour \u00ab\u00a0le D\u00a0\u00bb.<\/p>\n<p>\u00ab\u00a0aAu d\u00e9part, pour ne rien vous cacher, c\u2019\u00e9tait un moyen de cr\u00e9er sans trop d\u00e9penser car nos mat\u00e9riaux sont chers. Mais il y a aussi une dimension sociale. Quand je suis arriv\u00e9 \u00e0 Paris, j\u2019\u00e9tais choqu\u00e9 de voir autant de SDF. Comme des encombrants, les gens passent \u00e0 c\u00f4t\u00e9 sans m\u00eame les regarder. Dessiner dessus c\u2019est pour moi une mani\u00e8re de dire faites attention \u00e0 ce qui vous entoure. On peut trouver du beau dans quelque chose que l\u2019on veut jeter\u00a0\u00bb.<\/p>\n<p>Dans cette d\u00e9marche de revalorisation, \u00ab\u00a0le D\u00a0\u00bb fait des collaborations avec des entreprises comme V\u00e9olia mais aussi des ressourceries ou des magasins Emma\u00fcs. \u00ab\u00a0C\u2019est difficile de rester sur une seule source de cr\u00e9ation mais aussi de revenus. On est tr\u00e8s multiple dans notre travail\u00a0\u00bb.<\/p>\n<p>V\u00e9ritable touche \u00e0 tout, \u00ab\u00a0le D\u00a0\u00bb travaille \u00e9galement avec des galeries et d\u2019autres artistes, avec des entreprises et des associations sur leurs visuels \u00ab\u00a0tout en gardant mon identit\u00e9\u00a0\u00bb. \u00ab\u00a0Je fais des ateliers avec des associations, des h\u00f4pitaux m\u00eame dans des entreprises. Je d\u00e9core aussi les murs chez les particuliers\u00a0\u00bb.<\/p>\n<p>\u00ab\u00a0On peut voir la rue autrement qu\u2019un simple lieu de passage. C\u2019est aussi un lieu de vie, un lieu d\u2019expression artistique pour tous mes amis qui dessinent dans la rue. Et pour les gens \u00e7a leur permet d\u2019avoir une autre vision avec plus de couleurs, des \u00e9l\u00e9ments diff\u00e9rents.\u00a0\u00bb<\/p>\n<p>\u00ab\u00a0Le D\u00a0\u00bb cr\u00e9e lui-m\u00eame ses publications pour sa communaut\u00e9, il n\u2019a pas de community manager ce qui lui permet de garder l\u2019ind\u00e9pendance \u00e0 laquelle il tient : \u00ab\u00a0quand on est artiste et ind\u00e9pendant on est oblig\u00e9s d\u2019essayer de rayonner, de se faire conna\u00eetre. Il y a plusieurs mani\u00e8res : en faisant des expositions, en travaillant avec d\u2019autres artistes ou des galeries.\u00a0\u00bb\u00a0<\/p>\n<blockquote class=\"ftvi_content_quote\">\n<p class=\"ftvi_citation_quote\">Cartons, meubles, ces objets ont \u00e9t\u00e9 jet\u00e9s dans la rue on ne sait pas pourquoi et leur valeur a \u00e9t\u00e9 d\u00e9valu\u00e9e. Je trouvais \u00e7a int\u00e9ressant de redessiner dessus pour les sublimer.<\/p>\n<\/blockquote>\n<p>\u00ab\u00a0J\u2019ai beaucoup travaill\u00e9 sur mes \u0153uvres mais j\u2019ai aussi travaill\u00e9 \u00e0 comment je les mettais en avant et en lumi\u00e8re sur les r\u00e9seaux sociaux de mani\u00e8re tr\u00e8s naturelle. \u00c7a a \u00e9t\u00e9 des photos des vid\u00e9os. Les vid\u00e9os ont permis \u00e0 mon travail de se faire conna\u00eetre, d\u2019avoir des commandes et de pouvoir vivre de mon art de mani\u00e8re plus confortable\u00a0\u00bb.<\/p>\n<p>    dur\u00e9e de la vid\u00e9o : 00h02mn30s<\/p>\n<p>        <img decoding=\"async\" width=\"640\" height=\"426\" class=\"article-image not-lazy\" src=\"https:\/\/www.europesays.com\/fr\/wp-content\/uploads\/2025\/11\/fallbackFr3_16_9.webp.webp\" alt=\"\" fetchpriority=\"high\"\/><\/p>\n<p>              Voir la video\u00a0(2 minutes 30 secondes).\u00a0<br \/>\n                  2 min 30 s<\/p>\n<p>\n          Son nom d\u2019artiste est \u00ab\u00a0le D\u00a0\u00bb, son compte Insta \u00ab\u00a0ouestled\u00a0\u00bb cumule presque plus de 89000 abonn\u00e9s et sur Tik Tok, ils sont plus de 120000 \u00e0 le suivre. Originaire de Bernay (Eure), cet artiste de street art dessine d\u00e9sormais partout en France. Nous l\u2019avons rencontr\u00e9 \u00e0 Evreux.<\/p>\n<p>        \u2022<\/p>\n<p>              \u00a9FTV\n      <\/p>\n<p>Respectant les codes du street art, \u00ab\u00a0le D\u00a0\u00bb cache quelques fois des \u0153uvres mais \u00ab\u00a0en \u00e9vitant de le faire trop car tout n\u2019est pas gratuit. Mais en m\u00eame temps je trouve cela int\u00e9ressant de casser la logique marchande qu\u2019on peut avoir sur le march\u00e9 de l\u2019art\u00a0\u00bb.<\/p>\n<p>Comme beaucoup d&rsquo;artistes, d\u00e8s le d\u00e9but il s&rsquo;est cr\u00e9\u00e9 un personnage avec une lettre pour le d\u00e9finir et un look : toujours avec son masque, le D entretient le myst\u00e8re. Mais alors pourquoi cette lettre? \u00ab\u00a0D comme (Edmond) Dant\u00e8s, le personnage de Dumas me fascine car il a 1 000 visages. Et j\u2019aime faire plein de trucs diff\u00e9rents et de changer de masques en fonction de ce que je cr\u00e9e\u00a0\u00bb.<\/p>\n<p>\u00ab\u00a0L\u2019art dans la rue est une forme d\u2019obsession on ne peut pas s\u2019emp\u00eacher de cr\u00e9er il y a quelque chose d\u2019animal l\u00e0-dedans. Au m\u00eame titre qu\u2019une toile ou qu\u2019un papier, ce que je trouve dans la rue, c\u2019est quelque chose de disponible pour moi pour cr\u00e9er. Un bout de carton peut tr\u00e8s bien accueillir mes personnages et mon monde\u00a0\u00bb<\/p>\n<p>Son personnage aux longs bras et des interminables jambes s\u2019appelle comme lui \u00ab\u00a0le D\u00a0\u00bb : \u00ab\u00a0c\u2019est l\u2019une de mes repr\u00e9sentations r\u00e9currentes qui \u00e9voque pour moi l\u2019enfance et la l\u00e9g\u00e8ret\u00e9\u00a0\u00bb.<\/p>\n<p>Quand on lui demande pourquoi il avance masqu\u00e9, il nous explique qu&rsquo;il pr\u00e9f\u00e8re laisser parler l&rsquo;art plut\u00f4t que la personne : \u00ab\u00a0je trouvais \u00e7a marrant, c\u2019est un pied de nez au Covid car c\u2019est \u00e0 ce moment-l\u00e0 que j\u2019ai voulu en faire ma carri\u00e8re\u00a0\u00bb.<\/p>\n<p>Le D expose \u00e0 Paris jusqu&rsquo;au 12 d\u00e9cembre 2025 <a href=\"https:\/\/www.paris.fr\/evenements\/sur-les-traces-du-d-une-exposition-immersive-entre-art-reemploi-et-poesie-urbaine-101198\" target=\"_blank\" rel=\"noopener\" data-tooltip-url=\"https:\/\/www.paris.fr\/evenements\/sur-les-traces-du-d-une-exposition-immersive-entre-art-reemploi-et-poesie-urbaine-101198\">au Wilde dans le quatri\u00e8me arrondissement.<\/a><\/p><\/p>\n","protected":false},"excerpt":{"rendered":"Son nom d\u2019artiste est \u00ab\u00a0le D\u00a0\u00bb, son compte Insta \u00ab\u00a0ouestled\u00a0\u00bb cumule presque plus de 89 000 abonn\u00e9s et&hellip;\n","protected":false},"author":2,"featured_media":579208,"comment_status":"","ping_status":"","sticky":false,"template":"","format":"standard","meta":{"footnotes":""},"categories":[1358],"tags":[1348,1384,1385,1386,58,59,1011,27],"class_list":{"0":"post-579207","1":"post","2":"type-post","3":"status-publish","4":"format-standard","5":"has-post-thumbnail","7":"category-arts-et-design","8":"tag-arts","9":"tag-arts-and-design","10":"tag-arts-et-design","11":"tag-design","12":"tag-divertissement","13":"tag-entertainment","14":"tag-fr","15":"tag-france"},"share_on_mastodon":{"url":"https:\/\/pubeurope.com\/@fr\/115665427310437674","error":""},"_links":{"self":[{"href":"https:\/\/www.europesays.com\/fr\/wp-json\/wp\/v2\/posts\/579207","targetHints":{"allow":["GET"]}}],"collection":[{"href":"https:\/\/www.europesays.com\/fr\/wp-json\/wp\/v2\/posts"}],"about":[{"href":"https:\/\/www.europesays.com\/fr\/wp-json\/wp\/v2\/types\/post"}],"author":[{"embeddable":true,"href":"https:\/\/www.europesays.com\/fr\/wp-json\/wp\/v2\/users\/2"}],"replies":[{"embeddable":true,"href":"https:\/\/www.europesays.com\/fr\/wp-json\/wp\/v2\/comments?post=579207"}],"version-history":[{"count":0,"href":"https:\/\/www.europesays.com\/fr\/wp-json\/wp\/v2\/posts\/579207\/revisions"}],"wp:featuredmedia":[{"embeddable":true,"href":"https:\/\/www.europesays.com\/fr\/wp-json\/wp\/v2\/media\/579208"}],"wp:attachment":[{"href":"https:\/\/www.europesays.com\/fr\/wp-json\/wp\/v2\/media?parent=579207"}],"wp:term":[{"taxonomy":"category","embeddable":true,"href":"https:\/\/www.europesays.com\/fr\/wp-json\/wp\/v2\/categories?post=579207"},{"taxonomy":"post_tag","embeddable":true,"href":"https:\/\/www.europesays.com\/fr\/wp-json\/wp\/v2\/tags?post=579207"}],"curies":[{"name":"wp","href":"https:\/\/api.w.org\/{rel}","templated":true}]}}