{"id":579211,"date":"2025-12-05T06:00:15","date_gmt":"2025-12-05T06:00:15","guid":{"rendered":"https:\/\/www.europesays.com\/fr\/579211\/"},"modified":"2025-12-05T06:00:15","modified_gmt":"2025-12-05T06:00:15","slug":"les-pronostics-hippiques-de-sebastien-mortagne-vendredi-5-decembre-rdl-la-radio-qui-chante","status":"publish","type":"post","link":"https:\/\/www.europesays.com\/fr\/579211\/","title":{"rendered":"Les pronostics hippiques de S\u00e9bastien Mortagne : Vendredi 5 d\u00e9cembre &#8211; RDL &#8211; La Radio qui Chante"},"content":{"rendered":"<ol>\n<li><a href=\"https:\/\/news.google.com\/rss\/articles\/CBMiXkFVX3lxTFBlWmpzV3diWklfN0tHYk41bVpEd3pWMVpialEzQUhlRXI0SWhKX0hkaWRFOG51REFrLUlzZVRzUmtvYnlyWFQ5RjBjeUdiSEdmd281TmM5Y0l2blo5VlE?oc=5\" target=\"_blank\" rel=\"noopener\">Les pronostics hippiques de S\u00e9bastien Mortagne : Vendredi 5 d\u00e9cembre<\/a>&nbsp;&nbsp;RDL &#8211; La Radio qui Chante<\/li>\n<li><a href=\"https:\/\/news.google.com\/rss\/articles\/CBMirAFBVV95cUxONDJRMjlGeDR1SjVZZ3IzVkpZeTlTRnktVVU1SnlBQjdsck1vX0tSYk9vWHJ5NkJ4bVVZM1hOT1BCQng2LXNFOVVKaHVDQUlMak1tcGlvTU42b0hYZWVmYU5rV0tfVGhOQWQ1NnRPYUxHa19tdVlQdFREYnp1UGZXaGtSNDZjZTRtS0Vza20zZHgwaDl6ZUVaOWV3Nm5VSUpPSVNRT0FOeGxkb3dD?oc=5\" target=\"_blank\" rel=\"noopener\">Quint\u00e9 du jeudi 4 d\u00e9cembre 2025 \u00e0 Vincennes : les pronostics<\/a>&nbsp;&nbsp;RTL.fr<\/li>\n<li><a href=\"https:\/\/news.google.com\/rss\/articles\/CBMirAFBVV95cUxNTzFoYmxSakZINE9VMmliY3IzUkpJdXY5enNMZ2ZUQWU0Y1ZKUllqOGc2Rks3Q2RpLW5DbUsyRnYtY3RIX3FfRmRxc1dVYWd3Ym5iUDQ1RlJBazVwRms1eVdMb1hPRUdVQVVxdTZIcHFrY2JtcXlLTmxmajdXNEJUTEN1QnZodko4VDBmVUFJRnJqNVEzUHh0bDhGQ19BX0JyR1I2QnBnaVJZLWwz?oc=5\" target=\"_blank\" rel=\"noopener\">Les pronos hippiques du jeudi 4 d\u00e9cembre 2025<\/a>&nbsp;&nbsp;RMC Sport<\/li>\n<li><a href=\"https:\/\/news.google.com\/rss\/articles\/CBMirwFBVV95cUxPT01wTEdkSE1vNUE4UTd5U1dEZ2lVT0k4RnhYeTBja2g1Q2d0Z2l3UEMteFh5VWhhTWo5MTNCN0xQTnlRQU81M1JyX3hUNWlic3VZZG1HeUdtT3pMQXA4SXZ3enR6YlNZQWFvT2RobFJRYUZ1N0YxRmM3S09ieEd0YzJuYkZ6NU5EQXdMX1lmdlQ2UUJsMndhT3dERm13WjRKNklMSXdReDZBdmlzbmZN?oc=5\" target=\"_blank\" rel=\"noopener\">Faites le papier du Quint\u00e9+ de ce vendredi 5 d\u00e9cembre<\/a>&nbsp;&nbsp;Equidia<\/li>\n<li><a href=\"https:\/\/news.google.com\/rss\/articles\/CBMirgFBVV95cUxPNEtnWmlGNWt4aXRUak1ubkYycGxRdGNubU9MNzV0WG9LSDN6QzVOQ2F6ZExtZHpjWnczbTVXOHFuZDBJa3kwYjdqTXp3LUtUTWR4MHc2NGNyaGViSTk5elpERTg0d3pNNy1SM2JCbzVvSGVPeGkwZ3dYWERnNWpUMzVYNjk3TFNCblBIVW9QeXcteFdIaTlrQzNWMUZiZmJKYXVxTF9aSHp0WE5UalE?oc=5\" target=\"_blank\" rel=\"noopener\">Tierc\u00e9. Les pronostics de L&rsquo;Alsace pour vendredi 5 d\u00e9cembre &#8211; Prix Brasilia<\/a>&nbsp;&nbsp;L&rsquo;Alsace<\/li>\n<\/ol>\n","protected":false},"excerpt":{"rendered":"Les pronostics hippiques de S\u00e9bastien Mortagne : Vendredi 5 d\u00e9cembre&nbsp;&nbsp;RDL &#8211; La Radio qui Chante Quint\u00e9 du jeudi&hellip;\n","protected":false},"author":2,"featured_media":563512,"comment_status":"","ping_status":"","sticky":false,"template":"","format":"standard","meta":{"footnotes":""},"categories":[1355],"tags":[119,11,3723,37292,9420,58,920,33,59,1011,27,37289,37290,1114,303,37291,4253,5672,1361,873,12,1308,37294,23862,1072,1825,37288,37293,37295,71,1097],"class_list":{"0":"post-579211","1":"post","2":"type-post","3":"status-publish","4":"format-standard","5":"has-post-thumbnail","7":"category-musique","8":"tag-accident","9":"tag-actualites","10":"tag-actus","11":"tag-bethune","12":"tag-calais","13":"tag-divertissement","14":"tag-dunkerque","15":"tag-economie","16":"tag-entertainment","17":"tag-fr","18":"tag-france","19":"tag-info-locale","20":"tag-info-regionale","21":"tag-infos","22":"tag-justice","23":"tag-le-voix-du-nord","24":"tag-lens","25":"tag-montreuil","26":"tag-music","27":"tag-musique","28":"tag-news","29":"tag-nord","30":"tag-nord-littoral","31":"tag-pas-de-calais","32":"tag-police","33":"tag-radio","34":"tag-rdl","35":"tag-saint-omer","36":"tag-saint-pol-sur-ternoise","37":"tag-sante","38":"tag-trafic"},"share_on_mastodon":{"url":"https:\/\/pubeurope.com\/@fr\/115665438415904852","error":""},"_links":{"self":[{"href":"https:\/\/www.europesays.com\/fr\/wp-json\/wp\/v2\/posts\/579211","targetHints":{"allow":["GET"]}}],"collection":[{"href":"https:\/\/www.europesays.com\/fr\/wp-json\/wp\/v2\/posts"}],"about":[{"href":"https:\/\/www.europesays.com\/fr\/wp-json\/wp\/v2\/types\/post"}],"author":[{"embeddable":true,"href":"https:\/\/www.europesays.com\/fr\/wp-json\/wp\/v2\/users\/2"}],"replies":[{"embeddable":true,"href":"https:\/\/www.europesays.com\/fr\/wp-json\/wp\/v2\/comments?post=579211"}],"version-history":[{"count":0,"href":"https:\/\/www.europesays.com\/fr\/wp-json\/wp\/v2\/posts\/579211\/revisions"}],"wp:featuredmedia":[{"embeddable":true,"href":"https:\/\/www.europesays.com\/fr\/wp-json\/wp\/v2\/media\/563512"}],"wp:attachment":[{"href":"https:\/\/www.europesays.com\/fr\/wp-json\/wp\/v2\/media?parent=579211"}],"wp:term":[{"taxonomy":"category","embeddable":true,"href":"https:\/\/www.europesays.com\/fr\/wp-json\/wp\/v2\/categories?post=579211"},{"taxonomy":"post_tag","embeddable":true,"href":"https:\/\/www.europesays.com\/fr\/wp-json\/wp\/v2\/tags?post=579211"}],"curies":[{"name":"wp","href":"https:\/\/api.w.org\/{rel}","templated":true}]}}