{"id":579214,"date":"2025-12-05T06:02:12","date_gmt":"2025-12-05T06:02:12","guid":{"rendered":"https:\/\/www.europesays.com\/fr\/579214\/"},"modified":"2025-12-05T06:02:12","modified_gmt":"2025-12-05T06:02:12","slug":"ce-signe-prouve-que-vous-etes-un-genie-au-qi-surdeveloppe","status":"publish","type":"post","link":"https:\/\/www.europesays.com\/fr\/579214\/","title":{"rendered":"Ce signe prouve que vous \u00eates un g\u00e9nie au QI surd\u00e9velopp\u00e9"},"content":{"rendered":"<p>C\u00a0\u00bbest un fait : la graphologie est, depuis plusieurs si\u00e8cles,<br \/>\nutilis\u00e9e pour analyser le caract\u00e8re et <a href=\"https:\/\/www.grazia.fr\/lifestyle\/psycho-sexo\/psys-sont-formels-personnalites-plus-difficiles-partagent-traits-caractere-insupportables-1202746.html\" target=\"_blank\" rel=\"noopener\"><br \/>\nla personnalit\u00e9 des personnes<\/a> \u00e0 travers leur \u00e9criture. Tandis<br \/>\nque les belles \u00e9critures bien droites et bien rondes sont depuis<br \/>\nles bancs de l&rsquo;\u00e9cole glorifi\u00e9es, celles illisibles, en pattes de<br \/>\nmouche ou hi\u00e9roglyphes, sont victimes de moqueries. Figurez-vous<br \/>\nqu&rsquo;une \u00e9tude scientifique vient bousculer toutes nos croyances en<br \/>\nla mati\u00e8re.<\/p>\n<p>Et il semblerait qu&rsquo;il existerait un lien entre une<br \/>\n<strong>\u00e9criture illisible et l&rsquo;intelligence<\/strong>. L&rsquo;\u00e9tude a<br \/>\n\u00e9t\u00e9 initi\u00e9e par des scientifiques de l\u2019universit\u00e9 de Yale et<br \/>\npubli\u00e9e dans la revue scientifique The American Journal of<br \/>\nPsychology. Ceux-ci ont proc\u00e9d\u00e9 aux analyses des \u00e9critures de<br \/>\ndiff\u00e9rents enfants d\u00e8s l&rsquo;\u00e9cole primaire. En parall\u00e8le, ils ont<br \/>\nanalys\u00e9 leurs r\u00e9sultats scolaires jusqu&rsquo;\u00e0 l&rsquo;universit\u00e9.<\/p>\n<p>Les personnes qui \u00e9crivent moins bien auraient un QI plus<br \/>\n\u00e9lev\u00e9<\/p>\n<p>Apr\u00e8s avoir crois\u00e9 ces donn\u00e9es, ils ont relev\u00e9 que les enfants<br \/>\nqui \u00e9crivaient le moins bien avaient montr\u00e9 \u00ab\u00a0des capacit\u00e9s et<br \/>\nune <strong>agilit\u00e9 mentale<\/strong> sup\u00e9rieures \u00e0 la moyenne\u00a0\u00bb<br \/>\nselon des propos d&rsquo;Arnold L. Gesell, professeur de psychologie \u00e0<br \/>\nl&rsquo;universit\u00e9 am\u00e9ricaine et repris par le magazine Neon<br \/>\nMag. Il ajoute m\u00eame que \u00ab\u00a0ceux ayant une \u00e9criture n\u00e9glig\u00e9e,<br \/>\nmais une <strong>bonne orthographe<\/strong>, ont de meilleures<br \/>\nnotes durant l\u2019ensemble de leur scolarit\u00e9\u00a0\u00bb.\u00a0<\/p>\n<p>Dans cette \u00e9tude, seule la forme des lettres a \u00e9t\u00e9 prise en<br \/>\ncompte. Il existerait donc un lien r\u00e9el entre <a href=\"https:\/\/www.grazia.fr\/beaute\/forme-minceur\/engrais-naturel-pour-le-cerveau-plus-vous-le-consommez-plus-cet-aliment-vous-rend-intelligent-selon-la-science-1126565.html\" target=\"_blank\" rel=\"noopener\"><br \/>\nl\u2019intelligence<\/a> et la qualit\u00e9 de l\u2019\u00e9criture, qui serait<br \/>\nseulement calligraphique et non orthographique. Toujours selon<br \/>\nl&rsquo;\u00e9tude, les personnes ayant un <strong>QI plus \u00e9lev\u00e9<\/strong><br \/>\nposs\u00e8deraient une plus grande agilit\u00e9 mentale.<\/p>\n<p>Quel serait le lien entre \u00e9criture et<br \/>\nintelligence ?<\/p>\n<p>Lorsque vous poss\u00e9dez ce type de mode de pens\u00e9e, les id\u00e9es se<br \/>\nbousculent dans votre t\u00eate, \u00e0 tels point que votre main n&rsquo;arrive<br \/>\npas \u00e0 suivre le rythme de votre pens\u00e9e. L&rsquo;\u00e9criture est donc moins<br \/>\nsoign\u00e9e et lisible pour privil\u00e9gier <strong>le fond de la r\u00e9flexion<br \/>\n\u00e0 la forme.<\/strong> Vous aurez alors une moins belle \u00e9criture.<\/p>\n<p>Toutefois, il est important de noter que d&rsquo;autres facteurs, tels<br \/>\nque des probl\u00e8mes physiques, voire une mauvaise posture, peuvent<br \/>\n\u00e9galement entrer en compte dans le fait de mal \u00e9crire, tel que des<br \/>\nprobl\u00e8mes psychomoteurs. Toutes les personnes qui ont une \u00e9criture<br \/>\nillisible ne sont pas forc\u00e9ment plus intelligentes. L&rsquo;\u00e9tude donne<br \/>\nainsi des informations sur l&rsquo;intelligence mais d\u00e9taille \u00e9galement<br \/>\nque de nombreux autres param\u00e8tres sont \u00e0 prendre en compte dans<br \/>\n<a href=\"https:\/\/www.grazia.fr\/lifestyle\/insolite\/si-vous-possedez-animal-de-la-compagnie-vous-avez-sans-doute-un-qi-plus-eleve-que-la-moyenne-selon-une-etude-scientifique-serieuse-1118061.html\" target=\"_blank\" rel=\"noopener\"><br \/>\nl&rsquo;\u00e9valuation de notre quotient intellectuel<\/a>.<\/p>\n","protected":false},"excerpt":{"rendered":"C\u00a0\u00bbest un fait : la graphologie est, depuis plusieurs si\u00e8cles, utilis\u00e9e pour analyser le caract\u00e8re et la personnalit\u00e9&hellip;\n","protected":false},"author":2,"featured_media":579215,"comment_status":"","ping_status":"","sticky":false,"template":"","format":"standard","meta":{"footnotes":""},"categories":[10],"tags":[1011,27,72,6055,71],"class_list":{"0":"post-579214","1":"post","2":"type-post","3":"status-publish","4":"format-standard","5":"has-post-thumbnail","7":"category-sante","8":"tag-fr","9":"tag-france","10":"tag-health","11":"tag-republishing","12":"tag-sante"},"share_on_mastodon":{"url":"https:\/\/pubeurope.com\/@fr\/115665446129916925","error":""},"_links":{"self":[{"href":"https:\/\/www.europesays.com\/fr\/wp-json\/wp\/v2\/posts\/579214","targetHints":{"allow":["GET"]}}],"collection":[{"href":"https:\/\/www.europesays.com\/fr\/wp-json\/wp\/v2\/posts"}],"about":[{"href":"https:\/\/www.europesays.com\/fr\/wp-json\/wp\/v2\/types\/post"}],"author":[{"embeddable":true,"href":"https:\/\/www.europesays.com\/fr\/wp-json\/wp\/v2\/users\/2"}],"replies":[{"embeddable":true,"href":"https:\/\/www.europesays.com\/fr\/wp-json\/wp\/v2\/comments?post=579214"}],"version-history":[{"count":0,"href":"https:\/\/www.europesays.com\/fr\/wp-json\/wp\/v2\/posts\/579214\/revisions"}],"wp:featuredmedia":[{"embeddable":true,"href":"https:\/\/www.europesays.com\/fr\/wp-json\/wp\/v2\/media\/579215"}],"wp:attachment":[{"href":"https:\/\/www.europesays.com\/fr\/wp-json\/wp\/v2\/media?parent=579214"}],"wp:term":[{"taxonomy":"category","embeddable":true,"href":"https:\/\/www.europesays.com\/fr\/wp-json\/wp\/v2\/categories?post=579214"},{"taxonomy":"post_tag","embeddable":true,"href":"https:\/\/www.europesays.com\/fr\/wp-json\/wp\/v2\/tags?post=579214"}],"curies":[{"name":"wp","href":"https:\/\/api.w.org\/{rel}","templated":true}]}}