{"id":579222,"date":"2025-12-05T06:06:11","date_gmt":"2025-12-05T06:06:11","guid":{"rendered":"https:\/\/www.europesays.com\/fr\/579222\/"},"modified":"2025-12-05T06:06:11","modified_gmt":"2025-12-05T06:06:11","slug":"vos-interets-2025-seront-ils-amputes-par-la-csg-en-janvier-2026","status":"publish","type":"post","link":"https:\/\/www.europesays.com\/fr\/579222\/","title":{"rendered":"vos int\u00e9r\u00eats 2025 seront-ils amput\u00e9s par la CSG en janvier 2026 ?"},"content":{"rendered":"<p><strong>Une augmentation de la CSG pourrait frapper vos revenus du capital d\u00e8s janvier 2026, mais l\u2019impact sur l\u2019assurance vie d\u00e9pendra du texte final vot\u00e9.<\/strong> Le <strong>budget de la S\u00e9curit\u00e9 sociale 2026<\/strong> pr\u00e9voit une <strong>hausse de la CSG<\/strong> sur les revenus du capital, avec un passage de 17,2 % \u00e0 18,6 %. Si cette r\u00e9forme est adopt\u00e9e, elle concernera l\u2019<strong>assurance vie<\/strong>, notamment les int\u00e9r\u00eats g\u00e9n\u00e9r\u00e9s par les <strong>fonds en euros<\/strong>. Mais les modalit\u00e9s d\u2019application restent floues. Faut-il craindre une taxation accrue des int\u00e9r\u00eats vers\u00e9s en janvier 2026 ? Le calendrier parlementaire d\u00e9terminera tout.<\/p>\n<p>Quels placements sont concern\u00e9s par la hausse de la CSG ?<\/p>\n<p>La <strong>hausse de la CSG<\/strong> toucherait un large \u00e9ventail de produits d\u2019\u00e9pargne : <strong>assurance vie<\/strong>, PEL, comptes \u00e0 terme, revenus immobiliers ou encore livrets fiscalis\u00e9s. Seuls les <strong>livrets r\u00e9glement\u00e9s<\/strong> comme le <strong>Livret A<\/strong>, le <strong>LEP<\/strong> ou le <strong>LDDS<\/strong> \u00e9chapperaient \u00e0 cette hausse. Ce sont donc principalement les \u00e9pargnants investis sur des produits classiques ou \u00e0 capital garanti qui verraient leurs <strong>pr\u00e9l\u00e8vements sociaux augmenter<\/strong> en cas d\u2019adoption du texte dans sa forme actuelle.<\/p>\n<p>Une application probable d\u00e8s le 1\u1d49\u02b3\u00a0janvier 2026<\/p>\n<p>Dans sa version actuelle, le projet de loi pr\u00e9voit une application au <strong>1\u1d49\u02b3\u00a0janvier 2026<\/strong>. Cela signifie que seuls les <strong>revenus per\u00e7us<\/strong> \u00e0 partir de cette date seraient concern\u00e9s par la hausse. Bonne nouvelle donc pour les int\u00e9r\u00eats du <strong>fonds en euros<\/strong> de votre contrat d\u2019assurance vie : ils sont g\u00e9n\u00e9ralement calcul\u00e9s au <strong>31 d\u00e9cembre<\/strong>, avec une date de valeur ant\u00e9rieure au 1\u1d49\u02b3\u00a0janvier. Dans ce cas, la hausse ne s\u2019appliquerait <strong>qu\u2019\u00e0 partir de 2026<\/strong>, sauf d\u00e9cision contraire du l\u00e9gislateur. Retrouvez notre article sur les <a href=\"https:\/\/www.cesdefrance.fr\/actualite\/dates-de-versement-des-pensions-agirc-arrco-en-2026-le-detail-mois-par-mois\/\" target=\"_blank\" rel=\"noopener\">dates de versement des pensions Agirc-Arrco en 2026 : le d\u00e9tail mois par mois.<\/a><\/p>\n<p>Un risque de r\u00e9troactivit\u00e9 fiscale reste possible<\/p>\n<p>Le flou demeure sur une \u00e9ventuelle <strong>application r\u00e9troactive<\/strong>. En effet, certaines mesures fiscales pass\u00e9es ont \u00e9t\u00e9 r\u00e9troactives \u00e0 l\u2019ann\u00e9e du vote. Le Conseil constitutionnel a d\u00e9j\u00e0 valid\u00e9 ce type de disposition, ce qui pourrait conduire \u00e0 une <strong>taxation accrue des int\u00e9r\u00eats 2025<\/strong>, m\u00eame s\u2019ils sont vers\u00e9s d\u00e9but 2026. Tout d\u00e9pendra donc des <strong>pr\u00e9cisions inscrites dans la version finale<\/strong> de la loi vot\u00e9e. Cette possibilit\u00e9 reste marginale mais ne peut \u00eatre \u00e9cart\u00e9e \u00e0 ce stade.<\/p>\n<p>Le cas sp\u00e9cifique de l\u2019assurance vie et des fonds en euros<\/p>\n<p>L\u2019<strong>assurance vie<\/strong>, avec ses <strong>1 700 milliards d\u2019euros<\/strong> plac\u00e9s sur les fonds en euros, est au c\u0153ur du sujet. Les <strong>pr\u00e9l\u00e8vements sociaux<\/strong> y sont appliqu\u00e9s \u00e0 la source, chaque ann\u00e9e, avant m\u00eame la capitalisation des int\u00e9r\u00eats. Une hausse de 1,4 point p\u00e8serait directement sur le rendement net. Par exemple, pour un rendement brut de 3 %, l\u2019\u00e9pargnant passerait d\u2019un rendement net de 2,49 % \u00e0 environ <strong>2,44 %<\/strong>. Un impact faible, mais r\u00e9el sur le long terme.<\/p>\n<p>Quand aura-t-on la r\u00e9ponse d\u00e9finitive ?<\/p>\n<p>La r\u00e9ponse d\u00e9pend du <strong>parcours l\u00e9gislatif<\/strong> du texte. La version adopt\u00e9e en premi\u00e8re lecture \u00e0 l\u2019Assembl\u00e9e a \u00e9t\u00e9 transmise au <strong>S\u00e9nat<\/strong>, qui l\u2019examine jusqu\u2019au 25 novembre. Le Parlement a jusqu\u2019au <strong>12 d\u00e9cembre<\/strong> pour adopter le texte final. En cas d\u2019\u00e9chec, le gouvernement pourrait imposer la r\u00e9forme par <strong>ordonnance<\/strong>. Il faudra donc patienter jusqu\u2019\u00e0 mi-d\u00e9cembre pour savoir si vos <strong>int\u00e9r\u00eats 2025<\/strong> seront \u00e9pargn\u00e9s\u2026 ou non par la <strong>hausse des pr\u00e9l\u00e8vements sociaux<\/strong>. Retrouvez \u00e9galement notre article sur l\u2019<a href=\"https:\/\/www.cesdefrance.fr\/actualite\/epargne-en-crise-ces-placements-que-les-francais-privilegient-face-a-la-chute-des-taux\/\" target=\"_blank\" rel=\"noopener\">\u00e9pargne en crise : ces placements que les Fran\u00e7ais privil\u00e9gient face \u00e0 la chute des taux.<\/a><\/p>\n<p>Conclusion<\/p>\n<p>La <strong>hausse de la CSG<\/strong> menace les <strong>revenus du capital<\/strong> \u00e0 partir de janvier 2026, mais vos <strong>int\u00e9r\u00eats 2025 en assurance vie<\/strong> pourraient y \u00e9chapper\u2026 \u00e0 condition que la r\u00e9forme ne soit pas r\u00e9troactive. Le texte final tranchera dans les jours \u00e0 venir. Vous \u00eates concern\u00e9 par ce changement ? <strong>Partagez votre avis ou votre situation dans les commentaires.<\/strong><\/p>\n<p>En tant que jeune m\u00e9dia ind\u00e9pendant, CESdeFrance a besoin de votre aide. Soutenez-nous en nous suivant et en nous ajoutant \u00e0 vos favoris sur Google News. Merci !<\/p>\n<p><a href=\"https:\/\/news.google.com\/publications\/CAAqBwgKMNnPrAsw5trEAw?hl=fr&amp;gl=FR&amp;ceid=FR%3Afr\" target=\"_blank\" rel=\"external noopener\">Suivez-nous sur Google News <\/a><\/p>\n","protected":false},"excerpt":{"rendered":"Une augmentation de la CSG pourrait frapper vos revenus du capital d\u00e8s janvier 2026, mais l\u2019impact sur l\u2019assurance&hellip;\n","protected":false},"author":2,"featured_media":579223,"comment_status":"","ping_status":"","sticky":false,"template":"","format":"standard","meta":{"footnotes":""},"categories":[6],"tags":[35,33,34,1011,27],"class_list":{"0":"post-579222","1":"post","2":"type-post","3":"status-publish","4":"format-standard","5":"has-post-thumbnail","7":"category-economie","8":"tag-business","9":"tag-economie","10":"tag-economy","11":"tag-fr","12":"tag-france"},"share_on_mastodon":{"url":"https:\/\/pubeurope.com\/@fr\/115665461988585761","error":""},"_links":{"self":[{"href":"https:\/\/www.europesays.com\/fr\/wp-json\/wp\/v2\/posts\/579222","targetHints":{"allow":["GET"]}}],"collection":[{"href":"https:\/\/www.europesays.com\/fr\/wp-json\/wp\/v2\/posts"}],"about":[{"href":"https:\/\/www.europesays.com\/fr\/wp-json\/wp\/v2\/types\/post"}],"author":[{"embeddable":true,"href":"https:\/\/www.europesays.com\/fr\/wp-json\/wp\/v2\/users\/2"}],"replies":[{"embeddable":true,"href":"https:\/\/www.europesays.com\/fr\/wp-json\/wp\/v2\/comments?post=579222"}],"version-history":[{"count":0,"href":"https:\/\/www.europesays.com\/fr\/wp-json\/wp\/v2\/posts\/579222\/revisions"}],"wp:featuredmedia":[{"embeddable":true,"href":"https:\/\/www.europesays.com\/fr\/wp-json\/wp\/v2\/media\/579223"}],"wp:attachment":[{"href":"https:\/\/www.europesays.com\/fr\/wp-json\/wp\/v2\/media?parent=579222"}],"wp:term":[{"taxonomy":"category","embeddable":true,"href":"https:\/\/www.europesays.com\/fr\/wp-json\/wp\/v2\/categories?post=579222"},{"taxonomy":"post_tag","embeddable":true,"href":"https:\/\/www.europesays.com\/fr\/wp-json\/wp\/v2\/tags?post=579222"}],"curies":[{"name":"wp","href":"https:\/\/api.w.org\/{rel}","templated":true}]}}