{"id":579226,"date":"2025-12-05T06:08:22","date_gmt":"2025-12-05T06:08:22","guid":{"rendered":"https:\/\/www.europesays.com\/fr\/579226\/"},"modified":"2025-12-05T06:08:22","modified_gmt":"2025-12-05T06:08:22","slug":"cest-la-maison-des-horreurs-a-brest-la-sideration-des-voisins-du-pere-incestueux","status":"publish","type":"post","link":"https:\/\/www.europesays.com\/fr\/579226\/","title":{"rendered":"\u00ab\u00a0C\u2019est la maison des horreurs\u00a0\u00bb\u00a0: \u00e0 Brest, la sid\u00e9ration des voisins du p\u00e8re incestueux"},"content":{"rendered":"<p>C\u2019est un petit quartier en impasse d\u2019une quinzaine de maisons g\u00e9r\u00e9es par le bailleur social Brest m\u00e9tropole habitat, \u00e0 l\u2019est de Brest, \u00e0 quelques encablures du vallon du Stang-Alar. Un quartier sans histoire, \u00ab\u00a0tranquille, \u00e0 part un ou deux rod\u00e9os ces derniers temps\u00a0\u00bb, comme le d\u00e9crivent les r\u00e9sidents. Un quartier, o\u00f9 chacun a reconnu avec sid\u00e9ration l\u2019histoire de curieux voisins \u00e0 la lecture du journal, ce jeudi 4 d\u00e9cembre 2025.<\/p>\n<p>\u00ab\u00a0Oui, c\u2019est lui. Pauvres enfants\u00a0\u00bb, l\u00e2che une r\u00e9sidente \u00e0 l\u2019\u00e9vocation de cet homme de 58 ans <a href=\"https:\/\/www.letelegramme.fr\/finistere\/brest-29200\/suspecte-davoir-eu-des-enfants-avec-sa-fille-et-davoir-contraint-son-fils-a-des-relations-sexuelles-avec-elle-a-brest-un-homme-de-58-ans-interpelle-6940629.php\" target=\"_blank\" rel=\"noopener\">accus\u00e9 d\u2019avoir eu des enfants avec sa fille de 33 ans, et d\u2019avoir contraint son fils \u00e0 des relations sexuelles avec elle<\/a>, le tout dans un climat de violences habituelles.<\/p>\n<p>Le \u00ab\u00a0couple\u00a0\u00bb se serait install\u00e9 dans le quartier \u00ab\u00a0il y a environ trois ans, avec leur gar\u00e7on, qui souffrait visiblement d\u2019un handicap cognitif, et leurs deux filles. On ne les voyait jamais ou presque\u00a0: j\u2019ai d\u00fb voir le gar\u00e7on jouer une fois dans le quartier, \u00e0 cinq m\u00e8tres maximum de leur maison\u00a0\u00bb.<\/p>\n<p>Condamn\u00e9s pour voir agress\u00e9 et menac\u00e9 une juge et une greffi\u00e8re<\/p>\n<p>Le fils de 11 ans et les jumelles de 8 ans ont quitt\u00e9 le quartier il y a pr\u00e8s de deux ans, \u00e0 la suite d\u2019un placement d\u00e9cid\u00e9 par la juge des enfants en tout d\u00e9but d\u2019ann\u00e9e 2024 (1). <a href=\"https:\/\/www.letelegramme.fr\/finistere\/brest-29200\/a-brest-laudience-du-juge-des-enfants-avait-violemment-degenere-un-pere-et-sa-fille-condamnes-6544588.php\" target=\"_blank\" rel=\"noopener\">L\u2019audience avait gravement d\u00e9g\u00e9n\u00e9r\u00e9<\/a>\u00a0: la m\u00e8re des enfants avait agress\u00e9 des assistants \u00e9ducatifs, tandis que son p\u00e8re et conjoint mena\u00e7ait juge et greffi\u00e8re. Le jour de leur proc\u00e8s, ils avaient tous deux \u00e9voqu\u00e9 leur bipolarit\u00e9. Lui avait \u00e9t\u00e9 condamn\u00e9 \u00e0 huit mois de prison avec sursis et elle \u00e0 dix-huit mois de prison dont six mois avec un sursis probatoire d\u2019une dur\u00e9e de 24 mois. \u00ab\u00a0C\u2019est l\u00e0 qu\u2019on a su, pour leur relation. En lisant l\u2019article, tout co\u00efncidait avec eux. On se doutait depuis leur arriv\u00e9e qu\u2019il y avait quelque chose de bizarre, mais pas \u00e0 ce point.\u00a0\u00bb<\/p>\n<p>Cette autre r\u00e9sidente d\u00e9crit pourtant un couple \u00ab\u00a0a priori normal\u00a0\u00bb, qu\u2019elle croisait de temps \u00e0 autre, main dans la main, dans le quartier. \u00ab\u00a0Je n\u2019avais pas l\u2019impression qu\u2019elle \u00e9tait sous son emprise, non. Mais c\u2019est vrai que lui paraissait un peu excentrique. Quand il passait, il baissait la t\u00eate. Parfois, on le voyait en peignoir. Ils n\u2019ont jamais cherch\u00e9 \u00e0 faire du lien dans le quartier, \u00e0 part avec le fils d\u2019un voisin, avec qui ils faisaient la f\u00eate, jusqu\u2019\u00e0 son d\u00e9part. Et ils ne recevaient pas de gens de l\u2019ext\u00e9rieur, juste un homme qui venait r\u00e9guli\u00e8rement le soir.\u00a0\u00bb<\/p>\n<p>La maison bard\u00e9e de cam\u00e9ras<\/p>\n<p>Cette quinquag\u00e9naire offre un regard tr\u00e8s diff\u00e9rent sur le couple. \u00ab\u00a0Elle ne sortait jamais sans lui. Il avait m\u00eame install\u00e9 un grillage devant la fen\u00eatre qui donne sur la rue, officiellement pour emp\u00eacher le chat de sortir. J\u2019ai l\u2019image d\u2019elle, assise, derri\u00e8re ce grillage, avec tous les volets ferm\u00e9s \u00e0 l\u2019\u00e9tage. Pour nous, depuis la r\u00e9v\u00e9lation de leur relation, c\u2019est la maison des horreurs.\u00a0\u00bb<\/p>\n<p>Une maison o\u00f9 l\u2019homme, \u00e2g\u00e9 aujourd\u2019hui de 58 ans, avait fait installer de nombreuses cam\u00e9ras de s\u00e9curit\u00e9. \u00ab\u00a0On avait l\u2019impression qu\u2019ils n\u2019avaient pas de probl\u00e8mes d\u2019argent. Il y a ces cam\u00e9ras, mais aussi un jacuzzi dans le jardin, une voiture \u00e9lectrique sans permis qu\u2019il a achet\u00e9e r\u00e9cemment.\u00a0\u00bb Pourtant, parmi les voisins crois\u00e9s ce jeudi matin, aucun n\u2019est capable de dire si l\u2019homme et sa fille avaient une activit\u00e9 r\u00e9mun\u00e9r\u00e9e. Ni si les enfants \u00e9taient scolaris\u00e9s avant leur placement. \u00ab\u00a0En tout cas, ils ne sortaient quasiment pas de la journ\u00e9e. Par contre, la nuit, on voyait le couple partir en voiture.\u00a0\u00bb<\/p>\n<p class=\"note\">(1) Contact\u00e9, le D\u00e9partement du Finist\u00e8re pr\u00e9cise accompagner cette fratrie au titre de la protection de l\u2019enfance depuis 2023. \u00ab\u00a0Lorsque le juge a ordonn\u00e9 une mesure de placement, ni le juge, ni le D\u00e9partement n\u2019avaient connaissance des faits pr\u00e9sum\u00e9s \u00e0 caract\u00e8re sexuel. C\u2019est apr\u00e8s le placement que le lieu d\u2019accueil a recueilli, en avril 2024, la parole des enfants, qui ont affirm\u00e9 qu\u2019ils avaient subi des faits \u00e0 caract\u00e8re sexuel au sein de leur famille. Le D\u00e9partement, conform\u00e9ment \u00e0 la loi et \u00e0 ses proc\u00e9dures internes, a imm\u00e9diatement signal\u00e9 ces faits pr\u00e9sum\u00e9s au procureur.\u00a0\u00bb<\/p>\n","protected":false},"excerpt":{"rendered":"C\u2019est un petit quartier en impasse d\u2019une quinzaine de maisons g\u00e9r\u00e9es par le bailleur social Brest m\u00e9tropole habitat,&hellip;\n","protected":false},"author":2,"featured_media":579227,"comment_status":"","ping_status":"","sticky":false,"template":"","format":"standard","meta":{"footnotes":""},"categories":[4],"tags":[11,3450,3321,1011,27,4555,12,25],"class_list":{"0":"post-579226","1":"post","2":"type-post","3":"status-publish","4":"format-standard","5":"has-post-thumbnail","7":"category-france","8":"tag-actualites","9":"tag-brest","10":"tag-finistere","11":"tag-fr","12":"tag-france","13":"tag-local","14":"tag-news","15":"tag-republique-francaise"},"share_on_mastodon":{"url":"https:\/\/pubeurope.com\/@fr\/115665469669188071","error":""},"_links":{"self":[{"href":"https:\/\/www.europesays.com\/fr\/wp-json\/wp\/v2\/posts\/579226","targetHints":{"allow":["GET"]}}],"collection":[{"href":"https:\/\/www.europesays.com\/fr\/wp-json\/wp\/v2\/posts"}],"about":[{"href":"https:\/\/www.europesays.com\/fr\/wp-json\/wp\/v2\/types\/post"}],"author":[{"embeddable":true,"href":"https:\/\/www.europesays.com\/fr\/wp-json\/wp\/v2\/users\/2"}],"replies":[{"embeddable":true,"href":"https:\/\/www.europesays.com\/fr\/wp-json\/wp\/v2\/comments?post=579226"}],"version-history":[{"count":0,"href":"https:\/\/www.europesays.com\/fr\/wp-json\/wp\/v2\/posts\/579226\/revisions"}],"wp:featuredmedia":[{"embeddable":true,"href":"https:\/\/www.europesays.com\/fr\/wp-json\/wp\/v2\/media\/579227"}],"wp:attachment":[{"href":"https:\/\/www.europesays.com\/fr\/wp-json\/wp\/v2\/media?parent=579226"}],"wp:term":[{"taxonomy":"category","embeddable":true,"href":"https:\/\/www.europesays.com\/fr\/wp-json\/wp\/v2\/categories?post=579226"},{"taxonomy":"post_tag","embeddable":true,"href":"https:\/\/www.europesays.com\/fr\/wp-json\/wp\/v2\/tags?post=579226"}],"curies":[{"name":"wp","href":"https:\/\/api.w.org\/{rel}","templated":true}]}}