{"id":579229,"date":"2025-12-05T06:10:14","date_gmt":"2025-12-05T06:10:14","guid":{"rendered":"https:\/\/www.europesays.com\/fr\/579229\/"},"modified":"2025-12-05T06:10:14","modified_gmt":"2025-12-05T06:10:14","slug":"la-stephanoise-noemie-baiamonte-pour-representer-la-region","status":"publish","type":"post","link":"https:\/\/www.europesays.com\/fr\/579229\/","title":{"rendered":"La St\u00e9phanoise No\u00e9mie Baiamonte pour repr\u00e9senter la R\u00e9gion"},"content":{"rendered":"<p><img decoding=\"async\" class=\"\" style=\"width:100%\" src=\"https:\/\/www.europesays.com\/fr\/wp-content\/uploads\/2025\/12\/miss_france_2026_ce_qu_il_faut_savoir_sur_la_ceremonie_de_tf11764847051732.jpg\" alt=\"No\u00e9mie Baiamonte est notre miss Rh\u00f4ne Alpes.\"\/><\/p>\n<p>No\u00e9mie Baiamonte est notre miss Rh\u00f4ne Alpes.<\/p>\n<p>Cr\u00e9dit : Miss France<\/p>\n<p>Et si cette ann\u00e9e, c&rsquo;\u00e9tait la bonne ? Si l&rsquo;\u00e9charpe de Miss France revenait dans la R\u00e9gion ? 24 ans apr\u00e8s Sylvie Tellier, notre R\u00e9gion attend de donner \u00e0 la France la plus belle femme du monde. C&rsquo;est peut-\u00eatre pour ce samedi soir, jour J, du concours.<\/p>\n<p>Et cette ann\u00e9e serait d&rsquo;autant plus parfaite que notre repr\u00e9sentante r\u00e9gionale\u2026 est Lig\u00e9rienne. Mi-St\u00e9phanoise, mi-Ripag\u00e9rienne, No\u00e9mie Baiamonte, 21 ans, esp\u00e8re \u00eatre sacr\u00e9e. La seule et unique fois qu&rsquo;une St\u00e9phanoise a \u00e9t\u00e9 \u00e9lue, c&rsquo;\u00e9tait Christiane Lillio&#8230; en 1968. Il est temps de ramener l&rsquo;\u00e9charpe \u00e0 la maison.<\/p>\n","protected":false},"excerpt":{"rendered":"No\u00e9mie Baiamonte est notre miss Rh\u00f4ne Alpes. Cr\u00e9dit : Miss France Et si cette ann\u00e9e, c&rsquo;\u00e9tait la bonne&hellip;\n","protected":false},"author":2,"featured_media":579230,"comment_status":"","ping_status":"","sticky":false,"template":"","format":"standard","meta":{"footnotes":""},"categories":[9653],"tags":[1111,11,2430,1777,674,1011,27,3367,69324,69325,12,25,15293,4001,199],"class_list":{"0":"post-579229","1":"post","2":"type-post","3":"status-publish","4":"format-standard","5":"has-post-thumbnail","7":"category-saint-etienne","8":"tag-actu","9":"tag-actualites","10":"tag-auvergne-rhone-alpes","11":"tag-eu","12":"tag-europe","13":"tag-fr","14":"tag-france","15":"tag-loire","16":"tag-miss_france","17":"tag-miss_rhone_alpes","18":"tag-news","19":"tag-republique-francaise","20":"tag-rive-de-gier","21":"tag-saint-etienne","22":"tag-tf1"},"share_on_mastodon":{"url":"https:\/\/pubeurope.com\/@fr\/115665478339671974","error":""},"_links":{"self":[{"href":"https:\/\/www.europesays.com\/fr\/wp-json\/wp\/v2\/posts\/579229","targetHints":{"allow":["GET"]}}],"collection":[{"href":"https:\/\/www.europesays.com\/fr\/wp-json\/wp\/v2\/posts"}],"about":[{"href":"https:\/\/www.europesays.com\/fr\/wp-json\/wp\/v2\/types\/post"}],"author":[{"embeddable":true,"href":"https:\/\/www.europesays.com\/fr\/wp-json\/wp\/v2\/users\/2"}],"replies":[{"embeddable":true,"href":"https:\/\/www.europesays.com\/fr\/wp-json\/wp\/v2\/comments?post=579229"}],"version-history":[{"count":0,"href":"https:\/\/www.europesays.com\/fr\/wp-json\/wp\/v2\/posts\/579229\/revisions"}],"wp:featuredmedia":[{"embeddable":true,"href":"https:\/\/www.europesays.com\/fr\/wp-json\/wp\/v2\/media\/579230"}],"wp:attachment":[{"href":"https:\/\/www.europesays.com\/fr\/wp-json\/wp\/v2\/media?parent=579229"}],"wp:term":[{"taxonomy":"category","embeddable":true,"href":"https:\/\/www.europesays.com\/fr\/wp-json\/wp\/v2\/categories?post=579229"},{"taxonomy":"post_tag","embeddable":true,"href":"https:\/\/www.europesays.com\/fr\/wp-json\/wp\/v2\/tags?post=579229"}],"curies":[{"name":"wp","href":"https:\/\/api.w.org\/{rel}","templated":true}]}}