{"id":579231,"date":"2025-12-05T06:11:11","date_gmt":"2025-12-05T06:11:11","guid":{"rendered":"https:\/\/www.europesays.com\/fr\/579231\/"},"modified":"2025-12-05T06:11:11","modified_gmt":"2025-12-05T06:11:11","slug":"lens-saint-etienne-a-quelle-heure-sur-quelle-chaine-tv-voir-le-match-darkema-premiere-ligue-a-bollaert","status":"publish","type":"post","link":"https:\/\/www.europesays.com\/fr\/579231\/","title":{"rendered":"Lens &#8211; Saint-\u00c9tienne : \u00e0 quelle heure, sur quelle cha\u00eene TV voir le match d\u2019Arkema Premi\u00e8re Ligue \u00e0 Bollaert ?"},"content":{"rendered":"<p class=\"paragraph text_align_left lp-f-body-02\">La 9e journ\u00e9e d\u2019<a href=\"https:\/\/www.leparisien.fr\/sports\/football\/arkema-premiere-ligue-diffusion-inedite-nouveaux-statuts-programme-tout-savoir-sur-la-saison-2025-2026-06-09-2025-5KWYMKDADVCWZANOHDQ6IXETFA.php\" target=\"_blank\" rel=\"noreferrer noopener\">Arkema Premi\u00e8re Ligue<\/a> sera marqu\u00e9e par un choc de mal class\u00e9s dans un \u00e9crin de prestige. Ce vendredi, Lens re\u00e7oit Saint-\u00c9tienne dans un match qui sera exceptionnellement disput\u00e9 au Stade Bollaert, au lendemain de la f\u00eate de la Sainte-Barbe, tr\u00e8s populaire dans le Nord. L\u2019enceinte habituelle de l\u2019\u00e9quipe masculine avait d\u00e9j\u00e0 \u00e9t\u00e9 le th\u00e9\u00e2tre de <a href=\"https:\/\/www.leparisien.fr\/sports\/football\/psg-feminin\/lens-psg-feminin-un-mois-apres-le-match-les-parisiennes-obtiennent-la-victoire-sur-tapis-vert-08-10-2025-256PWM5NU5AWDATR6DWPGIWTTU.php\" target=\"_blank\" rel=\"noreferrer noopener\">la r\u00e9ception du PSG<\/a>, en septembre, pour une affluence record (10 712 spectateurs).<\/p>\n<p class=\"paragraph text_align_left lp-f-body-02\">Sur le plan sportif, le duel va co\u00fbter cher. Bon dernier du championnat, avec un seul point obtenu il y a plus de deux mois, Lens fait face \u00e0 une obligation de r\u00e9sultats\u2026 Les Nordistes, promues cette saison, n\u2019auront pas de bien meilleures occasions que face aux Vertes, 11es et donc avant-derni\u00e8res avec 4 points. <\/p>\n<p class=\"paragraph text_align_left lp-f-body-02\"><b>Le coup d\u2019envoi du match Lens-Saint-\u00c9tienne est pr\u00e9vu \u00e0 21h ce vendredi 5 d\u00e9cembre. La rencontre sera \u00e0 suivre en direct sur Canal+ Foot.<\/b><\/p>\n","protected":false},"excerpt":{"rendered":"La 9e journ\u00e9e d\u2019Arkema Premi\u00e8re Ligue sera marqu\u00e9e par un choc de mal class\u00e9s dans un \u00e9crin de&hellip;\n","protected":false},"author":2,"featured_media":579232,"comment_status":"","ping_status":"","sticky":false,"template":"","format":"standard","meta":{"footnotes":""},"categories":[9653],"tags":[1111,11,2430,1777,674,63,1011,27,66,12,25,4001,60],"class_list":{"0":"post-579231","1":"post","2":"type-post","3":"status-publish","4":"format-standard","5":"has-post-thumbnail","7":"category-saint-etienne","8":"tag-actu","9":"tag-actualites","10":"tag-auvergne-rhone-alpes","11":"tag-eu","12":"tag-europe","13":"tag-football","14":"tag-fr","15":"tag-france","16":"tag-ligue-1","17":"tag-news","18":"tag-republique-francaise","19":"tag-saint-etienne","20":"tag-sports"},"share_on_mastodon":{"url":"https:\/\/pubeurope.com\/@fr\/115665481528430446","error":""},"_links":{"self":[{"href":"https:\/\/www.europesays.com\/fr\/wp-json\/wp\/v2\/posts\/579231","targetHints":{"allow":["GET"]}}],"collection":[{"href":"https:\/\/www.europesays.com\/fr\/wp-json\/wp\/v2\/posts"}],"about":[{"href":"https:\/\/www.europesays.com\/fr\/wp-json\/wp\/v2\/types\/post"}],"author":[{"embeddable":true,"href":"https:\/\/www.europesays.com\/fr\/wp-json\/wp\/v2\/users\/2"}],"replies":[{"embeddable":true,"href":"https:\/\/www.europesays.com\/fr\/wp-json\/wp\/v2\/comments?post=579231"}],"version-history":[{"count":0,"href":"https:\/\/www.europesays.com\/fr\/wp-json\/wp\/v2\/posts\/579231\/revisions"}],"wp:featuredmedia":[{"embeddable":true,"href":"https:\/\/www.europesays.com\/fr\/wp-json\/wp\/v2\/media\/579232"}],"wp:attachment":[{"href":"https:\/\/www.europesays.com\/fr\/wp-json\/wp\/v2\/media?parent=579231"}],"wp:term":[{"taxonomy":"category","embeddable":true,"href":"https:\/\/www.europesays.com\/fr\/wp-json\/wp\/v2\/categories?post=579231"},{"taxonomy":"post_tag","embeddable":true,"href":"https:\/\/www.europesays.com\/fr\/wp-json\/wp\/v2\/tags?post=579231"}],"curies":[{"name":"wp","href":"https:\/\/api.w.org\/{rel}","templated":true}]}}