{"id":579233,"date":"2025-12-05T06:12:09","date_gmt":"2025-12-05T06:12:09","guid":{"rendered":"https:\/\/www.europesays.com\/fr\/579233\/"},"modified":"2025-12-05T06:12:09","modified_gmt":"2025-12-05T06:12:09","slug":"musee-lorrain-a-nancy-les-fouilles-archeologiques-ouvertes-gratuitement-au-public-voici-quand","status":"publish","type":"post","link":"https:\/\/www.europesays.com\/fr\/579233\/","title":{"rendered":"Mus\u00e9e Lorrain \u00e0 Nancy. Les fouilles arch\u00e9ologiques ouvertes gratuitement au public : voici quand"},"content":{"rendered":"<p>                    Par<br \/>\n        <strong><br \/>\n            <a href=\"https:\/\/actu.fr\/auteur\/pierre-emile-bouchy-actu-fr\" title=\"Consulter tous les articles de Paul-Emile Bouchy\" target=\"_blank\" rel=\"noopener\">Paul-Emile Bouchy<\/a><br \/>\n                    <\/strong><\/p>\n<p>        Publi\u00e9 le<\/p>\n<p>            5 d\u00e9c. 2025 \u00e0 7h02        <\/p>\n<p>Si la Ville de Nancy a choisi en juin d\u2019<a href=\"https:\/\/actu.fr\/grand-est\/nancy_54395\/la-ville-de-nancy-abandonne-le-projet-du-musee-lorrain-voici-ce-qui-est-desormais-prevu_62780467.html\" target=\"_blank\" rel=\"noopener\">abandonner le projet actuel du mus\u00e9e Lorrain<\/a> pour <strong>le r\u00e9orienter uniquement sur tous les niveaux du palais ducal<\/strong>, <a href=\"https:\/\/actu.fr\/grand-est\/nancy_54395\/musee-lorrain-a-nancy-le-tribunal-autorise-les-travaux-et-la-demolition-de-ce-batiment-classe_63235628.html\" target=\"_blank\" rel=\"noopener\">des travaux<\/a> ont n\u00e9anmoins \u00e9t\u00e9 men\u00e9s sur le site ces derniers mois. Cela concerne <strong>la r\u00e9alisation des fondations sp\u00e9ciales et de la tranch\u00e9e drainante<\/strong>, \u00e9tape indispensable quel que soit le projet.<\/p>\n<p class=\" wall-content\">En parall\u00e8le, <strong>des fouilles d\u2019arch\u00e9ologie pr\u00e9ventive<\/strong> men\u00e9es par l\u2019Inrap (Institut national de recherches arch\u00e9ologiques pr\u00e9ventives) se sont d\u00e9roul\u00e9es en octobre et en novembre\u00a02025,<\/p>\n<p class=\" wall-content\">Elles vont \u00eatre <strong>exceptionnellement ouvertes au public durant un week-end.<\/strong> Voici comment les visiter.<\/p>\n<p>Des visites gratuites des fouilles uniquement sur r\u00e9servation<\/p>\n<p class=\" wall-content\">Alors que <a href=\"https:\/\/actu.fr\/grand-est\/nancy_54395\/nancy-le-musee-lorrain-ne-rouvrira-finalement-pas-avant-2033-voici-pourquoi_62779657.html\" target=\"_blank\" rel=\"noopener\">le mus\u00e9e Lorrain ne devrait pas ouvrir d\u2019ici 2033<\/a>, ces visites gratuites sont un moment rare pour se rendre sur le site et d\u00e9couvrir son histoire avec des arch\u00e9ologues.<\/p>\n<p class=\" wall-content\">Ces visites guid\u00e9es auront lieu <strong>le samedi\u00a013 et le dimanche 14\u00a0d\u00e9cembre 2025 aux cr\u00e9neaux suivants<\/strong>\u2009: 10h\u2009; 10h20\u2009; 11h20\u2009; 11h40\u2009; 13h30\u2009; 13h50\u2009; 14h50 et 15h10.<\/p>\n<p class=\" wall-content\">Attention\u2009: le nombre de places \u00e9tant limit\u00e9 pour des questions de s\u00e9curit\u00e9, <strong>la r\u00e9servation est obligatoire<\/strong>\u00a0via\u00a0<a href=\"https:\/\/url.de.m.mimecastprotect.com\/s\/aq7vCZ8krKTEKABlHzfDFB0DHN?domain=my.weezevent.com\" target=\"_blank\" rel=\"noopener\">ce site<\/a> ou par t\u00e9l\u00e9phone\u2009: 03\u200983\u200985\u200930\u200901.<\/p>\n<p class=\" wall-content\">Personnalisez votre actualit\u00e9 en ajoutant vos villes et m\u00e9dias en favori avec <a href=\"https:\/\/moncompte.actu.fr\" title=\"D\u00e9couvez Mon Actu\" rel=\"nofollow noopener\" data-trk=\"{&quot;cta&quot;:{&quot;action&quot;:&quot;https:\\\/\\\/moncompte.actu.fr&quot;,&quot;category&quot;:&quot;mon compte&quot;,&quot;from&quot;:&quot;article footer&quot;,&quot;name&quot;:&quot;Mon actu&quot;,&quot;type&quot;:&quot;cta&quot;}}\" target=\"_blank\">Mon Actu<\/a>.<\/p>\n","protected":false},"excerpt":{"rendered":"Par Paul-Emile Bouchy Publi\u00e9 le 5 d\u00e9c. 2025 \u00e0 7h02 Si la Ville de Nancy a choisi en&hellip;\n","protected":false},"author":2,"featured_media":579234,"comment_status":"","ping_status":"","sticky":false,"template":"","format":"standard","meta":{"footnotes":""},"categories":[9635],"tags":[1111,11,1777,674,1011,27,775,1652,31882,1702,12,2551,25],"class_list":{"0":"post-579233","1":"post","2":"type-post","3":"status-publish","4":"format-standard","5":"has-post-thumbnail","7":"category-nancy","8":"tag-actu","9":"tag-actualites","10":"tag-eu","11":"tag-europe","12":"tag-fr","13":"tag-france","14":"tag-grand-est","15":"tag-loisirs-culture","16":"tag-musee-lorrain","17":"tag-nancy","18":"tag-news","19":"tag-patrimoine","20":"tag-republique-francaise"},"share_on_mastodon":{"url":"https:\/\/pubeurope.com\/@fr\/115665485412475675","error":""},"_links":{"self":[{"href":"https:\/\/www.europesays.com\/fr\/wp-json\/wp\/v2\/posts\/579233","targetHints":{"allow":["GET"]}}],"collection":[{"href":"https:\/\/www.europesays.com\/fr\/wp-json\/wp\/v2\/posts"}],"about":[{"href":"https:\/\/www.europesays.com\/fr\/wp-json\/wp\/v2\/types\/post"}],"author":[{"embeddable":true,"href":"https:\/\/www.europesays.com\/fr\/wp-json\/wp\/v2\/users\/2"}],"replies":[{"embeddable":true,"href":"https:\/\/www.europesays.com\/fr\/wp-json\/wp\/v2\/comments?post=579233"}],"version-history":[{"count":0,"href":"https:\/\/www.europesays.com\/fr\/wp-json\/wp\/v2\/posts\/579233\/revisions"}],"wp:featuredmedia":[{"embeddable":true,"href":"https:\/\/www.europesays.com\/fr\/wp-json\/wp\/v2\/media\/579234"}],"wp:attachment":[{"href":"https:\/\/www.europesays.com\/fr\/wp-json\/wp\/v2\/media?parent=579233"}],"wp:term":[{"taxonomy":"category","embeddable":true,"href":"https:\/\/www.europesays.com\/fr\/wp-json\/wp\/v2\/categories?post=579233"},{"taxonomy":"post_tag","embeddable":true,"href":"https:\/\/www.europesays.com\/fr\/wp-json\/wp\/v2\/tags?post=579233"}],"curies":[{"name":"wp","href":"https:\/\/api.w.org\/{rel}","templated":true}]}}