{"id":579241,"date":"2025-12-05T06:16:12","date_gmt":"2025-12-05T06:16:12","guid":{"rendered":"https:\/\/www.europesays.com\/fr\/579241\/"},"modified":"2025-12-05T06:16:12","modified_gmt":"2025-12-05T06:16:12","slug":"le-salon-du-champagne-fait-son-retour-dans-ce-lieu-dexception","status":"publish","type":"post","link":"https:\/\/www.europesays.com\/fr\/579241\/","title":{"rendered":"le salon du Champagne fait son retour dans ce lieu d\u2019exception"},"content":{"rendered":"<p> <strong>Un \u00e9v\u00e9nement unique autour du champagne<\/strong><\/p>\n<p style=\"text-align: justify;\">\u00a0<\/p>\n<p style=\"text-align: justify;\">Depuis maintenant quinze ans, St\u00e9phane Lebesgue, fondateur de la Cave d\u2019Occitanie, organise ce salon afin de <strong>faire d\u00e9couvrir la diversit\u00e9 et la richesse des champagnes.<\/strong> \u00ab L\u2019id\u00e9e \u00e9tait de partager le monde du champagne avec le plus grand nombre, de vulgariser ses sp\u00e9cificit\u00e9s et de pr\u00e9senter diff\u00e9rents c\u00e9pages, terroirs et types de champagnes directement par les producteurs \u00bb, explique-t-il.<\/p>\n<p style=\"text-align: justify;\">Le Salon r\u00e9unit cette ann\u00e9e 22 vignerons et maisons champenoises de renom, <strong>dont Mo\u00ebt &amp; Chandon, Pol Roger, Bollinger, Ruinart ou encore Veuve Clicquot<\/strong>, offrant aux visiteurs l\u2019opportunit\u00e9 de d\u00e9guster* et d\u2019\u00e9changer avec des sp\u00e9cialistes passionn\u00e9s. \u00ab Chaque ann\u00e9e, nous constatons l\u2019\u00e9mergence de nouvelles tendances et une diversit\u00e9 de champagnes qui s\u2019ouvre au plus grand nombre \u00bb, ajoute St\u00e9phane Lebesgue, soulignant l\u2019\u00e9volution constante de ce vin de f\u00eate embl\u00e9matique.<\/p>\n<p style=\"text-align: justify;\">\u00a0<\/p>\n<p><strong>Une journ\u00e9e festive et gourmande<\/strong><\/p>\n<p style=\"text-align: justify;\">\u00a0<\/p>\n<p style=\"text-align: justify;\">Les festivit\u00e9s d\u00e9butent d\u00e8s 11h00, avec <strong>d\u00e9gustations de champagnes, caviar, saumon et foie gras, ainsi que des animations orchestr\u00e9es par les vignerons.<\/strong> L\u2019occasion de d\u00e9couvrir des accords mets-champagnes originaux et de recevoir des conseils personnalis\u00e9s pour les repas de f\u00eates.<\/p>\n<p style=\"text-align: justify;\">\u00c0 19h30, le salon couronne<strong> le Meilleur Champagne Brut sans ann\u00e9e<\/strong>, suivi du tirage de la tombola. Ensuite, <strong>un d\u00eener exclusif en cinq temps autour du champagne <\/strong>est propos\u00e9, avant de prolonger la soir\u00e9e avec un bar \u00e0 champagne et \u00e0 vins, planches gourmandes, foie gras, caviars et poissons fum\u00e9s, accompagn\u00e9s par la musique live de Thomas Venturelli et Nicolas Boretti.<\/p>\n<p style=\"text-align: justify;\">\u00a0<\/p>\n<p><strong>Des offres exceptionnelles pour les visiteurs<\/strong><\/p>\n<p style=\"text-align: justify;\">\u00a0<\/p>\n<p style=\"text-align: justify;\"><strong>Tous les champagnes pr\u00e9sent\u00e9s sont propos\u00e9s au prix propri\u00e9t\u00e9 <\/strong>et b\u00e9n\u00e9ficient d\u2019une promotion sp\u00e9ciale : <strong>pour cinq bouteilles achet\u00e9es, la sixi\u00e8me est offerte<\/strong>, permettant \u00e0 chacun de repartir avec ses bulles pr\u00e9f\u00e9r\u00e9es \u00e0 des tarifs accessibles, allant d\u2019une vingtaine d\u2019euros aux grandes cuv\u00e9es.<\/p>\n<p style=\"text-align: justify;\">\u00a0<\/p>\n<p><strong>Infos pratiques\u00a0<\/strong><\/p>\n<p style=\"text-align: justify;\">\u00a0<\/p>\n<p><strong>Salon du champagne, 14e \u00e9dition<\/strong><\/p>\n<ul>\n<li style=\"text-align: justify;\">Lieu : Horizon Resort Massane, Domaine de Massane, 34670 Baillargues<\/li>\n<li style=\"text-align: justify;\">Date : Samedi 6 d\u00e9cembre<\/li>\n<li style=\"text-align: justify;\">Horaires : 11h00 \u2013 00h30<\/li>\n<li style=\"text-align: justify;\">Entr\u00e9e : 25 \u20ac<\/li>\n<li style=\"text-align: justify;\">D\u00eener exclusif : 75 \u20ac \/ personne<\/li>\n<li style=\"text-align: justify;\">R\u00e9servations : 04 67 87 87 83<\/li>\n<\/ul>\n<p>*La consommation d\u2019alcool est dangereuse pour la sant\u00e9, \u00e0 consommer avec mod\u00e9ration.<\/p>\n","protected":false},"excerpt":{"rendered":"Un \u00e9v\u00e9nement unique autour du champagne \u00a0 Depuis maintenant quinze ans, St\u00e9phane Lebesgue, fondateur de la Cave d\u2019Occitanie,&hellip;\n","protected":false},"author":2,"featured_media":579242,"comment_status":"","ping_status":"","sticky":false,"template":"","format":"standard","meta":{"footnotes":""},"categories":[9599],"tags":[69334,1111,11,69328,69329,69332,69331,1777,674,69341,69342,1011,27,69327,69330,69335,2208,12,69339,2680,69340,69337,69336,25,69344,69326,69343,69333,69338,2573],"class_list":{"0":"post-579241","1":"post","2":"type-post","3":"status-publish","4":"format-standard","5":"has-post-thumbnail","7":"category-montpellier","8":"tag-accords-mets-champagnes","9":"tag-actu","10":"tag-actualites","11":"tag-baillargues","12":"tag-cave-doccitanie","13":"tag-champagnes-renommes","14":"tag-degustation-de-champagne","15":"tag-eu","16":"tag-europe","17":"tag-evenement-festif-gourmand","18":"tag-foie-gras-et-caviar-degustation","19":"tag-fr","20":"tag-france","21":"tag-horizon-resort-massane","22":"tag-maisons-champenoises","23":"tag-meilleur-champagne-brut-sans-annee","24":"tag-montpellier","25":"tag-news","26":"tag-nicolas-boretti-musique-live","27":"tag-occitanie","28":"tag-offres-exceptionnelles-visiteurs","29":"tag-prix-propriete-champagne","30":"tag-promotion-speciale-champagne","31":"tag-republique-francaise","32":"tag-reservations-salon","33":"tag-salon-du-champagne","34":"tag-soiree-bar-a-vins-et-champagnes","35":"tag-tendances-champagne","36":"tag-thomas-venturelli-musique-live","37":"tag-vignerons"},"share_on_mastodon":{"url":"","error":"Validation failed: Text character limit of 500 exceeded"},"_links":{"self":[{"href":"https:\/\/www.europesays.com\/fr\/wp-json\/wp\/v2\/posts\/579241","targetHints":{"allow":["GET"]}}],"collection":[{"href":"https:\/\/www.europesays.com\/fr\/wp-json\/wp\/v2\/posts"}],"about":[{"href":"https:\/\/www.europesays.com\/fr\/wp-json\/wp\/v2\/types\/post"}],"author":[{"embeddable":true,"href":"https:\/\/www.europesays.com\/fr\/wp-json\/wp\/v2\/users\/2"}],"replies":[{"embeddable":true,"href":"https:\/\/www.europesays.com\/fr\/wp-json\/wp\/v2\/comments?post=579241"}],"version-history":[{"count":0,"href":"https:\/\/www.europesays.com\/fr\/wp-json\/wp\/v2\/posts\/579241\/revisions"}],"wp:featuredmedia":[{"embeddable":true,"href":"https:\/\/www.europesays.com\/fr\/wp-json\/wp\/v2\/media\/579242"}],"wp:attachment":[{"href":"https:\/\/www.europesays.com\/fr\/wp-json\/wp\/v2\/media?parent=579241"}],"wp:term":[{"taxonomy":"category","embeddable":true,"href":"https:\/\/www.europesays.com\/fr\/wp-json\/wp\/v2\/categories?post=579241"},{"taxonomy":"post_tag","embeddable":true,"href":"https:\/\/www.europesays.com\/fr\/wp-json\/wp\/v2\/tags?post=579241"}],"curies":[{"name":"wp","href":"https:\/\/api.w.org\/{rel}","templated":true}]}}