{"id":579251,"date":"2025-12-05T06:23:12","date_gmt":"2025-12-05T06:23:12","guid":{"rendered":"https:\/\/www.europesays.com\/fr\/579251\/"},"modified":"2025-12-05T06:23:12","modified_gmt":"2025-12-05T06:23:12","slug":"pour-le-telethon-2025-les-jeunes-agriculteurs-investissent-la-place-de-la-mairie","status":"publish","type":"post","link":"https:\/\/www.europesays.com\/fr\/579251\/","title":{"rendered":"pour le T\u00e9l\u00e9thon 2025, les Jeunes Agriculteurs investissent la place de la Mairie"},"content":{"rendered":"<p>                    Par<br \/>\n        <strong><br \/>\n            <a href=\"https:\/\/actu.fr\/auteur\/brian-legoff\" title=\"Consulter tous les articles de Brian Le Goff\" target=\"_blank\" rel=\"noopener\">Brian Le Goff<\/a><br \/>\n                    <\/strong><\/p>\n<p>        Publi\u00e9 le<\/p>\n<p>            5 d\u00e9c. 2025 \u00e0 6h32        <\/p>\n<p><strong>La campagne s\u2019invite dans le centre-ville<\/strong> de <a href=\"https:\/\/actu.fr\/rennes\/\" target=\"_blank\" rel=\"noopener\">Rennes<\/a>, samedi 6\u00a0d\u00e9cembre 2025. \u00c0 l\u2019occasion du <a href=\"https:\/\/actu.fr\/tag\/telethon\" target=\"_blank\" rel=\"noopener\">T\u00e9l\u00e9thon<\/a>, qui a lieu ce week-end, les Jeunes Agriculteurs (JA) d\u2019Ille-et-Vilaine se mobilisent pour collecter des fonds \u00e0 destination de l\u2019association l\u2019AFM-T\u00e9l\u00e9thon, qui <strong>lutte pour vaincre les maladies g\u00e9n\u00e9tiques, rares, \u00e9volutives et lourdement invalidantes<\/strong>.<\/p>\n<p>Galettes-saucisses et boissons en vente<\/p>\n<p class=\" wall-content\">Ainsi, dans cet objectif, les JA animeront la <strong>place de la Mairie, de 10h \u00e0 16h<\/strong>. <strong>Galettes-saucisses, boissons chaudes et froides<\/strong> seront vendues et les b\u00e9n\u00e9fices revers\u00e9s \u00e0 l\u2019association.<\/p>\n<p>Des animations toute la journ\u00e9e<\/p>\n<p class=\" wall-content\">Au-del\u00e0 de ces ventes, les Rennais pourront vivre un moment convivial autour d\u2019un <strong>circuit de tracteurs \u00e0 p\u00e9dales<\/strong> et avec la<strong> pr\u00e9sence des mascottes<\/strong> de la F\u00eate d\u00e9partementale de l\u2019Agriculture.<\/p>\n<blockquote class=\"ac-article-quote wall-content\">\n<p>Dans un contexte toujours d\u00e9licat pour la fili\u00e8re agricole fran\u00e7aise, cette action permet par ailleurs de maintenir, ann\u00e9e apr\u00e8s ann\u00e9e, le lien entre ruraux et urbains.<\/p>\n<p>    <strong>Jeunes Agriculteurs<\/strong>\n            <\/p><\/blockquote>\n<p class=\" wall-content\">En effet, ces animations permettront aux JA de communiquer sur cet <strong>\u00e9v\u00e9nement, pr\u00e9vu les 5 et 6\u00a0septembre 2026<\/strong> \u00e0 Bain-de-Bretagne.<\/p>\n<p>Rendez-vous samedi 6\u00a0d\u00e9cembre, de 10h \u00e0 16h, place de la Mairie, \u00e0 Rennes.<\/p>\n<p class=\" wall-content\">Personnalisez votre actualit\u00e9 en ajoutant vos villes et m\u00e9dias en favori avec <a href=\"https:\/\/moncompte.actu.fr\" title=\"D\u00e9couvez Mon Actu\" rel=\"nofollow noopener\" data-trk=\"{&quot;cta&quot;:{&quot;action&quot;:&quot;https:\\\/\\\/moncompte.actu.fr&quot;,&quot;category&quot;:&quot;mon compte&quot;,&quot;from&quot;:&quot;article footer&quot;,&quot;name&quot;:&quot;Mon actu&quot;,&quot;type&quot;:&quot;cta&quot;}}\" target=\"_blank\">Mon Actu<\/a>.<\/p>\n","protected":false},"excerpt":{"rendered":"Par Brian Le Goff Publi\u00e9 le 5 d\u00e9c. 2025 \u00e0 6h32 La campagne s\u2019invite dans le centre-ville de&hellip;\n","protected":false},"author":2,"featured_media":579252,"comment_status":"","ping_status":"","sticky":false,"template":"","format":"standard","meta":{"footnotes":""},"categories":[2821],"tags":[1111,11,327,829,1777,674,1011,27,1652,12,584,25,3400,12846],"class_list":{"0":"post-579251","1":"post","2":"type-post","3":"status-publish","4":"format-standard","5":"has-post-thumbnail","7":"category-rennes","8":"tag-actu","9":"tag-actualites","10":"tag-agriculture","11":"tag-bretagne","12":"tag-eu","13":"tag-europe","14":"tag-fr","15":"tag-france","16":"tag-loisirs-culture","17":"tag-news","18":"tag-rennes","19":"tag-republique-francaise","20":"tag-solidarite","21":"tag-telethon"},"share_on_mastodon":{"url":"https:\/\/pubeurope.com\/@fr\/115665528728510903","error":""},"_links":{"self":[{"href":"https:\/\/www.europesays.com\/fr\/wp-json\/wp\/v2\/posts\/579251","targetHints":{"allow":["GET"]}}],"collection":[{"href":"https:\/\/www.europesays.com\/fr\/wp-json\/wp\/v2\/posts"}],"about":[{"href":"https:\/\/www.europesays.com\/fr\/wp-json\/wp\/v2\/types\/post"}],"author":[{"embeddable":true,"href":"https:\/\/www.europesays.com\/fr\/wp-json\/wp\/v2\/users\/2"}],"replies":[{"embeddable":true,"href":"https:\/\/www.europesays.com\/fr\/wp-json\/wp\/v2\/comments?post=579251"}],"version-history":[{"count":0,"href":"https:\/\/www.europesays.com\/fr\/wp-json\/wp\/v2\/posts\/579251\/revisions"}],"wp:featuredmedia":[{"embeddable":true,"href":"https:\/\/www.europesays.com\/fr\/wp-json\/wp\/v2\/media\/579252"}],"wp:attachment":[{"href":"https:\/\/www.europesays.com\/fr\/wp-json\/wp\/v2\/media?parent=579251"}],"wp:term":[{"taxonomy":"category","embeddable":true,"href":"https:\/\/www.europesays.com\/fr\/wp-json\/wp\/v2\/categories?post=579251"},{"taxonomy":"post_tag","embeddable":true,"href":"https:\/\/www.europesays.com\/fr\/wp-json\/wp\/v2\/tags?post=579251"}],"curies":[{"name":"wp","href":"https:\/\/api.w.org\/{rel}","templated":true}]}}