{"id":579253,"date":"2025-12-05T06:24:18","date_gmt":"2025-12-05T06:24:18","guid":{"rendered":"https:\/\/www.europesays.com\/fr\/579253\/"},"modified":"2025-12-05T06:24:18","modified_gmt":"2025-12-05T06:24:18","slug":"municipales-a-rennes-pourquoi-la-france-insoumise-avance-en-ordre-disperse","status":"publish","type":"post","link":"https:\/\/www.europesays.com\/fr\/579253\/","title":{"rendered":"Municipales \u00e0 Rennes\u00a0: pourquoi La France Insoumise avance en ordre dispers\u00e9"},"content":{"rendered":"<p>\u00ab Nous sommes le premier mouvement de gauche et le plus grand mouvement populaire, il est temps qu\u2019on entende notre voix \u00e0 Rennes. \u00bb La d\u00e9put\u00e9e insoumise Marie Mesmeur a lanc\u00e9 sa campagne aux municipales le 20 novembre. Sans les autres forces de gauche, f\u00e9d\u00e9r\u00e9es par Nathalie App\u00e9r\u00e9 et avec un concurrent sur le segment : Ulysse Rabat\u00e9, pr\u00e9sident de l\u2019association Rennes commune et candidat d\u00e9\u00e7u aux investitures LFI.<\/p>\n<p>Pas de quoi d\u00e9friser Marie Mesmeur, qui assure qu\u2019elle pourra capitaliser sur son futur \u00ab programme de rupture \u00bb avec la majorit\u00e9 sortante et s\u2019appuyer sur son vivier de militants tr\u00e8s actif gr\u00e2ce, notamment, \u00e0 sa proximit\u00e9 avec les syndicats \u00e9tudiants.<\/p>\n<p>La part belle \u00e0 la jeunesse<\/p>\n<p>Restera \u00e0 la d\u00e9put\u00e9e \u00e0 se diff\u00e9rencier des propositions de d\u2019Ulysse Rabat\u00e9, dont l\u2019association Rennes commune lui permet d\u2019\u00eatre relay\u00e9 dans les quartiers populaires, terres \u00e9lectorales propices \u00e0 LFI.<\/p>\n<p>Les premi\u00e8res propositions des deux \u00e9curies se r\u00e9v\u00e8lent assez convergentes. Elles font notamment la part belle \u00e0 la jeunesse, aux quartiers et militent pour la gratuit\u00e9 des transports en commun (\u00ab universelle \u00bb pour Rabat\u00e9, \u00ab pour les moins de 26 ans \u00bb pour LFI). En 2020, la liste LFI men\u00e9e par Enora Le Pape et Jean-Paul Tual avait obtenu 7,53 % des suffrages (3 413 voix) au premier tour. Loin du score obtenu par Jean-Luc M\u00e9lenchon \u00e0 la pr\u00e9sidentielle de 2017 (25,86 %, soit 23 609 voix).<\/p>\n","protected":false},"excerpt":{"rendered":"\u00ab Nous sommes le premier mouvement de gauche et le plus grand mouvement populaire, il est temps qu\u2019on&hellip;\n","protected":false},"author":2,"featured_media":579254,"comment_status":"","ping_status":"","sticky":false,"template":"","format":"standard","meta":{"footnotes":""},"categories":[2821],"tags":[1111,11,829,1777,674,1011,27,848,26053,12,3364,584,25],"class_list":{"0":"post-579253","1":"post","2":"type-post","3":"status-publish","4":"format-standard","5":"has-post-thumbnail","7":"category-rennes","8":"tag-actu","9":"tag-actualites","10":"tag-bretagne","11":"tag-eu","12":"tag-europe","13":"tag-fr","14":"tag-france","15":"tag-ille-et-vilaine","16":"tag-municipales-2026-a-rennes","17":"tag-news","18":"tag-politique-a-rennes","19":"tag-rennes","20":"tag-republique-francaise"},"share_on_mastodon":{"url":"https:\/\/pubeurope.com\/@fr\/115665532642861016","error":""},"_links":{"self":[{"href":"https:\/\/www.europesays.com\/fr\/wp-json\/wp\/v2\/posts\/579253","targetHints":{"allow":["GET"]}}],"collection":[{"href":"https:\/\/www.europesays.com\/fr\/wp-json\/wp\/v2\/posts"}],"about":[{"href":"https:\/\/www.europesays.com\/fr\/wp-json\/wp\/v2\/types\/post"}],"author":[{"embeddable":true,"href":"https:\/\/www.europesays.com\/fr\/wp-json\/wp\/v2\/users\/2"}],"replies":[{"embeddable":true,"href":"https:\/\/www.europesays.com\/fr\/wp-json\/wp\/v2\/comments?post=579253"}],"version-history":[{"count":0,"href":"https:\/\/www.europesays.com\/fr\/wp-json\/wp\/v2\/posts\/579253\/revisions"}],"wp:featuredmedia":[{"embeddable":true,"href":"https:\/\/www.europesays.com\/fr\/wp-json\/wp\/v2\/media\/579254"}],"wp:attachment":[{"href":"https:\/\/www.europesays.com\/fr\/wp-json\/wp\/v2\/media?parent=579253"}],"wp:term":[{"taxonomy":"category","embeddable":true,"href":"https:\/\/www.europesays.com\/fr\/wp-json\/wp\/v2\/categories?post=579253"},{"taxonomy":"post_tag","embeddable":true,"href":"https:\/\/www.europesays.com\/fr\/wp-json\/wp\/v2\/tags?post=579253"}],"curies":[{"name":"wp","href":"https:\/\/api.w.org\/{rel}","templated":true}]}}