{"id":579257,"date":"2025-12-05T06:27:16","date_gmt":"2025-12-05T06:27:16","guid":{"rendered":"https:\/\/www.europesays.com\/fr\/579257\/"},"modified":"2025-12-05T06:27:16","modified_gmt":"2025-12-05T06:27:16","slug":"strasbourg-apres-des-mesures-de-stationnement-le-restaurant-le-cep-de-vigne-ferme-definitivement","status":"publish","type":"post","link":"https:\/\/www.europesays.com\/fr\/579257\/","title":{"rendered":"Strasbourg. Apr\u00e8s des mesures de stationnement, le restaurant \u201cLe Cep de Vigne\u201d ferme d\u00e9finitivement"},"content":{"rendered":"<p>\u00ab\u00a0Un restaurant peut mourir si sa client\u00e8le est emp\u00each\u00e9e d\u2019y venir. Le Cep de Vigne en fait l\u2019am\u00e8re exp\u00e9rience\u00a0\u00bb, d\u00e9plore Jean-Philippe Maurer, vice-pr\u00e9sident de la CEA et conseiller municipal, dans un communiqu\u00e9 du 3\u00a0d\u00e9cembre. La veille, les g\u00e9rants de l\u2019institution de Neudorf ont en effet annonc\u00e9 sur les r\u00e9seaux sociaux la fermeture de leur \u00e9tablissement, ouvert depuis 1980 au 9, rue de la Musau.<\/p>\n<p>\u00ab\u00a0Aujourd\u2019hui, cette institution familiale s\u2019\u00e9teint. Et c\u2019est avec une&#8230;<\/p>\n","protected":false},"excerpt":{"rendered":"\u00ab\u00a0Un restaurant peut mourir si sa client\u00e8le est emp\u00each\u00e9e d\u2019y venir. Le Cep de Vigne en fait l\u2019am\u00e8re&hellip;\n","protected":false},"author":2,"featured_media":579258,"comment_status":"","ping_status":"","sticky":false,"template":"","format":"standard","meta":{"footnotes":""},"categories":[2820],"tags":[1111,11,4406,33,2880,1777,674,107,1011,27,775,12,316,25,640,2879],"class_list":{"0":"post-579257","1":"post","2":"type-post","3":"status-publish","4":"format-standard","5":"has-post-thumbnail","7":"category-strasbourg","8":"tag-actu","9":"tag-actualites","10":"tag-commerce-et-services","11":"tag-economie","12":"tag-edition-strasbourg","13":"tag-eu","14":"tag-europe","15":"tag-fil-info","16":"tag-fr","17":"tag-france","18":"tag-grand-est","19":"tag-news","20":"tag-politique","21":"tag-republique-francaise","22":"tag-strasbourg","23":"tag-strasbourg-ville"},"share_on_mastodon":{"url":"https:\/\/pubeurope.com\/@fr\/115665544448659924","error":""},"_links":{"self":[{"href":"https:\/\/www.europesays.com\/fr\/wp-json\/wp\/v2\/posts\/579257","targetHints":{"allow":["GET"]}}],"collection":[{"href":"https:\/\/www.europesays.com\/fr\/wp-json\/wp\/v2\/posts"}],"about":[{"href":"https:\/\/www.europesays.com\/fr\/wp-json\/wp\/v2\/types\/post"}],"author":[{"embeddable":true,"href":"https:\/\/www.europesays.com\/fr\/wp-json\/wp\/v2\/users\/2"}],"replies":[{"embeddable":true,"href":"https:\/\/www.europesays.com\/fr\/wp-json\/wp\/v2\/comments?post=579257"}],"version-history":[{"count":0,"href":"https:\/\/www.europesays.com\/fr\/wp-json\/wp\/v2\/posts\/579257\/revisions"}],"wp:featuredmedia":[{"embeddable":true,"href":"https:\/\/www.europesays.com\/fr\/wp-json\/wp\/v2\/media\/579258"}],"wp:attachment":[{"href":"https:\/\/www.europesays.com\/fr\/wp-json\/wp\/v2\/media?parent=579257"}],"wp:term":[{"taxonomy":"category","embeddable":true,"href":"https:\/\/www.europesays.com\/fr\/wp-json\/wp\/v2\/categories?post=579257"},{"taxonomy":"post_tag","embeddable":true,"href":"https:\/\/www.europesays.com\/fr\/wp-json\/wp\/v2\/tags?post=579257"}],"curies":[{"name":"wp","href":"https:\/\/api.w.org\/{rel}","templated":true}]}}