{"id":57926,"date":"2025-04-27T23:31:12","date_gmt":"2025-04-27T23:31:12","guid":{"rendered":"https:\/\/www.europesays.com\/fr\/57926\/"},"modified":"2025-04-27T23:31:12","modified_gmt":"2025-04-27T23:31:12","slug":"souvenir-patrick-metz-et-2-les-reactions-actualite","status":"publish","type":"post","link":"https:\/\/www.europesays.com\/fr\/57926\/","title":{"rendered":"Souvenir Patrick-Metz &#8211; Et. 2 : Les r\u00e9actions &#8211; Actualit\u00e9"},"content":{"rendered":"<p style=\"text-align: justify;\">Jo\u00ebl Plamondon (Team Marni-N&rsquo;side) a remport\u00e9 en solitaire, ce dimanche, la seconde \u00e9tape du Souvenir Patrick-Metz (Coupe de France N2), disput\u00e9e autour de Schwenheim (Bas-Rhin) sur une distance de 159 kilom\u00e8tres. Il a devanc\u00e9 Nathan Vandepitte (Top 16 Cyclisme) et Mathias Piron (CR4C Roanne).<br \/>Artus Jaladeau (GSC Blagnac VS 31) remporte le g\u00e9n\u00e9ral de cette deuxi\u00e8me \u00e9dition et succ\u00e8de au palmar\u00e8s \u00e0 Noah B\u00f6gli (<strong><a href=\"https:\/\/www.directvelo.com\/actualite\/120156\/souvenir-patrick-metz-et-2-classements\" target=\"_blank\" rel=\"noopener\">voir classements<\/a><\/strong>).<\/p>\n<p>Retrouvez ci-dessous les r\u00e9actions recueillies par DirectVelo.<\/p>\n<p>\n    R\u00e9actions<\/p>\n<p class=\"reactions-nav-title\">Aller \u00e0 la r\u00e9action de :<\/p>\n<p>                    <img decoding=\"async\" src=\"https:\/\/www.europesays.com\/fr\/wp-content\/uploads\/2025\/04\/67d44d52ea1b7.jpg\" height=\"auto\" loading=\"lazy\"\/><\/p>\n<p>                            Portrait de Artus JALADEAU<\/p>\n<p class=\"reaction-caption\">Vainqueur du Souvenir Patrick-Metz<\/p>\n<blockquote class=\"reaction-quote\">\n<p class=\"reaction-content\">\u00ab La course s\u2019est plut\u00f4t pas mal pass\u00e9e. L&rsquo;id\u00e9e, c&rsquo;\u00e9tait de courir normalement et de prendre les coups. Il fallait \u00e0 tout prix qu&rsquo;on ait un coureur devant, notamment si Cholet partait. On a vite vu que c&rsquo;\u00e9tait tr\u00e8s compliqu\u00e9 de sortir. On a couru correctement. Je pense qu&rsquo;on \u00e9tait bien \u00e0 l&rsquo;aff\u00fbt. Ce n\u2019est jamais vraiment sorti et on a contr\u00f4l\u00e9 tranquillement dans le dernier tour. On n&rsquo;a jamais \u00e9t\u00e9 affol\u00e9.<\/p>\n<p>L&rsquo;id\u00e9e, c&rsquo;\u00e9tait juste de conserver les places au g\u00e9n\u00e9ral. Sachant qu&rsquo;on \u00e9tait 1er, 2e et 8e. Alex Job avait pris des bonifications pendant l&rsquo;\u00e9tape. Pour nous, c&rsquo;\u00e9tait parfait, \u00e7a pouvait aller au bout. Il n&rsquo;y avait pas de danger. On aurait pu tenter un peu plus, mais il ne fallait pas prendre de risques. Personne ne voulait vraiment arriver au sprint. J&rsquo;ai l&rsquo;impression que c&rsquo;\u00e9tait assez particulier. C&rsquo;est une bonne journ\u00e9e. On n&rsquo;a pas \u00e9t\u00e9 inqui\u00e9t\u00e9s, donc c&rsquo;est bien. C&rsquo;est un bon week-end. On a pris beaucoup de points \u00bb.<\/p>\n<p>                    A. JALADEAU\n                <\/p><\/blockquote>\n<p>                    <img decoding=\"async\" src=\"https:\/\/www.europesays.com\/fr\/wp-content\/uploads\/2025\/04\/600420ebb7db3.jpg\" height=\"auto\" loading=\"lazy\"\/><\/p>\n<p>                            Portrait de Marinus PETERSEN<\/p>\n<p class=\"reaction-caption\">9e de l&rsquo;\u00e9tape &#8211; Echapp\u00e9<\/p>\n<blockquote class=\"reaction-quote\">\n<p class=\"reaction-content\">\u00ab Au d\u00e9but, je ne suis pas tr\u00e8s bien plac\u00e9 dans le peloton, donc j\u2019ai trouv\u00e9 le premier tour tr\u00e8s dur. Au fur et \u00e0 mesure de chaque tour, je trouvais le parcours de plus en plus facile. J\u2019ai une tr\u00e8s bonne endurance. Je me suis bien hydrat\u00e9 pendant la course. Chaque tour, j&rsquo;\u00e9tais mieux plac\u00e9. \u00c0 un moment, j\u2019\u00e9tais bien plac\u00e9 et je me suis dit qu\u2019il fallait que j\u2019en profite. J\u2019avais de bonnes jambes donc je suis sorti, j&rsquo;ai vu qu&rsquo;il y avait un mec juste devant. Je l\u2019ai rattrap\u00e9 puis nous avons tr\u00e8s bien travaill\u00e9 ensemble pendant 60 kilom\u00e8tres.<\/p>\n<p>Quand (Jo\u00ebl) Plamondon nous a rattrap\u00e9s, il a tout de suite attaqu\u00e9. J&rsquo;ai essay\u00e9 de rester dans sa roue. J&rsquo;ai regard\u00e9 derri\u00e8re, et l&rsquo;autre mec qui \u00e9tait avec moi \u00e9tait distanc\u00e9. J&rsquo;ai essay\u00e9 de rattraper Plamondon, mais apr\u00e8s 60 kilom\u00e8tres tout seul, je n&rsquo;avais pas les jambes. J&rsquo;ai essay\u00e9 de conserver la 2e place, mais j\u2019ai \u00e9t\u00e9 rattrap\u00e9 par un groupe \u00e0 2 kilom\u00e8tres de l\u2019arriv\u00e9e. Je suis juste rest\u00e9 dans les roues. \u00c0 la fin, mon sprint n&rsquo;\u00e9tait pas bon. C&rsquo;est dommage parce que je ne peux pas faire de podium, mais c&rsquo;est mon meilleur r\u00e9sultat en France.<\/p>\n<p>Je continue d&rsquo;apprendre. J&rsquo;ai une entreprise de coaching, donc mon int\u00e9r\u00eat, c&rsquo;est que j&rsquo;apprenne les comp\u00e9tences gr\u00e2ce \u00e0 mes r\u00e9sultats. Je garde mon ambition d&rsquo;\u00eatre professionnel un jour. Je regarde comment je peux m&rsquo;am\u00e9liorer. Il faut que je prenne mieux les virages pour avoir un meilleur placement dans le peloton. Chaque jour, je r\u00e9fl\u00e9chis \u00e0 comment je peux am\u00e9liorer mes comp\u00e9tences \u00bb.<\/p>\n<p>                    M. PETERSEN\n                <\/p><\/blockquote>\n<p>                    <img decoding=\"async\" src=\"https:\/\/www.europesays.com\/fr\/wp-content\/uploads\/2025\/04\/default.png\" height=\"auto\" loading=\"lazy\"\/><\/p>\n<p>                            Portrait de Th\u00e9o THOMASSIN<\/p>\n<p class=\"reaction-caption\">Echapp\u00e9<\/p>\n<blockquote class=\"reaction-quote\">\n<p class=\"reaction-content\">\u00ab On voulait essayer d&rsquo;\u00eatre offensifs. On avait dit qu&rsquo;il fallait qu&rsquo;on provoque dans le dernier tour. \u00c0 un moment, j&rsquo;ai vu une opportunit\u00e9, il y avait Marni-N\u2019side et Cholet qui roulaient. Ils se sont arr\u00eat\u00e9s et j&rsquo;en ai profit\u00e9 pour attaquer. Je me suis fait reprendre par un coureur (Marinus Petersen) et on a fait presque 60 bornes \u00e0 deux. On s&rsquo;est super bien entendu. J&rsquo;ai vu que le peloton \u00e9tait \u00e0 une minute et qu&rsquo;il nous restait 40 bornes. L\u2019\u00e9cart se stabilisait. Je me suis dit qu&rsquo;on pouvait aller au bout si \u00e7a se regardait, mais le gars de N\u2019Side \u00e9tait vraiment fort.<\/p>\n<p>\u00c0 la fin, il y a un gars de N\u2019side qui nous a repris dans la derni\u00e8re bosse. J&rsquo;\u00e9tais totalement cuit et je n&rsquo;ai pas r\u00e9ussi \u00e0 suivre. Petersen a r\u00e9ussi \u00e0 suivre, c&rsquo;est tr\u00e8s costaud, il fait 9e de l&rsquo;\u00e9tape. J&rsquo;aurais bien aim\u00e9 continuer parce que si on arrivait \u00e0 choper sa roue, on aurait pu arriver pour la gagne, mais je n\u2019avais plus rien. Pas de regrets, j&rsquo;ai fait tout ce que je pouvais faire \u00bb.<\/p>\n<p>                    T. THOMASSIN\n                <\/p><\/blockquote>\n","protected":false},"excerpt":{"rendered":"Jo\u00ebl Plamondon (Team Marni-N&rsquo;side) a remport\u00e9 en solitaire, ce dimanche, la seconde \u00e9tape du Souvenir Patrick-Metz (Coupe de&hellip;\n","protected":false},"author":2,"featured_media":57927,"comment_status":"","ping_status":"","sticky":false,"template":"","format":"standard","meta":{"footnotes":""},"categories":[1411],"tags":[834,828,836,829,837,827,83,826,824,823,1154,207,814,817,815,816,822,821,832,211,839,1011,27,820,818,819,835,831,830,833,838,60,212,208,825],"class_list":{"0":"post-57926","1":"post","2":"type-post","3":"status-publish","4":"format-standard","5":"has-post-thumbnail","7":"category-cyclisme","8":"tag-attaque","9":"tag-belgique","10":"tag-braquet","11":"tag-bretagne","12":"tag-chute","13":"tag-competition","14":"tag-coupe-de-france","15":"tag-coureur","16":"tag-course-cyclisme","17":"tag-course-cycliste","18":"tag-cycling","19":"tag-cyclisme","20":"tag-direct","21":"tag-direct-velo","22":"tag-directvelo","23":"tag-directvelo-com","24":"tag-epreuve","25":"tag-epreuve-cycliste","26":"tag-federation-francaise-de-cyclisme","27":"tag-ffc","28":"tag-flandres","29":"tag-fr","30":"tag-france","31":"tag-live","32":"tag-live-course","33":"tag-live-epreuve","34":"tag-peloton","35":"tag-radio-peloton","36":"tag-radio-tour","37":"tag-ravitaillement","38":"tag-relance","39":"tag-sports","40":"tag-uci","41":"tag-velo","42":"tag-velos"},"share_on_mastodon":{"url":"https:\/\/pubeurope.com\/@fr\/114412538098180978","error":""},"_links":{"self":[{"href":"https:\/\/www.europesays.com\/fr\/wp-json\/wp\/v2\/posts\/57926","targetHints":{"allow":["GET"]}}],"collection":[{"href":"https:\/\/www.europesays.com\/fr\/wp-json\/wp\/v2\/posts"}],"about":[{"href":"https:\/\/www.europesays.com\/fr\/wp-json\/wp\/v2\/types\/post"}],"author":[{"embeddable":true,"href":"https:\/\/www.europesays.com\/fr\/wp-json\/wp\/v2\/users\/2"}],"replies":[{"embeddable":true,"href":"https:\/\/www.europesays.com\/fr\/wp-json\/wp\/v2\/comments?post=57926"}],"version-history":[{"count":0,"href":"https:\/\/www.europesays.com\/fr\/wp-json\/wp\/v2\/posts\/57926\/revisions"}],"wp:featuredmedia":[{"embeddable":true,"href":"https:\/\/www.europesays.com\/fr\/wp-json\/wp\/v2\/media\/57927"}],"wp:attachment":[{"href":"https:\/\/www.europesays.com\/fr\/wp-json\/wp\/v2\/media?parent=57926"}],"wp:term":[{"taxonomy":"category","embeddable":true,"href":"https:\/\/www.europesays.com\/fr\/wp-json\/wp\/v2\/categories?post=57926"},{"taxonomy":"post_tag","embeddable":true,"href":"https:\/\/www.europesays.com\/fr\/wp-json\/wp\/v2\/tags?post=57926"}],"curies":[{"name":"wp","href":"https:\/\/api.w.org\/{rel}","templated":true}]}}