{"id":579265,"date":"2025-12-05T06:33:37","date_gmt":"2025-12-05T06:33:37","guid":{"rendered":"https:\/\/www.europesays.com\/fr\/579265\/"},"modified":"2025-12-05T06:33:37","modified_gmt":"2025-12-05T06:33:37","slug":"la-renovation-de-laeroport-nantes-atlantique-senlise","status":"publish","type":"post","link":"https:\/\/www.europesays.com\/fr\/579265\/","title":{"rendered":"La r\u00e9novation de l\u2019a\u00e9roport Nantes-Atlantique s&rsquo;enlise"},"content":{"rendered":"<p class=\"single__lede\"><b>La Cour des comptes vient de publier un rapport, \u00e9voquant \u00e0 demi-mots la n\u00e9cessit\u00e9 de limiter le trafic de l&rsquo;a\u00e9roport. Les magistrats chargent aussi les \u00e9lus de Nantes M\u00e9tropole, accus\u00e9s d&rsquo;avoir soutenu l&rsquo;allongement de la piste pour prot\u00e9ger des projets d&rsquo;urbanisme, entra\u00eenant un retard de \u00ab plusieurs ann\u00e9es pour le territoire \u00bb.<\/b><\/p>\n<p>\t\t<img width=\"1200\" height=\"800\" src=\"https:\/\/www.europesays.com\/fr\/wp-content\/uploads\/2025\/12\/Low-resolution-file-VINCIAIRPORT_NANTES_H.BRUNNER_CAPA_HD_4.jpg\" class=\"position-center wp-post-image\" alt=\"\" decoding=\"async\" fetchpriority=\"high\"  \/>\t\t\t\t\tPassagers qui entrent dans le hall 1 de l&rsquo;a\u00e9roport Nantes-Atlantique. Photo : Vinci Airports<\/p>\n<p>143 millions d\u2019euros\u2026 C\u2019est le montant de la tr\u00e9sorerie accumul\u00e9e par A\u00e9roports du Grand Ouest (AGO), filiale de Vinci Airports qui exploite l\u2019a\u00e9roport de Nantes\u2010Atlantique depuis 2010. Ce chiffre, qui confirme les informations de Mediacit\u00e9s <a href=\"https:\/\/www.mediacites.fr\/enquete\/nantes\/2023\/11\/23\/reamenagement-de-laeroport-nantes-atlantique-les-omissions-du-ministre-des-transports\/\" target=\"_blank\" rel=\"noopener\">datant de d\u00e9cembre 2023<\/a>, est mentionn\u00e9 dans le rapport de la Cour des comptes sur l\u2019a\u00e9roport nantais, <a href=\"https:\/\/www.ccomptes.fr\/fr\/publications\/laeroport-de-nantes-atlantique-et-les-mesures-prises-suite-labandon-du-projet\" target=\"_blank\" rel=\"noopener\">publi\u00e9 ce 27 novembre<\/a>. Ce montant a notamment \u00e9t\u00e9 atteint gr\u00e2ce \u00e0 la redevance qu\u2019AGO aurait d\u00fb reverser \u00e0 l\u2019\u00c9tat dans le cadre du contrat de concession de Notre\u2010Dame\u2010des\u2010Landes gel\u00e9 par l\u2019abandon du projet \u2013 ce que les actionnaires contestent <a href=\"https:\/\/www.mediacites.fr\/breve\/nantes\/2025\/12\/04\/notre-dame-des-landes-les-actionnaires-deboutes-dans-la-seconde-procedure\/\" target=\"_blank\" rel=\"noopener\">en vain, pour le moment<\/a>.\u00a0<\/p>\n<p>Alors que les contentieux judiciaires n\u2019en finissent plus et que le nouveau contrat de concession est d\u00e9sormais annonc\u00e9 pour d\u00e9but 2027, la Cour des comptes remet quelques pendules \u00e0 l\u2019heure, \u00e0 mots couverts ou parfois de fa\u00e7on tr\u00e8s explicite. Les magistrats accusent singuli\u00e8rement les \u00e9lus de Nantes M\u00e9tropole d\u2019avoir \u00ab\u202fcontribu\u00e9 \u00e0 fragiliser\u202f\u00bb la premi\u00e8re proc\u00e9dure d\u2019appel d\u2019offres de la concession de Nantes\u2010Atlantique en soutenant l\u2019option d\u2019un allongement de la piste, <a href=\"https:\/\/www.mediacites.fr\/enquete\/nantes\/2023\/11\/23\/reamenagement-de-laeroport-nantes-atlantique-les-omissions-du-ministre-des-transports\/\" target=\"_blank\" rel=\"noopener\">finalement abandonn\u00e9e en\u00a02023.<\/a><\/p>\n<p>Nous vous offrons l\u2019acc\u00e8s \u00e0 cet article<\/p>\n<p>Et \u00e0 toutes nos enqu\u00eates pendant deux jours\u00a0\u00a0! <br \/>Oui, on est g\u00e9n\u00e9reux \ud83d\ude09 Mais pensez aussi \u00e0 <a href=\"https:\/\/www.mediacites.fr\/sabonner\/\" target=\"_blank\" style=\"color:#fff\" rel=\"noopener\">vous abonner<\/a>\u00a0\u00a0!<\/p>\n<p>\t\tEn renseignant votre adresse, vous acceptez nos <a href=\"https:\/\/www.mediacites.fr\/conditions-generales-d-utilisation\/\" target=\"_blank\" rel=\"noopener\">conditions g\u00e9n\u00e9rales d\u2019utilisation<\/a>. <br \/>Mediacit\u00e9s s\u2019engage \u00e0 ne pas c\u00e9der votre adresse \u00e0 des tiers. En cas d\u2019\u00e9chec, \u00e9crivez \u00e0 <a href=\"https:\/\/www.mediacites.fr\/complement-denquete\/nantes\/2025\/12\/04\/trafic-appel-doffres-cagnotte-la-renovation-de-laeroport-nantes-atlantique-senlise\/mailto:contact@mediacites.fr\" target=\"_blank\" rel=\"noopener\">contact@mediacites.fr<\/a><\/p>\n<ul>\n<li>J\u2019acc\u00e8de aux 4 \u00e9ditions de Mediacit\u00e9s (Lille, Lyon, Nantes et Toulouse)<\/li>\n<li>Je d\u00e9couvre un m\u00e9dia 100 % ind\u00e9pendant, avec 0 % de publicit\u00e9<\/li>\n<\/ul>\n<p>Envie de lire la\u00a0suite\u202f?<\/p>\n<p>Depuis neuf ans, Mediacit\u00e9s enqu\u00eate en toute ind\u00e9pendance dans votre ville. Gr\u00e2ce \u00e0 ses lecteurs\u202f! Abonnez\u2010vous pour ne rien manquer de nos enqu\u00eates, suivre les \u00e9lections municipales et soutenir un journal local d\u2019investigation.<\/p>\n<ul>\n<li>Acc\u00e8s aux 4 \u00e9ditions de Mediacit\u00e9s (Lille, Lyon, Nantes et Toulouse)<\/li>\n<li>100 % ind\u00e9pendant, avec 0 % de publicit\u00e9<\/li>\n<li>R\u00e9siliation facile \u00e0 tout moment<\/li>\n<\/ul>\n<p>Mediacit\u00e9s offre l\u2019acc\u00e8s \u00e0 cet article aux lecteurs de News2Com<\/p>\n<p>Et \u00e0 toutes nos enqu\u00eates pendant deux jours\u00a0\u00a0! <br \/>Oui, on est g\u00e9n\u00e9reux \ud83d\ude09 Mais pensez aussi \u00e0 <a href=\"https:\/\/www.mediacites.fr\/sabonner\/\" target=\"_blank\" style=\"color:#fff\" rel=\"noopener\">vous abonner<\/a>\u00a0\u00a0!<\/p>\n<p>\t\tEn renseignant votre adresse, vous acceptez nos <a href=\"https:\/\/www.mediacites.fr\/conditions-generales-d-utilisation\/\" target=\"_blank\" rel=\"noopener\">conditions g\u00e9n\u00e9rales d\u2019utilisation<\/a>. <br \/>Mediacit\u00e9s s\u2019engage \u00e0 ne pas c\u00e9der votre adresse \u00e0 des tiers. En cas d\u2019\u00e9chec, \u00e9crivez \u00e0 <a href=\"https:\/\/www.mediacites.fr\/complement-denquete\/nantes\/2025\/12\/04\/trafic-appel-doffres-cagnotte-la-renovation-de-laeroport-nantes-atlantique-senlise\/mailto:contact@mediacites.fr\" target=\"_blank\" rel=\"noopener\">contact@mediacites.fr<\/a><\/p>\n<ul>\n<li>J\u2019acc\u00e8de aux 4 \u00e9ditions de Mediacit\u00e9s (Lille, Lyon, Nantes et Toulouse)<\/li>\n<li>Je d\u00e9couvre un m\u00e9dia 100 % ind\u00e9pendant, avec 0 % de publicit\u00e9<\/li>\n<\/ul>\n<p>\tD\u00e9couvrez aussi <strong>nos derni\u00e8res enqu\u00eates<\/strong><\/p>\n","protected":false},"excerpt":{"rendered":"La Cour des comptes vient de publier un rapport, \u00e9voquant \u00e0 demi-mots la n\u00e9cessit\u00e9 de limiter le trafic&hellip;\n","protected":false},"author":2,"featured_media":579266,"comment_status":"","ping_status":"","sticky":false,"template":"","format":"standard","meta":{"footnotes":""},"categories":[2818],"tags":[1111,11,663,69146,69147,69148,28240,1777,674,1011,27,69345,6945,766,12,13273,2636,25,69346,6462],"class_list":{"0":"post-579265","1":"post","2":"type-post","3":"status-publish","4":"format-standard","5":"has-post-thumbnail","7":"category-nantes","8":"tag-actu","9":"tag-actualites","10":"tag-aeroport","11":"tag-aeroport-nantes-atlantique","12":"tag-ago","13":"tag-cci-nantes-saint-nazaire","14":"tag-complement-denquete","15":"tag-eu","16":"tag-europe","17":"tag-fr","18":"tag-france","19":"tag-jean-claude-lemasson","20":"tag-johanna-rolland","21":"tag-nantes","22":"tag-news","23":"tag-notre-dame-des-landes","24":"tag-pays-de-la-loire","25":"tag-republique-francaise","26":"tag-ronan-dantec","27":"tag-vinci"},"share_on_mastodon":{"url":"https:\/\/pubeurope.com\/@fr\/115665568886364638","error":""},"_links":{"self":[{"href":"https:\/\/www.europesays.com\/fr\/wp-json\/wp\/v2\/posts\/579265","targetHints":{"allow":["GET"]}}],"collection":[{"href":"https:\/\/www.europesays.com\/fr\/wp-json\/wp\/v2\/posts"}],"about":[{"href":"https:\/\/www.europesays.com\/fr\/wp-json\/wp\/v2\/types\/post"}],"author":[{"embeddable":true,"href":"https:\/\/www.europesays.com\/fr\/wp-json\/wp\/v2\/users\/2"}],"replies":[{"embeddable":true,"href":"https:\/\/www.europesays.com\/fr\/wp-json\/wp\/v2\/comments?post=579265"}],"version-history":[{"count":0,"href":"https:\/\/www.europesays.com\/fr\/wp-json\/wp\/v2\/posts\/579265\/revisions"}],"wp:featuredmedia":[{"embeddable":true,"href":"https:\/\/www.europesays.com\/fr\/wp-json\/wp\/v2\/media\/579266"}],"wp:attachment":[{"href":"https:\/\/www.europesays.com\/fr\/wp-json\/wp\/v2\/media?parent=579265"}],"wp:term":[{"taxonomy":"category","embeddable":true,"href":"https:\/\/www.europesays.com\/fr\/wp-json\/wp\/v2\/categories?post=579265"},{"taxonomy":"post_tag","embeddable":true,"href":"https:\/\/www.europesays.com\/fr\/wp-json\/wp\/v2\/tags?post=579265"}],"curies":[{"name":"wp","href":"https:\/\/api.w.org\/{rel}","templated":true}]}}