{"id":579273,"date":"2025-12-05T06:37:14","date_gmt":"2025-12-05T06:37:14","guid":{"rendered":"https:\/\/www.europesays.com\/fr\/579273\/"},"modified":"2025-12-05T06:37:14","modified_gmt":"2025-12-05T06:37:14","slug":"toulouse-en-travaux-cet-ancien-couvent-ecrit-une-nouvelle-page-de-son-histoire","status":"publish","type":"post","link":"https:\/\/www.europesays.com\/fr\/579273\/","title":{"rendered":"Toulouse. En travaux, cet ancien couvent \u00e9crit une nouvelle page de son histoire"},"content":{"rendered":"<p>                    Par<br \/>\n        <strong><br \/>\n            <a href=\"https:\/\/actu.fr\/auteur\/marie-lamarque\" title=\"Consulter tous les articles de Marie Lamarque\" target=\"_blank\" rel=\"noopener\">Marie Lamarque<\/a><br \/>\n                    <\/strong><\/p>\n<p>        Publi\u00e9 le<\/p>\n<p>            5 d\u00e9c. 2025 \u00e0 7h12        <\/p>\n<p>\u00ab\u00a0Les Franciscains \u2013 Passage priv\u00e9\u00a0\u00bb. Le petit panneau qui marquait l\u2019entr\u00e9e du couvent de l\u2019ordre de Saint-Fran\u00e7ois dans la rue Adolphe-Coll <a href=\"https:\/\/actu.fr\/toulouse\/\" target=\"_blank\" rel=\"noopener\">\u00e0 Toulouse<\/a> n\u2019est plus. \u00c0 la place, une grande pancarte tagu\u00e9e informe sur les travaux en cours. Le site La Colline, dans le quartier Patte d\u2019oie, est<strong> restructur\u00e9<\/strong>. L\u2019ancien couvent des Franciscains, ferm\u00e9 en 2020, \u00e9tait devenu un<strong> centre d\u2019h\u00e9bergement provisoire<\/strong> pour les personnes en situation pr\u00e9caire, d\u2019exclusion ou de handicap. Propri\u00e9t\u00e9 de Cit\u00e9s Caritas, une association filiale du Secours catholique, ce b\u00e2timent s\u2019appr\u00eate \u00e0 \u00e9crire une nouvelle page de son histoire.<\/p>\n<p>Un peu d\u2019histoire<\/p>\n<p class=\" wall-content\"><strong>Les Franciscains ont occup\u00e9 durant 95 ans le quartier Patte d\u2019oie<\/strong> avant de quitter le couvent en juin 2020, retra\u00e7ait <a href=\"https:\/\/franciscains.fr\/wp-content\/uploads\/2023\/08\/revueen-freres-5-mars-avril-mail-2020.pdf\" target=\"_blank\" rel=\"noopener\">la revue En fr\u00e8res<\/a>. En 1925, ils ach\u00e8tent le terrain qui fait lien entre l\u2019avenue de la Patte d\u2019oie (future avenue Etienne-Billi\u00e8res) et la rue Adolphe-Coll. Le couvent y accueille 50 fr\u00e8res.<\/p>\n<p>    <a href=\"https:\/\/www.google.com\/maps\/embed?pb=!1m18!1m12!1m3!1d1444.7416780175927!2d1.4259762427774623!3d43.596476578772325!2m3!1f0!2f0!3f0!3m2!1i1024!2i768!4f13.1!3m3!1m2!1s0x12aebb72f1a13cd3%3A0xd7973affa5d5f6fe!2s27%20Rue%20Adolphe%20Coll%2C%2031300%20Toulouse!5e0!3m2!1sfr!2sfr!4v1764860718156!5m2!1sfr!2sfr\" title=\"Ouvrie le lien\" target=\"_blank\" rel=\"noopener\">Cliquez ici pour visualiser le contenu<\/a><\/p>\n<p class=\" wall-content\">Dans les ann\u00e9es 50-60, <strong>une partie du couvent sert \u00e0 loger des \u00e9tudiants<\/strong>, principalement \u00e9trangers, qui ne trouvaient pas de place dans le centre de Toulouse. Dans la crypte de la chapelle, <strong>un centre d\u2019accueil ouvert aux sans-abri<\/strong> et aux personnes en difficult\u00e9.<\/p>\n<p>Le couvent vendu en 2020<\/p>\n<p class=\" wall-content\">En 1966, une premi\u00e8re transformation s\u2019op\u00e8re. Le couvent historique est d\u00e9truit pour laisser place \u00e0 une r\u00e9sidence. Le nouveau couvent est am\u00e9nag\u00e9 du c\u00f4t\u00e9 de la rue Adolphe-Coll. Les fr\u00e8res s\u2019y installent d\u00e8s 1974.<\/p>\n<p>    <img   decoding=\"async\" loading=\"lazy\" src=\"https:\/\/www.europesays.com\/fr\/wp-content\/uploads\/2025\/12\/travaux-toulouse-adolphe-coll-960x640.png\" alt=\"\u00c0 droite, en arri\u00e8re-plan, les r\u00e9sidences qui ont \u00e9t\u00e9 construites pr\u00e8s du couvent.\" width=\"960\" height=\"640\"\/><br \/>\n    \u00c0 droite, en arri\u00e8re-plan, les r\u00e9sidences qui ont \u00e9t\u00e9 construites pr\u00e8s du couvent. (\u00a9Marie Lamarque \/ Actu Toulouse)<\/p>\n<p class=\" wall-content\"><strong>La crise des vocations se renfor\u00e7ant<\/strong> au fil des ann\u00e9es, le site finit par fermer ses portes en 2020. Il est c\u00e9d\u00e9, dans sa totalit\u00e9, \u00e0 Cit\u00e9s Caritas. \u00ab\u00a0Les Franciscains nous ont choisis parce qu\u2019ils voulaient que le lieu ait une finalit\u00e9 sociale et s\u2019inscrive dans la continuit\u00e9 de son histoire, au service des personnes \u00e0 la rue\u00a0\u00bb, explique <strong>Philippe Gibaud<\/strong>, directeur r\u00e9gional de Cit\u00e9s Caritas.<\/p>\n<p>Votre r\u00e9gion, votre actu !<\/p>\n<p>Recevez chaque jour les infos qui comptent pour vous.<\/p>\n<p>\t<a href=\"https:\/\/actu.fr\/newsletter\" class=\"ac-btn ac-btn--corner ac-btn--medium ac-btn--blue800\" target=\"_blank\" rel=\"noopener\">S&rsquo;incrire<\/a><br \/>\nPension de famille, r\u00e9sidence \u00e9tudiante\u2026<\/p>\n<p class=\" wall-content\">L\u2019association g\u00e9rant des \u00e9tablissements sociaux et m\u00e9dico-sociaux, elle d\u00e9cide de faire du couvent des Franciscains<strong> un centre d\u2019h\u00e9bergement provisoire<\/strong>, baptis\u00e9 La Colline, et dot\u00e9 de 42 places.<\/p>\n<p class=\" wall-content\">Le temps pour Cit\u00e9s Caritas de mettre en place un projet plus ambitieux : <strong>faire du lieu une pension de famille<\/strong> avec 27 logements \u00ab\u00a0de 20 \u00e0 24 m\u00b2, pour personnes isol\u00e9es qui rel\u00e8vent des minima sociaux, et qui seront accompagn\u00e9es par des travailleurs sociaux\u00a0\u00bb.<\/p>\n<p class=\" wall-content\">Le projet pr\u00e9voit aussi l\u2019am\u00e9nagement d\u2019une<strong> r\u00e9sidence sociale \u00e9tudiante<\/strong> avec une dizaine de logements et de l\u2019habitat inclusif pour des personnes atteintes de troubles psychiatriques et qui b\u00e9n\u00e9ficient de soins. \u00ab\u00a0Nous, nous serons l\u00e0 pour les s\u00e9curiser, nous serons attentifs \u00e0 leur suivi m\u00e9dical\u00a0\u00bb, d\u00e9taille Philippe Gibaud.<\/p>\n<p class=\" wall-content\">Les travaux autour de ce <strong>nouveau b\u00e2timent de 2 000 m\u00b2<\/strong>, et qui s\u2019\u00e9l\u00e8ve sur quatre niveaux, devraient se terminer fin 2026. 70 ans plus tard, il retrouvera le public que les Franciscains accueillaient d\u00e9j\u00e0.<\/p>\n<p class=\" wall-content\">Personnalisez votre actualit\u00e9 en ajoutant vos villes et m\u00e9dias en favori avec <a href=\"https:\/\/moncompte.actu.fr\" title=\"D\u00e9couvez Mon Actu\" rel=\"nofollow noopener\" data-trk=\"{&quot;cta&quot;:{&quot;action&quot;:&quot;https:\\\/\\\/moncompte.actu.fr&quot;,&quot;category&quot;:&quot;mon compte&quot;,&quot;from&quot;:&quot;article footer&quot;,&quot;name&quot;:&quot;Mon actu&quot;,&quot;type&quot;:&quot;cta&quot;}}\" target=\"_blank\">Mon Actu<\/a>.<\/p>\n","protected":false},"excerpt":{"rendered":"Par Marie Lamarque Publi\u00e9 le 5 d\u00e9c. 2025 \u00e0 7h12 \u00ab\u00a0Les Franciscains \u2013 Passage priv\u00e9\u00a0\u00bb. Le petit panneau&hellip;\n","protected":false},"author":2,"featured_media":579274,"comment_status":"","ping_status":"","sticky":false,"template":"","format":"standard","meta":{"footnotes":""},"categories":[2816],"tags":[1111,11,1777,674,1011,27,12,2680,4020,25,104,2312,2086],"class_list":{"0":"post-579273","1":"post","2":"type-post","3":"status-publish","4":"format-standard","5":"has-post-thumbnail","7":"category-toulouse","8":"tag-actu","9":"tag-actualites","10":"tag-eu","11":"tag-europe","12":"tag-fr","13":"tag-france","14":"tag-news","15":"tag-occitanie","16":"tag-religion","17":"tag-republique-francaise","18":"tag-societe","19":"tag-toulouse","20":"tag-travaux"},"share_on_mastodon":{"url":"https:\/\/pubeurope.com\/@fr\/115665584524130486","error":""},"_links":{"self":[{"href":"https:\/\/www.europesays.com\/fr\/wp-json\/wp\/v2\/posts\/579273","targetHints":{"allow":["GET"]}}],"collection":[{"href":"https:\/\/www.europesays.com\/fr\/wp-json\/wp\/v2\/posts"}],"about":[{"href":"https:\/\/www.europesays.com\/fr\/wp-json\/wp\/v2\/types\/post"}],"author":[{"embeddable":true,"href":"https:\/\/www.europesays.com\/fr\/wp-json\/wp\/v2\/users\/2"}],"replies":[{"embeddable":true,"href":"https:\/\/www.europesays.com\/fr\/wp-json\/wp\/v2\/comments?post=579273"}],"version-history":[{"count":0,"href":"https:\/\/www.europesays.com\/fr\/wp-json\/wp\/v2\/posts\/579273\/revisions"}],"wp:featuredmedia":[{"embeddable":true,"href":"https:\/\/www.europesays.com\/fr\/wp-json\/wp\/v2\/media\/579274"}],"wp:attachment":[{"href":"https:\/\/www.europesays.com\/fr\/wp-json\/wp\/v2\/media?parent=579273"}],"wp:term":[{"taxonomy":"category","embeddable":true,"href":"https:\/\/www.europesays.com\/fr\/wp-json\/wp\/v2\/categories?post=579273"},{"taxonomy":"post_tag","embeddable":true,"href":"https:\/\/www.europesays.com\/fr\/wp-json\/wp\/v2\/tags?post=579273"}],"curies":[{"name":"wp","href":"https:\/\/api.w.org\/{rel}","templated":true}]}}