{"id":579275,"date":"2025-12-05T06:38:18","date_gmt":"2025-12-05T06:38:18","guid":{"rendered":"https:\/\/www.europesays.com\/fr\/579275\/"},"modified":"2025-12-05T06:38:18","modified_gmt":"2025-12-05T06:38:18","slug":"pres-de-lille-tiphaine-et-cedric-redonnent-vie-a-cette-villa-art-deco-dexception","status":"publish","type":"post","link":"https:\/\/www.europesays.com\/fr\/579275\/","title":{"rendered":"Pr\u00e8s de Lille, Tiphaine et C\u00e9dric redonnent vie \u00e0 cette villa Art d\u00e9co d&rsquo;exception"},"content":{"rendered":"<p>                    Par<br \/>\n        <strong><br \/>\n            <a href=\"https:\/\/actu.fr\/auteur\/zoe-hondt\" title=\"Consulter tous les articles de Zoe Hondt\" target=\"_blank\" rel=\"noopener\">Zoe Hondt<\/a><br \/>\n                    <\/strong><\/p>\n<p>        Publi\u00e9 le<\/p>\n<p>            5 d\u00e9c. 2025 \u00e0 6h40        <\/p>\n<p>Haute en couleur. La <b>v<\/b><b>illa La Roseraie<\/b>, \u00e0 Enneti\u00e8res-en-Weppes pr\u00e8s de <a href=\"https:\/\/actu.fr\/lille\/\" target=\"_blank\" rel=\"noopener\">Lille<\/a> (Nord), se d\u00e9marque tant par son <b>architecture <\/b>que par sa <b>d\u00e9coration acidul\u00e9e<\/b>. Vestige du <b>style <a href=\"https:\/\/actu.fr\/hauts-de-france\/roubaix_59512\/roubaix-une-expo-remarquable-pour-celebrer-les-100-ans-de-lart-deco-au-musee-de-la-piscine_63364885.html\" target=\"_blank\" rel=\"noopener\">Art d\u00e9co<\/a> des ann\u00e9es 30<\/b>, Tiphaine et C\u00e9dric Richard en deviennent propri\u00e9taires pr\u00e8s d\u2019<b>un si\u00e8cle plus tard<\/b>. Apr\u00e8s cinq ans de r\u00e9novations, le couple a su \u00ab\u00a0redonner vie\u00a0\u00bb \u00e0 la b\u00e2tisse tout en gardant son esth\u00e9tique d\u2019origine. Un <b>m\u00e9lange d\u2019\u00e9poque et de modernit\u00e9<\/b> qui rend La Roseraie unique, \u00e0 tel point que la b\u00e2tisse a attir\u00e9 jusqu\u2019\u00e0 la t\u00e9l\u00e9vision. Le 29 novembre dernier, le couple a en effet pr\u00e9sent\u00e9 sa demeure d\u2019exception dans le magazine \u00ab\u00a0Int\u00e9rieurs\u00a0\u00bb, sur France 3.<\/p>\n<p>    <img   decoding=\"async\" loading=\"lazy\" class=\"size-large\" src=\"https:\/\/www.europesays.com\/fr\/wp-content\/uploads\/2025\/12\/1e17c9a2dd2960227c9a2dd29e527cv-960x640.jpg\" alt=\"Zo\u00e9 Hondt\" width=\"960\" height=\"640\"\/><br \/>\n    La Villa La Roseraie \u00e0 Enneti\u00e8res-en-Weppes (Nord), date des ann\u00e9es 30. Tiphaine et C\u00e9dric en sont propri\u00e9taires depuis 2020. \u00a9Zo\u00e9 Hondt\u00ab\u00a0On voulait apporter de la vie, sans d\u00e9naturer la villa\u00a0\u00bb<\/p>\n<p class=\" wall-content\">\u00ab\u00a0Un gros coup de chance !\u00a0\u00bb En 2020, <b>entre deux confinements<\/b>, Tiphaine et C\u00e9dric tombent sous le charme de cette villa des ann\u00e9es 30. C\u2019est le <b>coup de c\u0153ur<\/b>, mais probl\u00e8me : un couple s\u2019est d\u00e9j\u00e0 positionn\u00e9 sur la maison. Les chances sont minimes, pourtant Tiphaine et C\u00e9dric re\u00e7oivent un appel quelques semaines plus tard : \u00ab\u00a0La maison est \u00e0 vous, le couple s\u2019est d\u00e9sist\u00e9.\u00a0\u00bb La restauration d\u00e9bute, et il y a <b>presque tout \u00e0 faire<\/b>.<\/p>\n<p class=\" wall-content\">\u00ab\u00a0On a refait les 26 fen\u00eatres, la plomberie, l\u2019\u00e9lectricit\u00e9, le chauffage et l\u2019enduit de tous les murs. Dans certaines pi\u00e8ces, il y avait m\u00eame une m\u00e9rule : un champignon qui a attaqu\u00e9 toutes les boiseries\u00a0\u00bb, explique Tiphaine.<\/p>\n<p>    <img   decoding=\"async\" loading=\"lazy\" class=\"size-large\" src=\"https:\/\/www.europesays.com\/fr\/wp-content\/uploads\/2025\/12\/4762f600003963b62f60000391072fv-960x640.jpg\" alt=\"Zo\u00e9 Hondt\" width=\"960\" height=\"640\"\/><br \/>\n    Dans l\u2019entr\u00e9e de la Villa La Roseraie \u00e0 Enneti\u00e8res-en-Weppes (Nord), les cache-radiateurs en acier chrom\u00e9 sont typiques du style Art d\u00e9co. \u00a9Zo\u00e9 Hondt<br \/>\n    <img   decoding=\"async\" loading=\"lazy\" class=\"size-large\" src=\"https:\/\/www.europesays.com\/fr\/wp-content\/uploads\/2025\/12\/9dbbefd6dd29681cbefd6dd2955cbev-960x640.jpg\" alt=\"Zo\u00e9 Hondt\" width=\"960\" height=\"640\"\/><br \/>\n    Tiphaine et C\u00e9dric ont fait appel au designer et architecte d\u2019int\u00e9rieur belge Dries Otten, pour conserver l\u2019esth\u00e9tique d\u2019origine Art d\u00e9co de leur villa \u00e0 Enneti\u00e8res-en-Weppes (Nord). \u00a9Zo\u00e9 Hondt<\/p>\n<p class=\" wall-content\">Apr\u00e8s cinq ans de r\u00e9novations et la naissance de leurs deux enfants, les Nordistes d\u00e9voilent aujourd\u2019hui une <b>toute nouvelle image<\/b> de la villa. <b>Meubles sur mesure<\/b>, <b>\u00e9clats de couleurs<\/b>\u2026 L\u2019endroit est m\u00e9connaissable, mais ont tout de m\u00eame \u00e9t\u00e9 conserv\u00e9s les <b>sols aux motifs originaux<\/b> et les <b>formes typiques du mouvement artistique. <\/b>\u00ab\u00a0On voulait apporter de la vie, sans d\u00e9naturer la villa.\u00a0\u00bb<\/p>\n<p>Votre r\u00e9gion, votre actu !<\/p>\n<p>Recevez chaque jour les infos qui comptent pour vous.<\/p>\n<p>\t<a href=\"https:\/\/actu.fr\/newsletter\" class=\"ac-btn ac-btn--corner ac-btn--medium ac-btn--blue800\" target=\"_blank\" rel=\"noopener\">S&rsquo;incrire<\/a><\/p>\n<p>    <img   decoding=\"async\" loading=\"lazy\" class=\"size-large\" src=\"https:\/\/www.europesays.com\/fr\/wp-content\/uploads\/2025\/12\/d1e6edd6dd296d5e6edd6dd29b9e6ev-960x640.jpg\" alt=\"Zo\u00e9 Hondt\" width=\"960\" height=\"640\"\/><br \/>\n    Dans toute la villa de Tiphaine et C\u00e9dric \u00e0 Enneti\u00e8res-en-Weppes (Nord), les coins biseaut\u00e9s sont typiques du style Art d\u00e9co des ann\u00e9es 30. \u00a9Zo\u00e9 Hondt<\/p>\n<p class=\" wall-content\">Pour atteindre leur objectif, ils ont fait appel au <b>designer et architecte d\u2019int\u00e9rieur belge Dries Otten<\/b>, pour <b>garder intacte l\u2019esth\u00e9tique d\u2019origine<\/b>.\u00a0<\/p>\n<p>Pour financer le reste des travaux, il est possible de louer la villa \u00e0 des fins artistiques<\/p>\n<p class=\" wall-content\">Il reste tout de m\u00eame beaucoup \u00e0 faire. Tiphaine et C\u00e9dric souhaitent finaliser les travaux d\u2019ici \u00ab\u00a0quatre ou cinq ans\u00a0\u00bb. Un long chemin, aussi <b>co\u00fbteux<\/b>.<b> <\/b>\u00ab\u00a0Au d\u00e9but, on avait des \u00e9conomies, maintenant il faut renflouer.\u00a0\u00bb Depuis deux ans, le couple de graphistes a ainsi cr\u00e9\u00e9 un compte Instagram pour <b>mettre en avant la b\u00e2tisse<\/b> et la <b>proposer \u00e0 la location<\/b>.<\/p>\n<p>    <img   decoding=\"async\" loading=\"lazy\" class=\"size-large\" src=\"https:\/\/www.europesays.com\/fr\/wp-content\/uploads\/2025\/12\/2288bfd6dd2962688bfd6dd290a88bv-960x640.jpg\" alt=\"Zo\u00e9 Hondt\" width=\"960\" height=\"640\"\/><br \/>\n    La salle de bain de cette villa Art d\u00e9co \u00e0 Enneti\u00e8res-en-Weppes (Nord) est rest\u00e9e intacte depuis les ann\u00e9es 30. Tiphaine et C\u00e9dric ont seulement rajout\u00e9 une douche. \u00a9Zo\u00e9 Hondt<br \/>\n    <img   decoding=\"async\" loading=\"lazy\" class=\"size-large\" src=\"https:\/\/www.europesays.com\/fr\/wp-content\/uploads\/2025\/12\/23feced6dd29637feced6dd293bfecv-960x640.jpg\" alt=\"Zo\u00e9 Hondt\" width=\"960\" height=\"640\"\/><br \/>\n    Le salon de la Villa La Roseraie \u00e0 Enneti\u00e8res-en-Weppes (Nord) est la seule pi\u00e8ce qui n\u2019est pas encore termin\u00e9e. \u00a9Zo\u00e9 Hondt<\/p>\n<p class=\" wall-content\">Un cadre propice aux <b>shootings photo<\/b>, qui s\u00e9duit de nombreuses marques de pr\u00eat-\u00e0-porter. Comptez 1 000 \u20ac le forfait pour la journ\u00e9e, ce qui revient \u00ab\u00a0moins cher que de louer un studio\u00a0\u00bb. Dans la m\u00eame lign\u00e9e, Tiphaine et C\u00e9dric souhaitent <b>am\u00e9nager un studio \u00e9tudiant<\/b>.<\/p>\n<p>    <img   decoding=\"async\" loading=\"lazy\" class=\"size-large\" src=\"https:\/\/www.europesays.com\/fr\/wp-content\/uploads\/2025\/12\/0695d1c6dd2961a95d1c6dd290e95dv-960x640.jpg\" alt=\"Zo\u00e9 Hondt\" width=\"960\" height=\"640\"\/><br \/>\n    \u00c0 Enneti\u00e8res-en-Weppes (Nord), Tiphaine et C\u00e9dric ont voulu redonner vie \u00e0 leur villa Art d\u00e9co gr\u00e2ce aux m\u00e9langes de couleurs. \u00a9Zo\u00e9 Hondt<\/p>\n<p class=\" wall-content\">Et qui ne voudrait pas \u00e9lire domicile dans une r\u00e9plique de notre <a href=\"https:\/\/actu.fr\/histoire-patrimoine\/visites-decouvertes\/voici-cinq-villas-d-architectes-a-visiter-au-moins-une-fois-dans-sa-vie_63426954.html\" target=\"_blank\" rel=\"noopener\">mythique villa Cavrois<\/a> ? Avis aux amateurs.<\/p>\n<p class=\" wall-content\">Personnalisez votre actualit\u00e9 en ajoutant vos villes et m\u00e9dias en favori avec <a href=\"https:\/\/moncompte.actu.fr\" title=\"D\u00e9couvez Mon Actu\" rel=\"nofollow noopener\" data-trk=\"{&quot;cta&quot;:{&quot;action&quot;:&quot;https:\\\/\\\/moncompte.actu.fr&quot;,&quot;category&quot;:&quot;mon compte&quot;,&quot;from&quot;:&quot;article footer&quot;,&quot;name&quot;:&quot;Mon actu&quot;,&quot;type&quot;:&quot;cta&quot;}}\" target=\"_blank\">Mon Actu<\/a>.<\/p>\n","protected":false},"excerpt":{"rendered":"Par Zoe Hondt Publi\u00e9 le 5 d\u00e9c. 2025 \u00e0 6h40 Haute en couleur. La villa La Roseraie, \u00e0&hellip;\n","protected":false},"author":2,"featured_media":579276,"comment_status":"","ping_status":"","sticky":false,"template":"","format":"standard","meta":{"footnotes":""},"categories":[2815],"tags":[1111,11,1777,674,1011,27,811,1757,1307,2142,12,25],"class_list":{"0":"post-579275","1":"post","2":"type-post","3":"status-publish","4":"format-standard","5":"has-post-thumbnail","7":"category-lille","8":"tag-actu","9":"tag-actualites","10":"tag-eu","11":"tag-europe","12":"tag-fr","13":"tag-france","14":"tag-hauts-de-france","15":"tag-insolite","16":"tag-lille","17":"tag-maison","18":"tag-news","19":"tag-republique-francaise"},"share_on_mastodon":{"url":"https:\/\/pubeurope.com\/@fr\/115665588688667877","error":""},"_links":{"self":[{"href":"https:\/\/www.europesays.com\/fr\/wp-json\/wp\/v2\/posts\/579275","targetHints":{"allow":["GET"]}}],"collection":[{"href":"https:\/\/www.europesays.com\/fr\/wp-json\/wp\/v2\/posts"}],"about":[{"href":"https:\/\/www.europesays.com\/fr\/wp-json\/wp\/v2\/types\/post"}],"author":[{"embeddable":true,"href":"https:\/\/www.europesays.com\/fr\/wp-json\/wp\/v2\/users\/2"}],"replies":[{"embeddable":true,"href":"https:\/\/www.europesays.com\/fr\/wp-json\/wp\/v2\/comments?post=579275"}],"version-history":[{"count":0,"href":"https:\/\/www.europesays.com\/fr\/wp-json\/wp\/v2\/posts\/579275\/revisions"}],"wp:featuredmedia":[{"embeddable":true,"href":"https:\/\/www.europesays.com\/fr\/wp-json\/wp\/v2\/media\/579276"}],"wp:attachment":[{"href":"https:\/\/www.europesays.com\/fr\/wp-json\/wp\/v2\/media?parent=579275"}],"wp:term":[{"taxonomy":"category","embeddable":true,"href":"https:\/\/www.europesays.com\/fr\/wp-json\/wp\/v2\/categories?post=579275"},{"taxonomy":"post_tag","embeddable":true,"href":"https:\/\/www.europesays.com\/fr\/wp-json\/wp\/v2\/tags?post=579275"}],"curies":[{"name":"wp","href":"https:\/\/api.w.org\/{rel}","templated":true}]}}