{"id":579277,"date":"2025-12-05T06:39:15","date_gmt":"2025-12-05T06:39:15","guid":{"rendered":"https:\/\/www.europesays.com\/fr\/579277\/"},"modified":"2025-12-05T06:39:15","modified_gmt":"2025-12-05T06:39:15","slug":"face-a-lille-lom-veut-soigner-sa-fragilite","status":"publish","type":"post","link":"https:\/\/www.europesays.com\/fr\/579277\/","title":{"rendered":"face \u00e0 Lille, l&rsquo;OM veut soigner sa fragilit\u00e9"},"content":{"rendered":"<p>Lille &#8211; Marseille<\/p>\n<p>Ce vendredi, 21 heures<\/p>\n<p>Du c\u00f4t\u00e9 de Marseille, on a rumin\u00e9 toute la semaine un malheureux but encaiss\u00e9 \u00e0 la fin de la rencontre <a href=\"https:\/\/www.ledauphine.com\/sport\/2025\/11\/29\/ligue-1-coup-de-froid-a-marseille-le-toulousain-hidalgo-sauve-la-place-de-leader-de-paris\" target=\"_blank\" rel=\"noopener\">face \u00e0 Toulouse le week-end dernier (2-2)<\/a>. Et pour cause, celui-ci a emp\u00each\u00e9 l\u2019OM de s\u2019emparer du fauteuil de leader. \u00ab\u00a0On ne doit pas prendre des buts comme \u00e7a et perdre des points b\u00eatement comme ce soir. \u00c7a fait chier\u00a0\u00bb, avait r\u00e9sum\u00e9 \u00e0 chaud le d\u00e9fenseur <a href=\"https:\/\/www.ledauphine.com\/p\/benjamin-pavard\" target=\"_blank\" rel=\"noopener\">Benjamin Pavard<\/a> samedi.<\/p>\n<p>D\u00e9j\u00e0 contre Angers fin octobre (2-2), les Marseillais avaient men\u00e9 2-1, l\u00e0 encore contre une \u00e9quipe suppos\u00e9ment plus faible, avant d\u2019\u00eatre rejoints dans les arr\u00eats de jeu. Au-del\u00e0 de ces deux rencontres en copie conforme, c\u2019est depuis le d\u00e9but de saison que l\u2019OM peine \u00e0 tenir ses r\u00e9sultats en fin de match, et qu\u2019il y laisse des plumes.<\/p>\n<p>  Une constante cette saison<\/p>\n<p>Les Marseillais ont aussi c\u00e9d\u00e9 dans le temps additionnel \u00e0 Rennes (1-0) et \u00e0 la 87e minute face \u00e0 Lyon (1-0). En Ligue des champions, c\u2019est par trois fois que l\u2019\u00e9quipe de De Zerbi a craqu\u00e9 dans la derni\u00e8re ligne droite, contre le Real Madrid (2-1 avec un but encaiss\u00e9 \u00e0 la 81e minute), le Sporting Portugal (2-1, but pris \u00e0 la 86e minute) et l\u2019Atalanta Bergame (1-0, but \u00e0 la 89e minute).<\/p>\n<p>Ce manque de ma\u00eetrise dans le money time a donc d\u00e9j\u00e0 co\u00fbt\u00e9 \u00e0 l\u2019OM six points en Ligue 1 et trois en C1, lesquels auraient donn\u00e9 une tout autre allure \u00e0 un premier tiers de saison d\u00e9j\u00e0 tr\u00e8s correct. R\u00e9sultat, avant de jouer \u00e0 Lille (4e) pour le compte de la 15e journ\u00e9e ce vendredi (21 heures), les Marseillais pointent \u00e0 la 3e place en championnat, avec seulement deux points de retard sur le leader, Lens.<\/p>\n<p><a href=\"https:\/\/www.ledauphine.com\/sport\/classement\/football\/national-ligue-1\" target=\"_blank\" rel=\"noopener\"><strong>&gt;&gt;&gt; Le classement de la Ligue 1<\/strong><\/a><\/p>\n<p>\u00ab\u00a0On peut tout travailler, mais s\u2019entra\u00eener \u00e0 tenir un r\u00e9sultat, c\u2019est dur\u2026\u00a0\u00bb, a jug\u00e9 l\u2019entra\u00eeneur <a href=\"https:\/\/www.ledauphine.com\/p\/roberto-de-zerbi\" target=\"_blank\" rel=\"noopener\">Roberto De Zerbi<\/a> d\u00e8s samedi, racontant tout de m\u00eame avoir mis en place en pr\u00e9-saison un exercice de d\u00e9fense en inf\u00e9riorit\u00e9 num\u00e9rique. \u00ab\u00a0On doit tous prendre la responsabilit\u00e9 de \u00e7a. On doit juste \u00eatre concentr\u00e9s et am\u00e9liorer les choses. Mais c\u2019est comme \u00e7a, c\u2019est le foot. On doit se relever\u00a0\u00bb, a de son c\u00f4t\u00e9 relativis\u00e9 jeudi le paisible Timothy Weah, qui retrouvera ce vendredi Lille, o\u00f9 il a pass\u00e9 quatre saisons, de 2019 \u00e0 2023.<\/p>\n<p>\u00ab\u00a0Une question d\u2019organisation\u00a0\u00bb<\/p>\n<p>\u00a0L\u2019\u00e9quation est d\u2019autant plus complexe que les joueurs de De Zerbi ont encaiss\u00e9 le but de l\u2019\u00e9galisation contre Toulouse sur une touche longue, rarement efficace \u00e0 ce niveau. \u00ab\u00a0Combien y a-t-il de touches chaque week-end dans le monde\u00a0? Peut-\u00eatre un milliard. Et combien de buts encaiss\u00e9s sur touche\u00a0? Peut-\u00eatre un seul, en tout cas la probabilit\u00e9 est tr\u00e8s basse\u00a0\u00bb, s\u2019est d\u00e9sol\u00e9 le technicien italien. Avant d\u2019ajouter\u00a0: \u00ab\u00a0Donc il y a peut-\u00eatre un peu de malchance mais on doit aller au-del\u00e0. C\u2019est surtout une question d\u2019organisation et de communication.\u00a0\u00bb<\/p>\n<p>Tout de m\u00eame, l\u2019OM ira \u00e0 Lille sur ses gardes. Car la saison derni\u00e8re, les deux affrontements en championnat entre les deux \u00e9quipes se sont sold\u00e9s par des matches nuls, lors desquels l\u2019OM avait \u00e0 chaque fois ouvert le score. Et au match aller, \u00e0 Marseille, le Losc avait \u00e9galis\u00e9 \u00e0\u2026 la 87e minute.<\/p>\n","protected":false},"excerpt":{"rendered":"Lille &#8211; Marseille Ce vendredi, 21 heures Du c\u00f4t\u00e9 de Marseille, on a rumin\u00e9 toute la semaine un&hellip;\n","protected":false},"author":2,"featured_media":579278,"comment_status":"","ping_status":"","sticky":false,"template":"","format":"standard","meta":{"footnotes":""},"categories":[2815],"tags":[1111,11,885,1777,674,1701,63,1011,27,811,1307,884,12,7862,25,517,1947],"class_list":{"0":"post-579277","1":"post","2":"type-post","3":"status-publish","4":"format-standard","5":"has-post-thumbnail","7":"category-lille","8":"tag-actu","9":"tag-actualites","10":"tag-bouches-du-rhone","11":"tag-eu","12":"tag-europe","13":"tag-fil-info-sport","14":"tag-football","15":"tag-fr","16":"tag-france","17":"tag-hauts-de-france","18":"tag-lille","19":"tag-marseille","20":"tag-news","21":"tag-om-olympique-de-marseille","22":"tag-republique-francaise","23":"tag-sport","24":"tag-sport-national"},"share_on_mastodon":{"url":"https:\/\/pubeurope.com\/@fr\/115665591510292070","error":""},"_links":{"self":[{"href":"https:\/\/www.europesays.com\/fr\/wp-json\/wp\/v2\/posts\/579277","targetHints":{"allow":["GET"]}}],"collection":[{"href":"https:\/\/www.europesays.com\/fr\/wp-json\/wp\/v2\/posts"}],"about":[{"href":"https:\/\/www.europesays.com\/fr\/wp-json\/wp\/v2\/types\/post"}],"author":[{"embeddable":true,"href":"https:\/\/www.europesays.com\/fr\/wp-json\/wp\/v2\/users\/2"}],"replies":[{"embeddable":true,"href":"https:\/\/www.europesays.com\/fr\/wp-json\/wp\/v2\/comments?post=579277"}],"version-history":[{"count":0,"href":"https:\/\/www.europesays.com\/fr\/wp-json\/wp\/v2\/posts\/579277\/revisions"}],"wp:featuredmedia":[{"embeddable":true,"href":"https:\/\/www.europesays.com\/fr\/wp-json\/wp\/v2\/media\/579278"}],"wp:attachment":[{"href":"https:\/\/www.europesays.com\/fr\/wp-json\/wp\/v2\/media?parent=579277"}],"wp:term":[{"taxonomy":"category","embeddable":true,"href":"https:\/\/www.europesays.com\/fr\/wp-json\/wp\/v2\/categories?post=579277"},{"taxonomy":"post_tag","embeddable":true,"href":"https:\/\/www.europesays.com\/fr\/wp-json\/wp\/v2\/tags?post=579277"}],"curies":[{"name":"wp","href":"https:\/\/api.w.org\/{rel}","templated":true}]}}