{"id":579280,"date":"2025-12-05T06:41:10","date_gmt":"2025-12-05T06:41:10","guid":{"rendered":"https:\/\/www.europesays.com\/fr\/579280\/"},"modified":"2025-12-05T06:41:10","modified_gmt":"2025-12-05T06:41:10","slug":"la-bete-noire-des-spartiates-arrive-a-marseille-dans-une-forme-olympique","status":"publish","type":"post","link":"https:\/\/www.europesays.com\/fr\/579280\/","title":{"rendered":"La b\u00eate noire des Spartiates arrive \u00e0 Marseille dans une forme olympique"},"content":{"rendered":"\n<p>Le grand rival d\u00e9barque dans la cit\u00e9 phoc\u00e9enne pour continuer son ascension fulgurante vers le sommet. Les Spartiates de Marseille s\u2019appr\u00eatent \u00e0 recevoir les Boxers de Bordeaux, ce vendredi (\u00e0 20h15) au Palais omnisports, pour le compte de la 23e journ\u00e9e de Ligue Magnus. \u00ab\u00a0C\u2019est une bonne rivalit\u00e9, dans le sens o\u00f9 c\u2019est quand m\u00eame des matches tr\u00e8s serr\u00e9s \u00e0 chaque fois, avec beaucoup d\u2019engagement\u00a0\u00bb, souligne le gardien girondin Quentin Papillon. Ce dernier a stopp\u00e9 net les deux derni\u00e8res campagnes de play-offs des Spartiates au stade des huiti\u00e8mes de finale \u00e0 chaque fois. \u00ab\u00a0C\u2019est un gros match, parce que c\u2019est une \u00e9quipe vraiment forte. Ils s\u2019appuient sur un gros collectif, avec quatre lignes qui tournent bien et un bon gardien. Il va falloir \u00eatre bon d\u00e9fensivement et ne pas faire d\u2019erreurs\u00a0\u00bb, pr\u00e9vient le d\u00e9fenseur marseillais Enzo Cantagallo, conscient que leurs adversaires du soir ont remport\u00e9 leurs dix derni\u00e8res journ\u00e9es en championnat.<\/p>\n<p> \u00ab\u00a0Mont\u00e9e en puissance\u00a0\u00bb\n              <\/p>\n<p>Les deux formations rivales s\u2019affrontent pour la troisi\u00e8me fois de la saison : les Spartiates ont remport\u00e9 la premi\u00e8re manche (5-2, le 10\u00a0octobre), puis les Boxers sont revenus au score (5-2, le 11\u00a0novembre). \u00ab\u00a0C\u2019est une \u00e9quipe qui va dans le bon sens et qui progresse chaque ann\u00e9e\u00a0\u00bb, reconna\u00eet Papillon. Il fera d\u2019ailleurs son retour \u00e0 la comp\u00e9tition ce vendredi, apr\u00e8s une longue blessure \u00e0 la cheville survenue lors de la 3e journ\u00e9e de Ligue Magnus. \u00ab\u00a0On sent qu\u2019il y a une mont\u00e9e en puissance. C\u2019est une tr\u00e8s bonne chose pour le hockey sur glace fran\u00e7ais.\u00a0\u00bb<\/p>\n","protected":false},"excerpt":{"rendered":"Le grand rival d\u00e9barque dans la cit\u00e9 phoc\u00e9enne pour continuer son ascension fulgurante vers le sommet. Les Spartiates&hellip;\n","protected":false},"author":2,"featured_media":579281,"comment_status":"","ping_status":"","sticky":false,"template":"","format":"standard","meta":{"footnotes":""},"categories":[2814],"tags":[1111,11,1777,674,1011,27,52323,884,12,882,25],"class_list":{"0":"post-579280","1":"post","2":"type-post","3":"status-publish","4":"format-standard","5":"has-post-thumbnail","7":"category-marseille","8":"tag-actu","9":"tag-actualites","10":"tag-eu","11":"tag-europe","12":"tag-fr","13":"tag-france","14":"tag-ligue-magnus","15":"tag-marseille","16":"tag-news","17":"tag-provence-alpes-cote-dazur","18":"tag-republique-francaise"},"share_on_mastodon":{"url":"https:\/\/pubeurope.com\/@fr\/115665599508689953","error":""},"_links":{"self":[{"href":"https:\/\/www.europesays.com\/fr\/wp-json\/wp\/v2\/posts\/579280","targetHints":{"allow":["GET"]}}],"collection":[{"href":"https:\/\/www.europesays.com\/fr\/wp-json\/wp\/v2\/posts"}],"about":[{"href":"https:\/\/www.europesays.com\/fr\/wp-json\/wp\/v2\/types\/post"}],"author":[{"embeddable":true,"href":"https:\/\/www.europesays.com\/fr\/wp-json\/wp\/v2\/users\/2"}],"replies":[{"embeddable":true,"href":"https:\/\/www.europesays.com\/fr\/wp-json\/wp\/v2\/comments?post=579280"}],"version-history":[{"count":0,"href":"https:\/\/www.europesays.com\/fr\/wp-json\/wp\/v2\/posts\/579280\/revisions"}],"wp:featuredmedia":[{"embeddable":true,"href":"https:\/\/www.europesays.com\/fr\/wp-json\/wp\/v2\/media\/579281"}],"wp:attachment":[{"href":"https:\/\/www.europesays.com\/fr\/wp-json\/wp\/v2\/media?parent=579280"}],"wp:term":[{"taxonomy":"category","embeddable":true,"href":"https:\/\/www.europesays.com\/fr\/wp-json\/wp\/v2\/categories?post=579280"},{"taxonomy":"post_tag","embeddable":true,"href":"https:\/\/www.europesays.com\/fr\/wp-json\/wp\/v2\/tags?post=579280"}],"curies":[{"name":"wp","href":"https:\/\/api.w.org\/{rel}","templated":true}]}}