{"id":579290,"date":"2025-12-05T06:47:19","date_gmt":"2025-12-05T06:47:19","guid":{"rendered":"https:\/\/www.europesays.com\/fr\/579290\/"},"modified":"2025-12-05T06:47:19","modified_gmt":"2025-12-05T06:47:19","slug":"quand-on-est-lalgerie-il-faut-aller-au-bout-kebbal-affiche-ses-hautes-ambitions-pour-les-fennecs","status":"publish","type":"post","link":"https:\/\/www.europesays.com\/fr\/579290\/","title":{"rendered":"\u00ab\u00a0Quand on est l\u2019Alg\u00e9rie, il faut aller au bout\u00a0\u00bb, Kebbal affiche ses hautes ambitions pour les Fennecs"},"content":{"rendered":"<p>A quelques jours du d\u00e9but de la Coupe d\u2019Afrique des Nations (21 d\u00e9cembre 2025-18 janvier 2026), l\u2019international alg\u00e9rien du Paris FC, Ilan Kebbal, s\u2019est pos\u00e9 au micro de RMC Sport pour \u00e9voquer les ambitions des Fennecs, son espoir de pouvoir aider l\u2019\u00e9quipe pour ce qui sera sa premi\u00e8re CAN ou encore l\u2019ambiance que vont mettre les Marocains. Kebbal, ultra d\u00e9cisif avec le Paris FC en Ligue 1 depuis le d\u00e9but de saison, s\u2019est aussi longuement exprim\u00e9 sur ses co\u00e9quipiers, la &lsquo;l\u00e9gende&rsquo; Riyad Mahrez ou son ami Samir Chergui, &lsquo;le meilleur d\u00e9fenseur\u00a0de Ligue 1&rsquo;\u00a0hors PSG selon lui.<\/p>\n<p><strong><a href=\"https:\/\/rmcsport.bfmtv.com\/football\/coupe-du-monde\/video-coupe-du-monde-2026-france-algerie-ce-serait-special-avoue-kebbal_VN-202512040824.html\" title=\"Coupe du monde 2026 : France-Alg\u00e9rie ? &quot;Ce serait sp\u00e9cial&quot; avoue Kebbal\" class=\"internal_link\" target=\"_blank\" rel=\"noopener\">Ilan<\/a><\/strong> <strong>Kebbal, parlons d\u2019abord de la date de lib\u00e9ration des joueurs pour la CAN. Vous avez un match le 13 d\u00e9cembre contre Toulouse avec <a href=\"https:\/\/rmcsport.bfmtv.com\/football\/ligue-2\/le-paris-fc-bientot-rachete-par-la-famille-arnault_DN-202410090790.html\" title=\"Le Paris FC rachet\u00e9 par la famille Arnault\" class=\"internal_link\" target=\"_blank\" rel=\"noopener\">le Paris FC<\/a>, et vous ne serez lib\u00e9r\u00e9 que le lendemain\u2026 Est-ce que c\u2019est trop tard selon vous?<\/strong><\/p>\n<p>Avec l\u2019Alg\u00e9rie, on doit \u00eatre le dernier match de la premi\u00e8re journ\u00e9e, on d\u00e9bute le 24 d\u00e9cembre. Donc cela nous laisse un peu plus de temps. Mais bien s\u00fbr on comprend les deux c\u00f4t\u00e9s. Pour le club, il y a le championnat et quand on est dans notre situation au classement, il faut prendre des points. On comprend que le Paris FC ne veuille pas lib\u00e9rer les joueurs avant et aussi que les nations veuillent plus de temps de pr\u00e9paration. C\u2019est un d\u00e9bat compliqu\u00e9. Apr\u00e8s, id\u00e9alement, ce serait bien que les CAN aient lieu l\u2019\u00e9t\u00e9 comme les autres comp\u00e9titions. Au moins, on aura le temps de se pr\u00e9parer. L\u00e0, il y a la Coupe du monde donc ce n\u2019est pas possible mais pour la suite, ce serait une solution.<\/p>\n<p><strong>Comment vous sentez-vous? Vous touchez du doigt votre premi\u00e8re CAN \u00e0 27 ans, vous devez \u00eatre excit\u00e9?<\/strong><\/p>\n<p>Oui, beaucoup d\u2019excitation et j\u2019esp\u00e8re y participer (la liste d\u00e9finitive n\u2019est pas encore sorti au moment de l\u2019interview). C\u2019est une grande comp\u00e9tition qui nous attend et on esp\u00e8re aller le plus loin possible. Quand on est une nation comme l\u2019Alg\u00e9rie, on se doit de jouer pour remporter toute comp\u00e9tition.<\/p>\n<p><strong>Lors de notre dernier entretien d\u00e9but 2025, vous regrettiez de ne pas \u00eatre assez vu en Ligue 2\u2026 et vous aviez raison. D\u00e9sormais en Ligue 1, vous \u00eates en \u00e9quipe d\u2019Alg\u00e9rie, comme vos co\u00e9quipiers Samir Chergui ainsi que Moustapha Mbow avec le S\u00e9n\u00e9gal&#8230;<\/strong><\/p>\n<p>Le championnat est plus vu tout simplement. Quand on marque un but en L2 ou en L1, on voit que c\u2019est totalement diff\u00e9rent, cela ne d\u00e9clenche pas les m\u00eames choses. C\u2019est normal en fait. Le club a chang\u00e9 de dimension et nous aussi.<\/p>\n<p><strong>Jouer avec l\u2019Alg\u00e9rie au Maroc, un rival historique, est-ce que c\u2019est sp\u00e9cial?<\/strong><\/p>\n<p>N\u2019importe o\u00f9, l\u2019objectif est le m\u00eame. L\u00e0, c\u2019est au Maroc, donc les installations, les terrains\u2026 nous serons bien. Tout est au top. D\u00e9j\u00e0, pour notre style de jeu ce sera une force. Beaucoup de nations veulent gagner. Apr\u00e8s bien s\u00fbr, ce sera peut-\u00eatre diff\u00e9rent pour nos supporters mais pour nous, professionnels, nous devons nous battre pour aller au bout quoi qu\u2019il arrive.<\/p>\n<p><strong>Mais vous ne r\u00e9pondez pas vraiment \u00e0 la question\u2026 ne vous-attendez vous pas \u00e0 une ambiance hostile?<\/strong><\/p>\n<p>Je ne pense pas, nos supporters seront l\u00e0 en nombre. Toute fa\u00e7on, on peut \u00eatre au bout du monde, nos supporters sont partout. Donc ils seront l\u00e0. Et m\u00eame si c\u2019est hostile, on fera abstraction de \u00e7a.<\/p>\n<p><strong>Parlons de quelques-uns de vos co\u00e9quipiers. D\u2019abord, Samir Chergui, que vous c\u00f4toyez au quotidien au Paris FC\u2026<\/strong><\/p>\n<p>Depuis que je suis ici, je dis \u00e0 tout le monde que c\u2019est impressionnant et je pense que la Ligue 1 a vu! Je n\u2019ai pas peur de le dire, m\u00eame \u00e0 l\u2019entra\u00eenement, c\u2019est le meilleur d\u00e9fenseur contre qui j\u2019ai jou\u00e9. Je parle d\u00e9fensivement, en un-contre-un\u2026.<\/p>\n<p><strong>Tout clubs confondus, c\u2019est le meilleur d\u00e9fenseur de L1 selon vous?<\/strong><\/p>\n<p>Pour l\u2019instant oui, je n\u2019ai pas jou\u00e9 le PSG encore. Je parle de d\u00e9fenseur, pas de lat\u00e9raux, je parle de un-contre-un.\u00a0M\u00eame les nouveaux ici, qui ne connaissaient pas Samir, disent tous la m\u00eame chose. Si on fait vraiment attention \u00e0 ses duels en matchs, il est presque impassable. C\u2019est un des meilleurs joueurs contre qui j\u2019ai jou\u00e9. Quand je suis arriv\u00e9 il y a trois ans et demi, il m\u2019a choqu\u00e9! M\u00eame en s\u00e9lection, il arrive et joue les deux derniers matches, c\u2019est un monstre. Les gens vont s\u2019en apercevoir petit \u00e0 petit. Il est vraiment incroyable.<\/p>\n<p><strong>Mais il est timide, il n\u2019a pas trop envie de parler \u00e0 la presse?<\/strong><\/p>\n<p>Ah non c\u2019est un mec qui parle sur le terrain. Et on voit quand il n\u2019est pas l\u00e0. Il change le visage d\u2019un match, il a cette agressivit\u00e9 en un-contre-un, il est dur sur l\u2019homme. Il ne fait jamais de non-match.<\/p>\n<p><strong>Un autre coll\u00e8gue sp\u00e9cial: Riyad Mahrez, gaucher, ailier droit, qui a tout gagn\u00e9 ou presque. Est-ce une inspiration pour vous?<\/strong><\/p>\n<p>Premier League, CAN, Champion\u2019s League, qu\u2019est ce qu\u2019il y a \u00e0 ajouter sur Riyad\u2026 (sourire). On sait le joueur que c\u2019est. Bien s\u00fbr qu\u2019on s\u2019en inspire, on essaie mais apr\u00e8s c\u2019est dur de faire ce qu\u2019il fait (rires). C\u2019est une l\u00e9gende et j\u2019ai eu la chance de le c\u00f4toyer, j\u2019esp\u00e8re que \u00e7a va durer encore longtemps. C\u2019est un excellent joueur et on sait ce qu\u2019il a fait pour le pays.<\/p>\n<p><strong>Est-ce que \u00e7a chambre d\u00e9j\u00e0 dans le vestiaire du Paris FC entre les internationaux africains? Parce qu\u2019il y a du lourd, la C\u00f4te d\u2019Ivoire de Krasso, le S\u00e9n\u00e9gal de Mbow, le Nigeria de Simon, l\u2019Alg\u00e9rie!<\/strong><\/p>\n<p>Pas encore en vrai mais plus \u00e7a va se rapprocher, plus \u00e7a va chambrer! Apr\u00e8s \u00e7a va, on dit toujours que c\u2019est le meilleur qui va gagner. JP (Krasso) a eu la chance de la gagner r\u00e9cemment. Le Nigeria avec Moses aussi, c\u2019est fort. Beaucoup de nations peuvent aller au bout, ce sera une CAN tr\u00e8s difficile.<\/p>\n<p><strong>Tout simplement, pour r\u00e9sumer, quels sont vos objectifs collectifs et personnels?<\/strong><\/p>\n<p>Quand on est l\u2019Alg\u00e9rie, il faut aller au bout, ce serait mentir que de dire le contraire.<\/p>\n<p><strong>Malgr\u00e9 deux \u00e9liminations au premier tour lors des deux derni\u00e8res CAN?<\/strong><\/p>\n<p>\u00c7a p\u00e8se bien s\u00fbr mais il faut faire abstraction du pass\u00e9. On a oubli\u00e9, il faut tout faire pour aller bout. On sait que ce sera difficile car il y a de grandes nations, le Maroc \u00e9videmment qui est \u00e0 domicile. Mais on fait partie de ceux qui peuvent aller au bout. Et personnellement, j\u2019aimerais aider l\u2019\u00e9quipe. Si le coach fait appel \u00e0 moi, je r\u00e9pondrai pr\u00e9sent.<\/p>\n<p><strong>Vous serez dans la poule E, avec le Burkina Faso, la Guin\u00e9e Equatoriale et le Soudan. Sur le papier, l\u2019Alg\u00e9rie aura la pression d\u2019\u00eatre le grand favori\u2026<\/strong><\/p>\n<p>C\u2019est vrai mais la CAN c\u2019est dur. On l\u2019a vu en 2024 avec la Guin\u00e9e Equatoriale, le Burkina aussi c\u2019est solide. De l\u2019ext\u00e9rieur, bien s\u00fbr, on sera les favoris. Mais sur le terrain, il n\u2019y a plus de favoris. Tout le monde se bat. On s\u2019attend \u00e0 de la difficult\u00e9, comme tous les matches. Comme les matches de qualification \u00e0 la Coupe du monde. On se doit de gagner, on est pr\u00eat.<\/p>\n<p><strong>Et le Soudan que vous affronterez en premier, vous connaissez?<\/strong><\/p>\n<p>Non, je ne regarde pas le Soudan particuli\u00e8rement mais je sais que ce ne sera pas facile. Quand tu joues pour ton pays, tu t\u2019arraches et donc ce seront 11, 15, 20 Soudanais \u00e0 fond. Ce sera tr\u00e8s difficile. On a eu la chance de se qualifier pour la Coupe du monde donc on a l\u2019esprit lib\u00e9r\u00e9, on peut penser \u00e0 la CAN. On sait que c\u2019est une comp\u00e9tition qui passe tr\u00e8s vite. Il faut \u00eatre pr\u00eat d\u00e8s le premier match.<\/p>\n<p><strong>Si vous deviez ressortir un favori, en misant 100 euros sur le vainqueur, ce serait qui? Hors Alg\u00e9rie bien s\u00fbr\u2026<\/strong><\/p>\n<p>Franchement, la CAN c\u2019est difficile. Il y a vraiment 4-5 nations qui peuvent se d\u00e9gager. Il y a le Maroc \u00e0 la maison bien s\u00fbr mais le S\u00e9n\u00e9gal, la C\u00f4te d\u2019Ivoire qui est le tenant du titre\u2026 m\u00eame le Nigeria quand on voit l\u2019\u00e9quipe&#8230; ce sont des tops joueurs.\u00a0Et les surprises existent. Mettre 100 euros, je ne le fais pas!<\/p>\n<p><strong>La CAN au Maroc, cinq ans avant la Coupe du monde 2030, sera importante pour l\u2019image du football africain. Vous \u00eates sereins concernant l\u2019organisation?<\/strong><\/p>\n<p>La CAN en C\u00f4te d\u2019Ivoire, c\u2019\u00e9tait d\u00e9j\u00e0 pas mal vu de l\u2019ext\u00e9rieur. Et le Maroc, on y a d\u00e9j\u00e0 jou\u00e9 contre la Guin\u00e9e. Ce sont des installations magnifiques, il faut le dire. Il y a des beaux terrains, des beaux h\u00f4tels. On est dans les meilleures conditions pour performer. C\u2019est top pour tout le monde. Ce sera une tr\u00e8s tr\u00e8s belle CAN. Pour la Coupe du monde ce sera encore mieux, avec plus de temps pour \u00e9voluer. Il n\u2019y a plus qu\u2019\u00e0!\u00a0<\/p>\n<p><strong>Derni\u00e8re question concernant la Coupe du monde. L\u2019Alg\u00e9rie est d\u00e9j\u00e0 qualifi\u00e9e. Vous l\u2019avez dans un coin de votre t\u00eate?<\/strong><\/p>\n<p>Il y a la CAN, mais bien s\u00fbr c\u2019est un objectif\u2026 ce serait mentir de dire le contraire. C\u2019\u00e9tait d\u00e9j\u00e0 un objectif quand j\u2019\u00e9tais en Ligue 2. Il y a la CAN avant encore une fois et on sait ce qu\u2019on doit faire en tant que joueur pour participer \u00e0 ce genre de comp\u00e9tition. On doit performer en club, tous les matches, c\u2019est dur mais on essaye.<\/p>\n<p><strong>Si la France et l\u2019Alg\u00e9rie s\u2019affronte \u00e0 la Coupe du monde, vous \u00eates emb\u00eat\u00e9 ou excit\u00e9?<\/strong><\/p>\n<p>Ce serait un match sp\u00e9cial mais emb\u00eat\u00e9 non. Je me bats pour le maillot de l\u2019Alg\u00e9rie donc emb\u00eat\u00e9 non mais sp\u00e9cial bien s\u00fbr. Mais pour tout le monde, m\u00eame pour des Fran\u00e7ais qui ont des origines alg\u00e9riennes, ou s\u00e9n\u00e9galaises ou ivoiriennes. Forc\u00e9ment, avec deux origines c\u2019est sp\u00e9cial. Mais une fois sur le terrain, la France va vouloir nous battre et nous pareil. Peu importe, la Coupe du monde c\u2019est une comp\u00e9tition sp\u00e9ciale.<\/p>\n<p>Propos recueillis par Aur\u00e9lien Tiercin<\/p>\n","protected":false},"excerpt":{"rendered":"A quelques jours du d\u00e9but de la Coupe d\u2019Afrique des Nations (21 d\u00e9cembre 2025-18 janvier 2026), l\u2019international alg\u00e9rien&hellip;\n","protected":false},"author":2,"featured_media":567113,"comment_status":"","ping_status":"","sticky":false,"template":"","format":"standard","meta":{"footnotes":""},"categories":[1888],"tags":[1111,1928,11,1927,1777,674,1011,27,12,1926,626,1925,25],"class_list":{"0":"post-579290","1":"post","2":"type-post","3":"status-publish","4":"format-standard","5":"has-post-thumbnail","7":"category-paris","8":"tag-actu","9":"tag-actu-paris","10":"tag-actualites","11":"tag-actualites-paris","12":"tag-eu","13":"tag-europe","14":"tag-fr","15":"tag-france","16":"tag-news","17":"tag-news-paris","18":"tag-paris","19":"tag-paris-news","20":"tag-republique-francaise"},"share_on_mastodon":{"url":"https:\/\/pubeurope.com\/@fr\/115665623137649948","error":""},"_links":{"self":[{"href":"https:\/\/www.europesays.com\/fr\/wp-json\/wp\/v2\/posts\/579290","targetHints":{"allow":["GET"]}}],"collection":[{"href":"https:\/\/www.europesays.com\/fr\/wp-json\/wp\/v2\/posts"}],"about":[{"href":"https:\/\/www.europesays.com\/fr\/wp-json\/wp\/v2\/types\/post"}],"author":[{"embeddable":true,"href":"https:\/\/www.europesays.com\/fr\/wp-json\/wp\/v2\/users\/2"}],"replies":[{"embeddable":true,"href":"https:\/\/www.europesays.com\/fr\/wp-json\/wp\/v2\/comments?post=579290"}],"version-history":[{"count":0,"href":"https:\/\/www.europesays.com\/fr\/wp-json\/wp\/v2\/posts\/579290\/revisions"}],"wp:featuredmedia":[{"embeddable":true,"href":"https:\/\/www.europesays.com\/fr\/wp-json\/wp\/v2\/media\/567113"}],"wp:attachment":[{"href":"https:\/\/www.europesays.com\/fr\/wp-json\/wp\/v2\/media?parent=579290"}],"wp:term":[{"taxonomy":"category","embeddable":true,"href":"https:\/\/www.europesays.com\/fr\/wp-json\/wp\/v2\/categories?post=579290"},{"taxonomy":"post_tag","embeddable":true,"href":"https:\/\/www.europesays.com\/fr\/wp-json\/wp\/v2\/tags?post=579290"}],"curies":[{"name":"wp","href":"https:\/\/api.w.org\/{rel}","templated":true}]}}