{"id":579291,"date":"2025-12-05T06:48:18","date_gmt":"2025-12-05T06:48:18","guid":{"rendered":"https:\/\/www.europesays.com\/fr\/579291\/"},"modified":"2025-12-05T06:48:18","modified_gmt":"2025-12-05T06:48:18","slug":"municipales-a-paris-metros-satures-bus-et-voitures-englues-dans-le-trafic-linquietude-des-representants-du-commerce","status":"publish","type":"post","link":"https:\/\/www.europesays.com\/fr\/579291\/","title":{"rendered":"Municipales \u00e0 Paris\u00a0: m\u00e9tros satur\u00e9s, bus et voitures englu\u00e9s dans le trafic\u2026 L\u2019inqui\u00e9tude des repr\u00e9sentants du commerce"},"content":{"rendered":"<p class=\"paragraph text_align_left lp-f-body-02\">Moins de voitures \u00e0 <a href=\"https:\/\/www.leparisien.fr\/\" target=\"_self\" rel=\"noopener\">Paris<\/a> et plus de v\u00e9los. <a href=\"https:\/\/www.leparisien.fr\/paris-75\/a-paris-on-se-deplace-desormais-davantage-a-velo-quen-voiture-10-04-2024-3NCWZCHLGJGOVAVH4GENDQISXM.php\" target=\"_blank\" rel=\"noreferrer noopener\">Le constat et la tendance de ces derni\u00e8res ann\u00e9es <\/a>sont d\u00e9sormais connus de tous. Mais les effets de ces changements sur l\u2019\u00e9conomie parisienne sont r\u00e9guli\u00e8rement source de d\u00e9bats. Si d\u2019un c\u00f4t\u00e9 les \u00e9lus de la majorit\u00e9 municipale parisienne d\u00e9fendent une politique qui n\u2019aurait pas d\u2019impact n\u00e9gatif significatif sur le commerce, le monde \u00e9conomique de la capitale reste perplexe. Et veut des preuves.<\/p>\n<p class=\"paragraph text_align_left lp-f-body-02\">Alors que<a href=\"https:\/\/www.leparisien.fr\/elections\/municipales\/municipales-paris\/\" target=\"_blank\" rel=\"noreferrer noopener\"> les \u00e9lections municipales<\/a> auront lieu dans 100 jours (le 15 et 22 mars 2026), les acteurs \u00e9conomiques viennent de produire un rapport in\u00e9dit, que Le Parisien a pu se procurer, dressant le constat \u00ab d\u2019une politique de mobilit\u00e9 unilat\u00e9rale qui montre ses limites \u00bb.<\/p>\n","protected":false},"excerpt":{"rendered":"Moins de voitures \u00e0 Paris et plus de v\u00e9los. Le constat et la tendance de ces derni\u00e8res ann\u00e9es&hellip;\n","protected":false},"author":2,"featured_media":579292,"comment_status":"","ping_status":"","sticky":false,"template":"","format":"standard","meta":{"footnotes":""},"categories":[1888],"tags":[11,5949,1777,674,1011,27,3554,12,626,316,25],"class_list":{"0":"post-579291","1":"post","2":"type-post","3":"status-publish","4":"format-standard","5":"has-post-thumbnail","7":"category-paris","8":"tag-actualites","9":"tag-elections","10":"tag-eu","11":"tag-europe","12":"tag-fr","13":"tag-france","14":"tag-municipales","15":"tag-news","16":"tag-paris","17":"tag-politique","18":"tag-republique-francaise"},"share_on_mastodon":{"url":"https:\/\/pubeurope.com\/@fr\/115665627023335502","error":""},"_links":{"self":[{"href":"https:\/\/www.europesays.com\/fr\/wp-json\/wp\/v2\/posts\/579291","targetHints":{"allow":["GET"]}}],"collection":[{"href":"https:\/\/www.europesays.com\/fr\/wp-json\/wp\/v2\/posts"}],"about":[{"href":"https:\/\/www.europesays.com\/fr\/wp-json\/wp\/v2\/types\/post"}],"author":[{"embeddable":true,"href":"https:\/\/www.europesays.com\/fr\/wp-json\/wp\/v2\/users\/2"}],"replies":[{"embeddable":true,"href":"https:\/\/www.europesays.com\/fr\/wp-json\/wp\/v2\/comments?post=579291"}],"version-history":[{"count":0,"href":"https:\/\/www.europesays.com\/fr\/wp-json\/wp\/v2\/posts\/579291\/revisions"}],"wp:featuredmedia":[{"embeddable":true,"href":"https:\/\/www.europesays.com\/fr\/wp-json\/wp\/v2\/media\/579292"}],"wp:attachment":[{"href":"https:\/\/www.europesays.com\/fr\/wp-json\/wp\/v2\/media?parent=579291"}],"wp:term":[{"taxonomy":"category","embeddable":true,"href":"https:\/\/www.europesays.com\/fr\/wp-json\/wp\/v2\/categories?post=579291"},{"taxonomy":"post_tag","embeddable":true,"href":"https:\/\/www.europesays.com\/fr\/wp-json\/wp\/v2\/tags?post=579291"}],"curies":[{"name":"wp","href":"https:\/\/api.w.org\/{rel}","templated":true}]}}