{"id":579307,"date":"2025-12-05T06:56:27","date_gmt":"2025-12-05T06:56:27","guid":{"rendered":"https:\/\/www.europesays.com\/fr\/579307\/"},"modified":"2025-12-05T06:56:27","modified_gmt":"2025-12-05T06:56:27","slug":"de-11km-a-42km-dans-les-bois-en-seine-maritime","status":"publish","type":"post","link":"https:\/\/www.europesays.com\/fr\/579307\/","title":{"rendered":"de 11km \u00e0 42km dans les bois en Seine-Maritime"},"content":{"rendered":"<p>                    Par<br \/>\n        <strong><br \/>\n            <a href=\"https:\/\/actu.fr\/auteur\/lucas-farcy\" title=\"Consulter tous les articles de Lucas Farcy\" rel=\"nofollow noopener\" target=\"_blank\">Lucas Farcy<\/a><br \/>\n                    <\/strong><\/p>\n<p>        Publi\u00e9 le<\/p>\n<p>            4 d\u00e9c. 2025 \u00e0 20h50        <\/p>\n<p>L\u2019\u00e9v\u00e9nement attire chaque ann\u00e9e des centaines de coureurs : la prochaine \u00e9dition du <b>trail de la for\u00eat d\u2019Eu<\/b> aura lieu le dimanche 3 mai 2026, au d\u00e9part de <a href=\"https:\/\/actu.fr\/normandie\/saint-pierre-en-val_76638\" rel=\"nofollow noopener\" target=\"_blank\">Saint-Pierre-en-Val<\/a>, en Seine-Maritime.<\/p>\n<p class=\" wall-content\">Quatre parcours sont propos\u00e9s par les organisateurs pour le trail, ainsi qu\u2019une randonn\u00e9e : 42km, 26km, 16km et 11km (rando et course).<\/p>\n<p class=\" wall-content\">\u00ab\u00a0M\u00eames parcours qu\u2019en 2025 mais en mode reverse\u2026 pour transformer <b>les mont\u00e9es en descentes<\/b>\u2026et les descentes en mont\u00e9es\u00a0\u00bb annoncent les organisateurs sur leur page Facebook.<\/p>\n<p class=\" wall-content\">La course est mise en place par l\u2019<b>association des Trailers de la for\u00eat d\u2019Eu<\/b>, qui vient d\u2019organiser la Noc\u2019Route, course et marche nocturne, toujours en for\u00eat d\u2019Eu.<\/p>\n<p class=\" wall-content\">200 personnes se sont inscrites en 48 heures apr\u00e8s le lancement des inscriptions. \u00ab\u00a0Nous risquons d\u2019\u00eatre complets \u00e0 l\u2019avance\u00a0\u00bb, pr\u00e9vient Eric S\u00e9n\u00e9chal, pr\u00e9sident de l\u2019association. \u00ab\u00a0Les autres ann\u00e9es, il restait des dossards jusque quasiment le jour de la course. Mais on ne pourra pas faire augmenter le nombre de participants, il y aura 1350 dossards au total\u00a0\u00bb.<\/p>\n<p>Vid\u00e9os : en ce moment sur Actu<\/p>\n<p class=\" wall-content\">Selon Eric S\u00e9n\u00e9chal, le parcours de 26 km \u00ab\u00a0est peut-\u00eatre le plus agr\u00e9able\u00a0\u00bb, tandis que celui de 16 km \u00ab\u00a0est le plus pris\u00e9\u00a0\u00bb. Les plus aguerris choisiront quand \u00e0 eux le maratrail de 42 km, avec 1 100 m\u00e8tres de d\u00e9nivel\u00e9 positif.<\/p>\n<p class=\" wall-content\">\u00ab\u00a0La randonn\u00e9e aussi a pris de l\u2019essor, il y a beaucoup de demandes\u00a0\u00bb, pr\u00e9cise le pr\u00e9sident, qui pr\u00e9voit \u00e9galement un grand nombre de demandes pour la marche de 11km.<\/p>\n<p>Votre r\u00e9gion, votre actu !<\/p>\n<p>Recevez chaque jour les infos qui comptent pour vous.<\/p>\n<p>\t<a href=\"https:\/\/actu.fr\/newsletter\" class=\"ac-btn ac-btn--corner ac-btn--medium ac-btn--blue800\" rel=\"nofollow noopener\" target=\"_blank\">S&rsquo;incrire<\/a><\/p>\n<p>    <a href=\"https:\/\/www.facebook.com\/plugins\/video.php?height=314&amp;href=https%3A%2F%2Fwww.facebook.com%2Ftraildelaforetdeu%2Fvideos%2F2601464760209346%2F&amp;show_text=false&amp;width=350&amp;t=0\" title=\"Ouvrie le lien\" rel=\"nofollow noopener\" target=\"_blank\">Cliquez ici pour visualiser le contenu<\/a><\/p>\n<p class=\" wall-content\">Pour lancer cette nouvelle campagne d\u2019inscription, l\u2019association des Trailers de la for\u00eat d\u2019Eu ont diffus\u00e9 une vid\u00e9o, qui permet de d\u00e9couvrir l\u2019ambiance de la course avec des vues \u00e0 couper le souffle.<\/p>\n<p>Les inscriptions se font en ligne<a href=\"https:\/\/in.njuko.com\/trail-de-la-foret-deu-2026?fbclid=IwY2xjawOePuBleHRuA2FlbQIxMABicmlkETFGVTRQQmRISUo4Yk5DZ1lxc3J0YwZhcHBfaWQQMjIyMDM5MTc4ODIwMDg5MgABHsYJ0MLGMr52LdnOS7iA2LBOtFF7Db6TpEmeeVXf14vnLFAj2x0-A82zSiyj_aem_6-2mLT4oj48mt9ZlATw5FQ&amp;currentPage=select-competition\" rel=\"nofollow noopener\" target=\"_blank\"> en suivant ce lien<\/a>. Tarif : de 7\u20ac la randonn\u00e9e \u00e0 30\u20ac le 42km.<\/p>\n<p class=\" wall-content\">Personnalisez votre actualit\u00e9 en ajoutant vos villes et m\u00e9dias en favori avec <a href=\"https:\/\/moncompte.actu.fr\" title=\"D\u00e9couvez Mon Actu\" rel=\"nofollow noopener\" data-trk=\"{&quot;cta&quot;:{&quot;action&quot;:&quot;https:\\\/\\\/moncompte.actu.fr&quot;,&quot;category&quot;:&quot;mon compte&quot;,&quot;from&quot;:&quot;article footer&quot;,&quot;name&quot;:&quot;Mon actu&quot;,&quot;type&quot;:&quot;cta&quot;}}\" target=\"_blank\">Mon Actu<\/a>.<\/p>\n","protected":false},"excerpt":{"rendered":"Par Lucas Farcy Publi\u00e9 le 4 d\u00e9c. 2025 \u00e0 20h50 L\u2019\u00e9v\u00e9nement attire chaque ann\u00e9e des centaines de coureurs&hellip;\n","protected":false},"author":2,"featured_media":579308,"comment_status":"","ping_status":"","sticky":false,"template":"","format":"standard","meta":{"footnotes":""},"categories":[1586],"tags":[11,1777,674,1779,69351,1011,27,12,25,60,1778,364,3587],"class_list":{"0":"post-579307","1":"post","2":"type-post","3":"status-publish","4":"format-standard","5":"has-post-thumbnail","7":"category-europe","8":"tag-actualites","9":"tag-eu","10":"tag-europe","11":"tag-european-union","12":"tag-foret-deu","13":"tag-fr","14":"tag-france","15":"tag-news","16":"tag-republique-francaise","17":"tag-sports","18":"tag-ue","19":"tag-union-europeenne","20":"tag-villes-soeurs"},"share_on_mastodon":{"url":"https:\/\/pubeurope.com\/@fr\/115665658472650762","error":""},"_links":{"self":[{"href":"https:\/\/www.europesays.com\/fr\/wp-json\/wp\/v2\/posts\/579307","targetHints":{"allow":["GET"]}}],"collection":[{"href":"https:\/\/www.europesays.com\/fr\/wp-json\/wp\/v2\/posts"}],"about":[{"href":"https:\/\/www.europesays.com\/fr\/wp-json\/wp\/v2\/types\/post"}],"author":[{"embeddable":true,"href":"https:\/\/www.europesays.com\/fr\/wp-json\/wp\/v2\/users\/2"}],"replies":[{"embeddable":true,"href":"https:\/\/www.europesays.com\/fr\/wp-json\/wp\/v2\/comments?post=579307"}],"version-history":[{"count":0,"href":"https:\/\/www.europesays.com\/fr\/wp-json\/wp\/v2\/posts\/579307\/revisions"}],"wp:featuredmedia":[{"embeddable":true,"href":"https:\/\/www.europesays.com\/fr\/wp-json\/wp\/v2\/media\/579308"}],"wp:attachment":[{"href":"https:\/\/www.europesays.com\/fr\/wp-json\/wp\/v2\/media?parent=579307"}],"wp:term":[{"taxonomy":"category","embeddable":true,"href":"https:\/\/www.europesays.com\/fr\/wp-json\/wp\/v2\/categories?post=579307"},{"taxonomy":"post_tag","embeddable":true,"href":"https:\/\/www.europesays.com\/fr\/wp-json\/wp\/v2\/tags?post=579307"}],"curies":[{"name":"wp","href":"https:\/\/api.w.org\/{rel}","templated":true}]}}