{"id":579309,"date":"2025-12-05T06:57:10","date_gmt":"2025-12-05T06:57:10","guid":{"rendered":"https:\/\/www.europesays.com\/fr\/579309\/"},"modified":"2025-12-05T06:57:10","modified_gmt":"2025-12-05T06:57:10","slug":"lecornu-fait-adopter-in-extremis-une-hausse-de-la-csg-sur-le-capital-en-version-light-liberation","status":"publish","type":"post","link":"https:\/\/www.europesays.com\/fr\/579309\/","title":{"rendered":"Lecornu fait adopter in extremis une hausse de la CSG sur le capital en version light \u2013 Lib\u00e9ration"},"content":{"rendered":"<p class=\"sc-cPiKLX AiZTS text-element\">C\u2019\u00e9tait un des sujets les plus br\u00fblants et les plus controvers\u00e9s du projet de loi de finances de la S\u00e9curit\u00e9 sociale (PLFSS). Une version \u00e9dulcor\u00e9e de la hausse de la CSG sur les revenus du capital a finalement \u00e9t\u00e9 adopt\u00e9e par une large majorit\u00e9 (177 voix pour, 84 contre) ce jeudi 4 septembre \u00e0 23 heures \u00e0 l\u2019Assembl\u00e9e au terme d\u2019un d\u00e9bat sous tension. Il y a eu 92 abstentions, dont 19 issues du groupe des d\u00e9put\u00e9s LR, signe que<a href=\"https:\/\/www.liberation.fr\/politique\/budget-de-la-secu-lecornu-degaine-sa-note-surprise-puis-un-amendement-inattendu-20251204_MHRX3BDLB5DJBBIDICLJPX7XLQ\/\" target=\"_blank\" rel=\"noopener\" title=\"https:\/\/www.liberation.fr\/politique\/budget-de-la-secu-lecornu-degaine-sa-note-surprise-puis-un-amendement-inattendu-20251204_MHRX3BDLB5DJBBIDICLJPX7XLQ\/\"> l\u2019amendement, sorti du chapeau par le gouvernement <\/a>sur le coup des 20 heures, a permis de d\u00e9gager in extremis un compromis qui pourrait s\u2019av\u00e9rer d\u00e9cisif pour la suite des op\u00e9rations pour le PLFSS.<\/p>\n<p class=\"sc-cPiKLX AiZTS text-element\">Dans le d\u00e9tail, cette mesure baptis\u00e9e \u00abcontribution financi\u00e8re pour l\u2019autonomie\u00bb pr\u00e9voit une hausse \u00e0 10,6 % de cette CSG, qui sera fl\u00e9ch\u00e9e pour financer la d\u00e9pendance. Elle est toutefois maintenue au taux actuel de 9,2 % pour les revenus fonciers et plus-values immobili\u00e8res, les assurances vie, plans d\u2019\u00e9pargne logement (PEL), et plans d\u2019\u00e9pargne populaire (PEP). Son rendement est estim\u00e9 \u00e0 1,5 milliard d\u2019euros. De quoi \u00abs\u00e9curiser des recettes\u00bb et \u00abnous assurer que les classes moyennes ne soient pas impact\u00e9es\u00bb, selon Am\u00e9lie de Montchalin la ministre des Comptes publics.<\/p>\n<p class=\"sc-cPiKLX AiZTS text-element\">Une version all\u00e9g\u00e9e par rapport \u00e0 la proposition d\u00e9fendue par la gauche et adopt\u00e9e en premi\u00e8re lecture \u00e0 l\u2019Assembl\u00e9e qui souhaitait augmenter la CSG pour tous les revenus des capitaux, avec un rendement de 2,8 milliards d\u2019euros. Et ce au grand dam de la droite qui estimait que cette mesure frappait les \u00abpetits \u00e9pargnants\u00bb. Le gouvernement a donc trouv\u00e9 une voie de passage.<\/p>\n<p class=\"sc-cPiKLX AiZTS text-element\">Il a par ailleurs multipli\u00e9 les concessions, notamment en l\u00e2chant du lest sur les franchises m\u00e9dicales, un des sujets les plus irritants du PLFSS. La ministre des Comptes publics Am\u00e9lie de Montchalin a d\u00e9clar\u00e9 devant les d\u00e9put\u00e9s que le doublement des franchises m\u00e9dicales ne pouvait plus \u00ab\u00eatre inclus\u00bb dans \u00ables projections financi\u00e8res\u00bb de la s\u00e9cu pour l\u2019ann\u00e9e prochaine.<\/p>\n<p class=\"sc-cPiKLX AiZTS text-element\">\u00abIl y avait une proposition de doublement des franchises et des participations forfaitaires\u00bb, a rappel\u00e9 la ministre dans l\u2019h\u00e9micycle. \u00abLe gouvernement prend acte du fait que dans la majorit\u00e9 de ce pays, manifestement, cette proposition ne fait pas consensus et que donc elle ne peut \u00eatre incluse dans nos projections financi\u00e8res\u00bb, a-t-elle d\u00e9clar\u00e9.<\/p>\n<p class=\"sc-cPiKLX AiZTS text-element\">Les franchises m\u00e9dicales sont le reste \u00e0 charge pay\u00e9 par les patients, par exemple sur les bo\u00eetes de m\u00e9dicaments. Leur doublement devait rapporter 2,3 milliards d\u2019euros. R\u00e9sultat, le gouvernement a annonc\u00e9 que l\u2019objectif de d\u00e9penses d\u2019assurance maladie sera relev\u00e9 de + 2 % \u00e0 + 2,5 %.<\/p>\n","protected":false},"excerpt":{"rendered":"C\u2019\u00e9tait un des sujets les plus br\u00fblants et les plus controvers\u00e9s du projet de loi de finances de&hellip;\n","protected":false},"author":2,"featured_media":579310,"comment_status":"","ping_status":"","sticky":false,"template":"","format":"standard","meta":{"footnotes":""},"categories":[2],"tags":[11,25548,1011,27,12,25],"class_list":{"0":"post-579309","1":"post","2":"type-post","3":"status-publish","4":"format-standard","5":"has-post-thumbnail","7":"category-actualites","8":"tag-actualites","9":"tag-budget-public","10":"tag-fr","11":"tag-france","12":"tag-news","13":"tag-republique-francaise"},"share_on_mastodon":{"url":"https:\/\/pubeurope.com\/@fr\/115665662385905115","error":""},"_links":{"self":[{"href":"https:\/\/www.europesays.com\/fr\/wp-json\/wp\/v2\/posts\/579309","targetHints":{"allow":["GET"]}}],"collection":[{"href":"https:\/\/www.europesays.com\/fr\/wp-json\/wp\/v2\/posts"}],"about":[{"href":"https:\/\/www.europesays.com\/fr\/wp-json\/wp\/v2\/types\/post"}],"author":[{"embeddable":true,"href":"https:\/\/www.europesays.com\/fr\/wp-json\/wp\/v2\/users\/2"}],"replies":[{"embeddable":true,"href":"https:\/\/www.europesays.com\/fr\/wp-json\/wp\/v2\/comments?post=579309"}],"version-history":[{"count":0,"href":"https:\/\/www.europesays.com\/fr\/wp-json\/wp\/v2\/posts\/579309\/revisions"}],"wp:featuredmedia":[{"embeddable":true,"href":"https:\/\/www.europesays.com\/fr\/wp-json\/wp\/v2\/media\/579310"}],"wp:attachment":[{"href":"https:\/\/www.europesays.com\/fr\/wp-json\/wp\/v2\/media?parent=579309"}],"wp:term":[{"taxonomy":"category","embeddable":true,"href":"https:\/\/www.europesays.com\/fr\/wp-json\/wp\/v2\/categories?post=579309"},{"taxonomy":"post_tag","embeddable":true,"href":"https:\/\/www.europesays.com\/fr\/wp-json\/wp\/v2\/tags?post=579309"}],"curies":[{"name":"wp","href":"https:\/\/api.w.org\/{rel}","templated":true}]}}